{"id":19845,"date":"2025-03-23T09:26:07","date_gmt":"2025-03-23T13:26:07","guid":{"rendered":"https:\/\/noticiasveraces.com\/?p=19845"},"modified":"2025-03-23T09:26:07","modified_gmt":"2025-03-23T13:26:07","slug":"papa-francisco-dado-de-alta-del-hospital-proyecta-un-mensaje-que-condenan-el-bombardeo-israeli","status":"publish","type":"post","link":"https:\/\/noticiasveraces.com\/?p=19845","title":{"rendered":"Papa Francisco dado de alta del hospital, Proyecta un mensaje que condenan el bombardeo israel\u00ed"},"content":{"rendered":"<p> \n<\/p>\n<div>\n<div class=\"article-gating gated-overlay show-gate\">\n<div class=\"article-gating-wrapper\">\n<p>\u00danase a Fox News para acceder a este contenido<\/p>\n<p>Has alcanzado su n\u00famero m\u00e1ximo de art\u00edculos. Inicie sesi\u00f3n o cree una cuenta de forma gratuita para continuar leyendo.<\/p>\n<div class=\"article-gating-legal tablet-desktop\">Al ingresar su correo electr\u00f3nico y presionar continuar, usted acepta los t\u00e9rminos de uso y la pol\u00edtica de privacidad de Fox News, que incluye nuestro aviso de incentivo financiero.\n    <\/div>\n<p><span>Por favor, introduce una direcci\u00f3n de correo electr\u00f3nico v\u00e1lida.<\/span><\/p>\n<footer class=\"article-gating-footer\">\u00bfTiene problemas? Haga clic aqu\u00ed.<\/footer>\n<\/div>\n<\/div>\n<p class=\"speakable\">El Papa Francisco hizo su primera aparici\u00f3n p\u00fablica el domingo despu\u00e9s de pasar m\u00e1s de cinco semanas en el hospital, donde sobrevivi\u00f3 a un caso grave de neumon\u00eda que los m\u00e9dicos dijeron que dos veces amenaz\u00f3 la vida del l\u00edder de la Iglesia Cat\u00f3lica Romana.<\/p>\n<p class=\"speakable\">El pont\u00edfice de 88 a\u00f1os ofreci\u00f3 una bendici\u00f3n dominical del Hospital Gemelli de Roma. La emisora \u200b\u200bdel Vaticano tambi\u00e9n lee en ingl\u00e9s una declaraci\u00f3n del pont\u00edfice emitido por la Oficina de Prensa Santa Seg\u00fan. <\/p>\n<p>En \u00e9l, el Papa Francisco dijo que estaba \u00abentristecido por la reanudaci\u00f3n de los pesados \u200b\u200bbombardeos israel\u00edes en la franja de Gaza, causando muchas muertes y lesiones\u00bb. <\/p>\n<p>\u00abPido un parado inmediato de las armas y el coraje de reanudar el di\u00e1logo para que se puedan lanzar todos los rehenes, y alcanz\u00f3 un alto el fuego final\u00bb, escribi\u00f3 el pont\u00edfice. \u00abEn la Franja de Gaza, la situaci\u00f3n humanitaria es nuevamente muy grave y requiere un compromiso urgente de las partes conflictivas y la comunidad internacional\u00bb.<\/p>\n<p>El Papa dijo que estaba contento de que Armenia y Azerbaiy\u00e1n estuvieron de acuerdo en el texto final del Acuerdo de Paz, \u00aby espero que pueda firmarse lo antes posible y, por lo tanto, puede contribuir a establecer la paz duradera en las caucus del sur\u00bb.<\/p>\n<p><strong>El Papa Francisco fue dado de alta del hospital el domingo: M\u00e9dicos<\/strong><\/p>\n<div class=\"image-ct inline\">\n<div class=\"m\"><picture><source media=\"(max-width: 767px)\" srcset=\"https:\/\/a57.foxnews.com\/static.foxnews.com\/foxnews.com\/content\/uploads\/2025\/03\/343\/192\/2025-03-23t111240z_566453570_rc2yidavkbjk_rtrmadp_3_pope-francis-health.jpg?ve=1&amp;tl=1, https:\/\/a57.foxnews.com\/static.foxnews.com\/foxnews.com\/content\/uploads\/2025\/03\/686\/384\/2025-03-23t111240z_566453570_rc2yidavkbjk_rtrmadp_3_pope-francis-health.jpg?ve=1&amp;tl=1 2x\" height=\"192\" width=\"343\"><source media=\"(min-width: 768px) and (max-width: 1023px)\" srcset=\"https:\/\/a57.foxnews.com\/static.foxnews.com\/foxnews.com\/content\/uploads\/2025\/03\/672\/378\/2025-03-23t111240z_566453570_rc2yidavkbjk_rtrmadp_3_pope-francis-health.jpg?ve=1&amp;tl=1, https:\/\/a57.foxnews.com\/static.foxnews.com\/foxnews.com\/content\/uploads\/2025\/03\/1344\/756\/2025-03-23t111240z_566453570_rc2yidavkbjk_rtrmadp_3_pope-francis-health.jpg?ve=1&amp;tl=1 2x\" height=\"378\" width=\"672\"><source media=\"(min-width: 1024px) and (max-width: 1279px)\" srcset=\"https:\/\/a57.foxnews.com\/static.foxnews.com\/foxnews.com\/content\/uploads\/2025\/03\/931\/523\/2025-03-23t111240z_566453570_rc2yidavkbjk_rtrmadp_3_pope-francis-health.jpg?ve=1&amp;tl=1, https:\/\/a57.foxnews.com\/static.foxnews.com\/foxnews.com\/content\/uploads\/2025\/03\/1862\/1046\/2025-03-23t111240z_566453570_rc2yidavkbjk_rtrmadp_3_pope-francis-health.jpg?ve=1&amp;tl=1 2x\" height=\"523\" width=\"931\"><source media=\"(min-width: 1280px)\" srcset=\"https:\/\/a57.foxnews.com\/static.foxnews.com\/foxnews.com\/content\/uploads\/2025\/03\/720\/405\/2025-03-23t111240z_566453570_rc2yidavkbjk_rtrmadp_3_pope-francis-health.jpg?ve=1&amp;tl=1, https:\/\/a57.foxnews.com\/static.foxnews.com\/foxnews.com\/content\/uploads\/2025\/03\/1440\/810\/2025-03-23t111240z_566453570_rc2yidavkbjk_rtrmadp_3_pope-francis-health.jpg?ve=1&amp;tl=1 2x\" height=\"405\" width=\"720\"><img loading=\"lazy\" decoding=\"async\" src=\"https:\/\/a57.foxnews.com\/static.foxnews.com\/foxnews.com\/content\/uploads\/2025\/03\/1200\/675\/2025-03-23t111240z_566453570_rc2yidavkbjk_rtrmadp_3_pope-francis-health.jpg?ve=1&amp;tl=1\" alt=\"El Papa Francisco aparece desde el balc\u00f3n del hospital\" width=\"1200\" height=\"675\"\/><\/source><\/source><\/source><\/source><\/picture><\/div>\n<div class=\"info\">\n<div class=\"caption\">\n<p><span>El Papa Francisco hace un gesto durante su primera aparici\u00f3n p\u00fablica en cinco semanas, el d\u00eda en que ser\u00e1 dado de alta del Hospital Gemelli, en Roma, Italia, el 23 de marzo de 2025. <\/span> <span>(Reuters\/Yara Nardi)<\/span><\/p>\n<\/div>\n<\/div>\n<\/div>\n<p>\u00abContin\u00faas orando por m\u00ed con gran paciencia y perseverancia. Muchas gracias. Yo tambi\u00e9n rezo por ti. Y juntos rezamos por el fin de las guerras y por la paz, especialmente en Ucrania atormentada, Palestina, Israel, L\u00edbano, Myanmar, Sud\u00e1n y la Rep\u00fablica Democr\u00e1tica del Congo\u00bb, escribi\u00f3 Francis. \u00abQue la Virgen Mar\u00eda lo mantenga y contin\u00fae acompa\u00f1\u00e1ndonos en nuestro viaje hacia la Pascua\u00bb.<\/p>\n<p>Una gran multitud se reuni\u00f3 en la Piazza de entrada principal del Hospital Gemelli, incluidos los pacientes que llevaban afuera para verlo en persona. El Papa, sentado en una silla de ruedas, onde\u00f3 desde el balc\u00f3n y sonri\u00f3. <\/p>\n<p>El Papa habl\u00f3 brevemente de un micr\u00f3fono, reconociendo a una mujer en la multitud que le sostuvo flores amarillas para \u00e9l. Los m\u00e9dicos han dicho que su voz se ha debilitado por su enfermedad. <\/p>\n<p>El Santo Padre dio un pulgar hacia arriba e hizo la se\u00f1al de la cruz a la multitud. Posteriormente, Francis fue dado de alta del hospital y regresar\u00e1 al Vaticano para comenzar al menos dos meses de descanso, rehabilitaci\u00f3n y convalecencia. <\/p>\n<p>Su alta se produce despu\u00e9s de 38 d\u00edas de altibajos m\u00e9dicos que plantearon la posibilidad de una renuncia papal o funeral. <\/p>\n<p>Francis comenz\u00f3 su mensaje escrito dici\u00e9ndole a los fieles que la par\u00e1bola en el evangelio de este domingo \u00abnos cuenta sobre la paciencia de Dios, que nos insta a hacer de nuestra vida un momento de conversi\u00f3n\u00bb. <\/p>\n<p>\u00abJes\u00fas usa la imagen de un \u00e1rbol frutal est\u00e9ril que no ha nacido la fruta anticipada y que, sin embargo, el agricultor no quiere reducir. Quiere fertilizarlo nuevamente, ya que puede dar fruto en el futuro, y este agricultor paciente es el Se\u00f1or que trabaja el suelo de nuestras vidas con cuidado y espera con confianza para nuestro regreso a \u00e9l\u00bb, escribi\u00f3 el Pope. \u00abEn este largo per\u00edodo de mi hospitalizaci\u00f3n, tuve la oportunidad de experimentar la paciencia del Se\u00f1or, que tambi\u00e9n veo reflejada en el cuidado incansable de los m\u00e9dicos y los trabajadores de la salud, as\u00ed como en el cuidado y las esperanzas de los familiares de los enfermos. Esta paciencia confiada anclada en el amor inquebrantable de Dios es realmente necesario en nuestras vidas, especialmente cuando enfrenta las situaciones m\u00e1s dif\u00edciles y dolorosas\u00bb. <\/p>\n<p>Los m\u00e9dicos, que anunciaron su lanzamiento planeado en una conferencia de prensa del s\u00e1bado por la noche, han dicho que el Santo Padre deber\u00eda abstenerse de reunirse con grandes grupos de personas o ejercerse a s\u00ed mismo, pero que eventualmente deber\u00eda poder reanudar todas sus actividades normales. Fue la hospitalizaci\u00f3n m\u00e1s larga de Francis de su papado de 12 a\u00f1os y el segundo m\u00e1s largo en la historia papal reciente. <\/p>\n<p><strong><u>Rey Carlos III para conocer al Papa Francisco durante la visita al Vaticano el pr\u00f3ximo mes<\/u><\/strong><\/p>\n<p>En el Vaticano, el tercer domingo de la temporada de Cuaresma en espera de Pascua, los peregrinos acudieron en masa como lo han hecho todo el a\u00f1o a la Bas\u00edlica de San Pedro para participar en el A\u00f1o Santo 2025. Enjambraron la Plaza de San Pedro y progresaron por la puerta santa en grupos, mientras que las grandes pantallas de televisi\u00f3n en la plaza se encendieron para transmitir el saludo del hospital de Francis en vivo. <\/p>\n<p>No se han hecho arreglos especiales en el Domus Santa Marta, el hotel del Vaticano al lado de la Bas\u00edlica, donde Francis vive en una suite de dos habitaciones en el segundo piso, seg\u00fan la AP. Francis tendr\u00e1 acceso a ox\u00edgeno suplementario y atenci\u00f3n m\u00e9dica de 24 horas seg\u00fan sea necesario, aunque su m\u00e9dico personal, el Dr. Luigi Carbone, dijo que esperaba que Francis necesitara cada vez menos asistencia respirando a medida que sus pulmones se recuperan.<\/p>\n<p>Si bien la infecci\u00f3n por neumon\u00eda se ha tratado con \u00e9xito, Francis continuar\u00e1 tomando medicamentos orales durante bastante tiempo para tratar la infecci\u00f3n f\u00fangica en sus pulmones y continuar\u00e1 su fisioterapia respiratoria y f\u00edsica.<\/p>\n<p>\u00abDurante tres o cuatro d\u00edas ha estado preguntando cu\u00e1ndo puede irse a casa, por lo que est\u00e1 muy feliz\u00bb, dijo Carbone.<\/p>\n<p>El Dr. Sergio Alfieri, el jefe m\u00e9dico y quir\u00fargico de Gemelli que coordin\u00f3 el equipo m\u00e9dico de Francis, enfatiz\u00f3 que no todos los pacientes que desarrollan un caso tan grave de doble neumon\u00eda sobreviven, mucho menos se liberan del hospital. Dijo que la vida de Francis estaba en riesgo dos veces, durante las dos crisis respiratorias agudas, y que el Papa en ese momento comprensiblemente perdi\u00f3 su t\u00edpico sentido del humor. <\/p>\n<p>\u00abPero una ma\u00f1ana fuimos a escuchar sus pulmones y le preguntamos c\u00f3mo estaba. Cuando respondi\u00f3: &#8216;Todav\u00eda estoy vivo&#8217;, sab\u00edamos que estaba bien y que hab\u00eda recuperado su buen humor\u00bb, dijo.<\/p>\n<div class=\"image-ct inline\">\n<div class=\"m\"><picture><source media=\"(max-width: 767px)\" srcset=\"https:\/\/a57.foxnews.com\/static.foxnews.com\/foxnews.com\/content\/uploads\/2025\/03\/343\/192\/ap25082412415982.jpg?ve=1&amp;tl=1, https:\/\/a57.foxnews.com\/static.foxnews.com\/foxnews.com\/content\/uploads\/2025\/03\/686\/384\/ap25082412415982.jpg?ve=1&amp;tl=1 2x\" height=\"192\" width=\"343\"><source media=\"(min-width: 768px) and (max-width: 1023px)\" srcset=\"https:\/\/a57.foxnews.com\/static.foxnews.com\/foxnews.com\/content\/uploads\/2025\/03\/672\/378\/ap25082412415982.jpg?ve=1&amp;tl=1, https:\/\/a57.foxnews.com\/static.foxnews.com\/foxnews.com\/content\/uploads\/2025\/03\/1344\/756\/ap25082412415982.jpg?ve=1&amp;tl=1 2x\" height=\"378\" width=\"672\"><source media=\"(min-width: 1024px) and (max-width: 1279px)\" srcset=\"https:\/\/a57.foxnews.com\/static.foxnews.com\/foxnews.com\/content\/uploads\/2025\/03\/931\/523\/ap25082412415982.jpg?ve=1&amp;tl=1, https:\/\/a57.foxnews.com\/static.foxnews.com\/foxnews.com\/content\/uploads\/2025\/03\/1862\/1046\/ap25082412415982.jpg?ve=1&amp;tl=1 2x\" height=\"523\" width=\"931\"><source media=\"(min-width: 1280px)\" srcset=\"https:\/\/a57.foxnews.com\/static.foxnews.com\/foxnews.com\/content\/uploads\/2025\/03\/720\/405\/ap25082412415982.jpg?ve=1&amp;tl=1, https:\/\/a57.foxnews.com\/static.foxnews.com\/foxnews.com\/content\/uploads\/2025\/03\/1440\/810\/ap25082412415982.jpg?ve=1&amp;tl=1 2x\" height=\"405\" width=\"720\"><img loading=\"lazy\" decoding=\"async\" src=\"https:\/\/a57.foxnews.com\/static.foxnews.com\/foxnews.com\/content\/uploads\/2025\/03\/1200\/675\/ap25082412415982.jpg?ve=1&amp;tl=1\" alt=\"Apariencia del Papa Francisco transmitido en la pantalla en St. Peter's Square\" width=\"1200\" height=\"675\"\/><\/source><\/source><\/source><\/source><\/picture><\/div>\n<div class=\"info\">\n<div class=\"caption\">\n<p><span>Los fieles y los peregrinos se re\u00fanen en la Plaza de San Pedro en el Vaticano para seguir en las pantallas gigantes una transmisi\u00f3n en vivo del Agostino Gemelli Polyclinic de Roma, domingo 23 de marzo de 2025, donde el Papa Francisco hizo su primera aparici\u00f3n p\u00fablica desde el 14 de febrero. <\/span> <span>(Photo AP\/Gregorio Borgia)<\/span><\/p>\n<\/div>\n<\/div>\n<\/div>\n<p>El Santo Padre nunca fue intubado y nunca perdi\u00f3 la conciencia, dijo Alfieri.<\/p>\n<p>Alfieri confirm\u00f3 que Francis todav\u00eda estaba teniendo problemas para hablar debido al da\u00f1o a sus pulmones y a los m\u00fasculos respiratorios. Pero dijo que tales problemas eran normales, especialmente en pacientes mayores, y predijo que su voz eventualmente volver\u00eda a la normalidad.<\/p>\n<p>El portavoz del Vaticano, Matteo Bruni, se neg\u00f3 a confirmar los pr\u00f3ximos eventos, incluida una audiencia programada el 8 de abril con la participaci\u00f3n del rey Carlos III o Francis en los servicios de Pascua a fin de mes. Pero Carbone dijo que esperaba que Francis estuviera lo suficientemente bien como para viajar a Turqu\u00eda a fines de mayo para participar en un importante aniversario ecum\u00e9nico.<\/p>\n<p>Francis tambi\u00e9n est\u00e1 regresando al Vaticano en medio de un a\u00f1o santo, la celebraci\u00f3n de un siglo de cada uno que lleva m\u00e1s de 30 millones de peregrinos a Roma este a\u00f1o. El Papa ya se ha perdido varios audiencias del Jubileo y presumiblemente perder\u00e1 varios m\u00e1s, pero los funcionarios del Vaticano dicen que su ausencia no ha afectado significativamente el n\u00famero de peregrinos esperados que llegan.<\/p>\n<p><strong><u>Haga clic aqu\u00ed para obtener la aplicaci\u00f3n Fox News<\/u><\/strong><\/p>\n<p>Solo San Juan Pablo II registr\u00f3 una hospitalizaci\u00f3n m\u00e1s larga en 1981, cuando pas\u00f3 55 d\u00edas en Gemelli para una cirug\u00eda menor y el tratamiento de una infecci\u00f3n.<\/p>\n<p><i>Associated Press contribuy\u00f3 a este informe.<\/i><\/p>\n<\/div>\n\n","protected":false},"excerpt":{"rendered":"<p>\u00danase a Fox News para acceder a este contenido Has alcanzado su n\u00famero m\u00e1ximo de art\u00edculos. Inicie sesi\u00f3n o cree una cuenta de forma gratuita para continuar leyendo. Al ingresar su correo electr\u00f3nico y presionar continuar, usted acepta los t\u00e9rminos de uso y la pol\u00edtica de privacidad de Fox News, que incluye nuestro aviso de &hellip;<\/p>\n","protected":false},"author":1,"featured_media":19847,"comment_status":"open","ping_status":"open","sticky":false,"template":"","format":"standard","meta":{"fifu_image_url":"https:\/\/static.foxnews.com\/foxnews.com\/content\/uploads\/2025\/03\/2025-03-23t111240z_566453570_rc2yidavkbjk_rtrmadp_3_pope-francis-health.jpg","fifu_image_alt":"","footnotes":""},"categories":[13],"tags":[],"class_list":["post-19845","post","type-post","status-publish","format-standard","has-post-thumbnail","","category-mundo"],"_links":{"self":[{"href":"https:\/\/noticiasveraces.com\/index.php?rest_route=\/wp\/v2\/posts\/19845","targetHints":{"allow":["GET"]}}],"collection":[{"href":"https:\/\/noticiasveraces.com\/index.php?rest_route=\/wp\/v2\/posts"}],"about":[{"href":"https:\/\/noticiasveraces.com\/index.php?rest_route=\/wp\/v2\/types\/post"}],"author":[{"embeddable":true,"href":"https:\/\/noticiasveraces.com\/index.php?rest_route=\/wp\/v2\/users\/1"}],"replies":[{"embeddable":true,"href":"https:\/\/noticiasveraces.com\/index.php?rest_route=%2Fwp%2Fv2%2Fcomments&post=19845"}],"version-history":[{"count":0,"href":"https:\/\/noticiasveraces.com\/index.php?rest_route=\/wp\/v2\/posts\/19845\/revisions"}],"wp:featuredmedia":[{"embeddable":true,"href":"https:\/\/noticiasveraces.com\/index.php?rest_route=\/wp\/v2\/media\/19847"}],"wp:attachment":[{"href":"https:\/\/noticiasveraces.com\/index.php?rest_route=%2Fwp%2Fv2%2Fmedia&parent=19845"}],"wp:term":[{"taxonomy":"category","embeddable":true,"href":"https:\/\/noticiasveraces.com\/index.php?rest_route=%2Fwp%2Fv2%2Fcategories&post=19845"},{"taxonomy":"post_tag","embeddable":true,"href":"https:\/\/noticiasveraces.com\/index.php?rest_route=%2Fwp%2Fv2%2Ftags&post=19845"}],"curies":[{"name":"wp","href":"https:\/\/api.w.org\/{rel}","templated":true}]}}