{"id":19840,"date":"2025-03-23T07:23:51","date_gmt":"2025-03-23T11:23:51","guid":{"rendered":"https:\/\/noticiasveraces.com\/?p=19840"},"modified":"2025-03-23T07:23:51","modified_gmt":"2025-03-23T11:23:51","slug":"prision-preventiva-para-el-alcalde-de-estambul-dw-23-03-2025","status":"publish","type":"post","link":"https:\/\/noticiasveraces.com\/?p=19840","title":{"rendered":"Prisi\u00f3n preventiva para el alcalde de Estambul \u2013 DW \u2013 23\/03\/2025"},"content":{"rendered":"<p> \n<\/p>\n<div>\n<p>Un tribunal de Estambul ha impuesto este domingo (23.03.2025) prisi\u00f3n preventiva al alcalde de Estambul, Ekrem Imamoglu, l\u00edder socialdem\u00f3crata y principal rival pol\u00edtico del presidente de Turqu\u00eda, Recep Tayyip Erdogan, y cuya detenci\u00f3n el pasado mi\u00e9rcoles ha desatado una masiva ola de protestas en todo el pa\u00eds. El tribunal, que accede as\u00ed a la petici\u00f3n de la fiscal\u00eda, orden\u00f3 tambi\u00e9n el encarcelamiento de otros acusados en el mismo caso, incluido uno de sus asesores m\u00e1s cercanos, seg\u00fan los medios turcos.<\/p>\n<p>El dictamen se refiere a la acusaci\u00f3n de corrupci\u00f3n y sobornos, una de las dos causas judiciales abiertas contra Imamoglu, mientras que los jueces decidieron no imponer medidas en el juicio por presunta colaboraci\u00f3n con un grupo terrorista, en referencia a la guerrilla kurda. Imamoglu fue llevado el s\u00e1bado por la noche junto a 90 de sus coacusados ante el tribunal de Caglayan en Estambul, protegido por un amplio operativo policial.<\/p>\n<p>Imamoglu, alcalde de Estambul, de 53 a\u00f1os, dijo el s\u00e1bado a la polic\u00eda que las acusaciones de corrupci\u00f3n y terrorismo en su contra son \u00abinmorales y sin fundamento\u00bb. Miles de personas protestaron hasta tarde contra su detenci\u00f3n por cuarta noche consecutiva frente a la alcald\u00eda de la ciudad.<\/p>\n<figure class=\"placeholder-image master_landscape big\"><img data-format=\"MASTER_LANDSCAPE\" data-id=\"72009692\" data-url=\"https:\/\/static.dw.com\/image\/72009692_${formatId}.jpeg\" data-aspect-ratio=\"16\/9\" alt=\"El acompa\u00f1ante de Dilek Imamoglu introduce sonriente su papeleta en una urna en un centro de votaci\u00f3n del CHP establecido para elegir su candidato presidencial, con la \u00fanica postulaci\u00f3n de Ekrem Imamoglu, este domingo por la ma\u00f1ana. \" style=\"padding-bottom: 56.25%; height: 0; max-height: 0;\"\/><figcaption class=\"img-caption\">La esposa de Ekrem Imamoglu, Dilek Imamoglu, participa en las primeras del CHP.<small class=\"copyright\">Imagen: ANKA<\/small><\/figcaption><\/figure>\n<h2>Primarias hoy en apoyo a Imamoglu<\/h2>\n<p>Su partido, el Partido Republicano del Pueblo (CHP, socialdem\u00f3crata), la principal fuerza opositora, que hab\u00eda anunciado, adem\u00e1s, que iba a presentar a Imamoglu como su candidato presidencial, denunci\u00f3 \u00abun golpe de Estado pol\u00edtico\u00bb. Las elecciones en Turqu\u00eda est\u00e1n previstas para 2028, aunque la oposici\u00f3n reclama que se adelanten. El CHP ha organizado este domingo unas primarias para mostrar su apoyo a Imamoglu.<\/p>\n<p>La detenci\u00f3n del alcalde, el mi\u00e9rcoles por la ma\u00f1ana, suscit\u00f3 enormes protestas no s\u00f3lo en Estambul, sino tambi\u00e9n en numerosas otras ciudades, con al menos cientos de miles de personas manifest\u00e1ndose contra lo que consideran un juicio pol\u00edtico para eliminar a un rival de Erdogan y con m\u00e1s de trescientos detenidos.<\/p>\n<p>En un intento por evitar disturbios, la gobernaci\u00f3n de Estambul extendi\u00f3 la prohibici\u00f3n de reuniones hasta el mi\u00e9rcoles por la noche y anunci\u00f3 restricciones para ingresar a la ciudad para todas aquellas personas que probablemente participen en manifestaciones, sin especificar c\u00f3mo implementar\u00eda esta medida.<\/p>\n<p>LGC (EFE, AFP)<\/p>\n<figure class=\"placeholder-image master_landscape big\"><img data-format=\"MASTER_LANDSCAPE\" data-id=\"72009758\" data-url=\"https:\/\/static.dw.com\/image\/72009758_${formatId}.jpg\" data-aspect-ratio=\"16\/9\" alt=\"La polic\u00eda antimotines usa espray lacrim\u00f3geno contra los manifestantes para dispersarlos durante las protestas en Estambul la pasada noche.\" style=\"padding-bottom: 56.25%; height: 0; max-height: 0;\"\/><figcaption class=\"img-caption\">Imagen de las protestas durante la noche en Estambul.<small class=\"copyright\">Imagen: Murad Sezer\/REUTERS<\/small><\/figcaption><\/figure>\n<\/div>\n\n","protected":false},"excerpt":{"rendered":"<p>Un tribunal de Estambul ha impuesto este domingo (23.03.2025) prisi\u00f3n preventiva al alcalde de Estambul, Ekrem Imamoglu, l\u00edder socialdem\u00f3crata y principal rival pol\u00edtico del presidente de Turqu\u00eda, Recep Tayyip Erdogan, y cuya detenci\u00f3n el pasado mi\u00e9rcoles ha desatado una masiva ola de protestas en todo el pa\u00eds. El tribunal, que accede as\u00ed a la petici\u00f3n &hellip;<\/p>\n","protected":false},"author":1,"featured_media":19841,"comment_status":"open","ping_status":"open","sticky":false,"template":"","format":"standard","meta":{"fifu_image_url":"https:\/\/static.dw.com\/image\/72009405_6.jpg","fifu_image_alt":"","footnotes":""},"categories":[13],"tags":[],"class_list":["post-19840","post","type-post","status-publish","format-standard","has-post-thumbnail","","category-mundo"],"_links":{"self":[{"href":"https:\/\/noticiasveraces.com\/index.php?rest_route=\/wp\/v2\/posts\/19840","targetHints":{"allow":["GET"]}}],"collection":[{"href":"https:\/\/noticiasveraces.com\/index.php?rest_route=\/wp\/v2\/posts"}],"about":[{"href":"https:\/\/noticiasveraces.com\/index.php?rest_route=\/wp\/v2\/types\/post"}],"author":[{"embeddable":true,"href":"https:\/\/noticiasveraces.com\/index.php?rest_route=\/wp\/v2\/users\/1"}],"replies":[{"embeddable":true,"href":"https:\/\/noticiasveraces.com\/index.php?rest_route=%2Fwp%2Fv2%2Fcomments&post=19840"}],"version-history":[{"count":0,"href":"https:\/\/noticiasveraces.com\/index.php?rest_route=\/wp\/v2\/posts\/19840\/revisions"}],"wp:featuredmedia":[{"embeddable":true,"href":"https:\/\/noticiasveraces.com\/index.php?rest_route=\/wp\/v2\/media\/19841"}],"wp:attachment":[{"href":"https:\/\/noticiasveraces.com\/index.php?rest_route=%2Fwp%2Fv2%2Fmedia&parent=19840"}],"wp:term":[{"taxonomy":"category","embeddable":true,"href":"https:\/\/noticiasveraces.com\/index.php?rest_route=%2Fwp%2Fv2%2Fcategories&post=19840"},{"taxonomy":"post_tag","embeddable":true,"href":"https:\/\/noticiasveraces.com\/index.php?rest_route=%2Fwp%2Fv2%2Ftags&post=19840"}],"curies":[{"name":"wp","href":"https:\/\/api.w.org\/{rel}","templated":true}]}}