{"id":19825,"date":"2025-03-23T04:16:55","date_gmt":"2025-03-23T08:16:55","guid":{"rendered":"https:\/\/noticiasveraces.com\/?p=19825"},"modified":"2025-03-23T04:16:55","modified_gmt":"2025-03-23T08:16:55","slug":"el-racismo-en-alemania-es-algo-cotidiano-dw-23-03-2025","status":"publish","type":"post","link":"https:\/\/noticiasveraces.com\/?p=19825","title":{"rendered":"El racismo en Alemania es algo cotidiano \u2013 DW \u2013 23\/03\/2025"},"content":{"rendered":"<p> \n<\/p>\n<div>\n<p>Fatma trabaja como cuidadora de p\u00e1rvulo en Berl\u00edn. Su relaci\u00f3n con el racismo empieza por la ma\u00f1ana, cuando va en coche al trabajo.\u00a0\u00abLos otros conductores me miran, escrut\u00e1ndome\u00bb. Viste a la moda y lleva un pa\u00f1uelo en la cabeza.\u00a0Fatma dice que termin\u00f3 su formaci\u00f3n con una nota muy buena. Pero todav\u00eda no le resulta f\u00e1cil conseguir trabajo. Y eso que se necesitan urgentemente educadoras de p\u00e1rvulos, en Berl\u00edn y en toda Alemania. Siente que el pa\u00f1uelo la pone en desventaja. \u00abMe pesa\u00bb, dice.<\/p>\n<p>Hanna tambi\u00e9n vive en Berl\u00edn. \u00abNo me atrevo a entrar en ciertos barrios\u00bb, cuenta. Cuando viaja en metro con sus hijos recibe regularmente \u00abcomentarios est\u00fapidos\u00bb, como ella dice. Por sus hijos y\u00a0por su pelo oscuro. \u00abLa gente dice que deber\u00eda volver a mi pa\u00eds\u00bb. Se nota cu\u00e1nto le duele esta hostilidad. Sobre todo cuando ocurre delante de sus hijos.<\/p>\n<h2>Las experiencias de racismo no son casualidad<\/h2>\n<p>\u00abLas experiencias de discriminaci\u00f3n no ocurren por casualidad, sino que suelen basarse en atribuciones racistas\u00bb, explica Aylin Mengi, del Centro Alem\u00e1n de Investigaci\u00f3n sobre Integraci\u00f3n y Migraci\u00f3n. Es coautora del Racism Monitor, publicado por el propio Centro.<\/p>\n<p>Los investigadores entrevistaron a casi 10.000 personas en todo el pa\u00eds. Es una de las encuestas m\u00e1s completas sobre racismo y discriminaci\u00f3n en Alemania.<\/p>\n<p>Los resultados del informe actual, de marzo de 2025, muestran que las personas que son consideradas por los dem\u00e1s como inmigrantes o musulmanas se ven especialmente afectadas, independientemente de si realmente lo son o no. Algunos porque llevan un pa\u00f1uelo en la cabeza, como Fatma, o por el color de su piel, o\u00a0porque, como Hanna, tienen el pelo oscuro. Seg\u00fan el estudio, m\u00e1s de la mitad de las personas v\u00edctimas de racismo sufren experiencias de discriminaci\u00f3n cotidiana\u00a0al menos una vez al mes.<\/p>\n<figure class=\"placeholder-image master_landscape big\"><img data-format=\"MASTER_LANDSCAPE\" data-id=\"61694239\" data-url=\"https:\/\/static.dw.com\/image\/61694239_${formatId}.jpg\" data-aspect-ratio=\"16\/9\" alt=\"Naika Foroutan, directora del Centro Alem\u00e1n de Investigaci\u00f3n sobre Integraci\u00f3n y Migraci\u00f3n, durante la presentaci\u00f3n de un informe en una imagen de archivo.\" style=\"padding-bottom: 56.25%; height: 0; max-height: 0;\"\/><figcaption class=\"img-caption\">Naika Foroutan, directora del Centro Alem\u00e1n de Investigaci\u00f3n sobre Integraci\u00f3n y Migraci\u00f3n.<small class=\"copyright\">Imagen: Frederic Kern\/Geisler-Fotopress\/Picture Alliance<\/small><\/figcaption><\/figure>\n<h2>\u00abEl racismo es cada vez m\u00e1s sutil\u00bb<\/h2>\n<p>Las mujeres musulmanas y las personas de raza negra se ven especialmente afectadas: Seg\u00fan las conclusiones del informe, m\u00e1s del 60 % de ellas han sufrido discriminaci\u00f3n regularmente en su vida cotidiana.<\/p>\n<p>\u00abVemos que las experiencias de discriminaci\u00f3n est\u00e1n desigualmente distribuidas en la sociedad alemana\u00bb, explica Cihan Sinano\u011flu en\u00a0entrevista con DW. \u00abVemos que el racismo en Alemania es cada vez m\u00e1s sutil y se adapta a las normas sociales\u00bb, dice el director del Observatorio del Racismo. La actitud que afirma que las minor\u00edas \u00e9tnicas y religiosas plantean demasiadas exigencias pol\u00edticas sigue estando muy extendida en la sociedad mayoritaria, resume Sinano\u011flu. \u00abEsto demuestra que a determinados grupos sociales se les siguen negando derechos pol\u00edticos\u00bb.<\/p>\n<p>En Alemania, las personas que han sufrido discriminaci\u00f3n se encuentran con una sociedad mayoritaria en la que el racismo es parte integrante: \u00abM\u00e1s de una quinta parte de la poblaci\u00f3n alemana en su conjunto tiene actitudes racistas arraigadas\u00bb, explica Cihan Sinano\u011flu.<\/p>\n<p><span data-slot-id=\"Article_InContent-1\" class=\"rich-text-ad\"\/><\/p>\n<h2>El racismo provoca estr\u00e9s psicol\u00f3gico<\/h2>\n<p>Experimentar prejuicios y marginaci\u00f3n tiene consecuencias de largo alcance, explica el responsable del estudio en relaci\u00f3n con los resultados. \u00abLos trastornos de ansiedad y depresi\u00f3n aumentan cuantas m\u00e1s experiencias de discriminaci\u00f3n y racismo tengo. Y la confianza en las instituciones sociales disminuye cuanto mayor es el alcance de las experiencias de discriminaci\u00f3n\u00bb.<\/p>\n<p>Los autores del estudio critican el hecho de que el racismo social sea dejado de lado con demasiada frecuencia por los partidos pol\u00edticos en Alemania como una cuesti\u00f3n minoritaria. \u00abVivimos en una sociedad posmigrante. Una de cada tres familias alemanas tiene relaciones con inmigrantes\u00bb, analiza Naika Foroutan, directora del centro de investigaci\u00f3n\u00a0en la presentaci\u00f3n del informe. \u00abLas experiencias discriminatorias no se quedan s\u00f3lo en los individuos afectados, sino que afectan a un amplio sector de la sociedad\u00bb.<\/p>\n<p>En el debate sobre el racismo en Alemania, sin embargo, hay una constataci\u00f3n que se pasa por alto con demasiada frecuencia, dice Naika Foroutan: \u00abHay una amplia mayor\u00eda que est\u00e1 contra el racismo en Alemania. La gente quiere aprender. Y no\u00a0se cansan de informarse sobre el racismo\u00bb.<\/p>\n<p>La Comisaria Federal de Lucha contra la Discriminaci\u00f3n, Ferda Ataman, considera que los resultados son un claro mandato para los pol\u00edticos. \u00abEn Alemania las leyes contra la discriminaci\u00f3n son muy d\u00e9biles. El estudio muestra claramente que hay que proteger mejor a las personas\u00bb, exige Ataman en entrevista con DW.<\/p>\n<p>(MN\/LGC)<\/p>\n<\/div>\n\n","protected":false},"excerpt":{"rendered":"<p>Fatma trabaja como cuidadora de p\u00e1rvulo en Berl\u00edn. Su relaci\u00f3n con el racismo empieza por la ma\u00f1ana, cuando va en coche al trabajo.\u00a0\u00abLos otros conductores me miran, escrut\u00e1ndome\u00bb. Viste a la moda y lleva un pa\u00f1uelo en la cabeza.\u00a0Fatma dice que termin\u00f3 su formaci\u00f3n con una nota muy buena. Pero todav\u00eda no le resulta f\u00e1cil &hellip;<\/p>\n","protected":false},"author":1,"featured_media":19826,"comment_status":"open","ping_status":"open","sticky":false,"template":"","format":"standard","meta":{"fifu_image_url":"https:\/\/static.dw.com\/image\/69866590_6.jpg","fifu_image_alt":"","footnotes":""},"categories":[13],"tags":[],"class_list":["post-19825","post","type-post","status-publish","format-standard","has-post-thumbnail","","category-mundo"],"_links":{"self":[{"href":"https:\/\/noticiasveraces.com\/index.php?rest_route=\/wp\/v2\/posts\/19825","targetHints":{"allow":["GET"]}}],"collection":[{"href":"https:\/\/noticiasveraces.com\/index.php?rest_route=\/wp\/v2\/posts"}],"about":[{"href":"https:\/\/noticiasveraces.com\/index.php?rest_route=\/wp\/v2\/types\/post"}],"author":[{"embeddable":true,"href":"https:\/\/noticiasveraces.com\/index.php?rest_route=\/wp\/v2\/users\/1"}],"replies":[{"embeddable":true,"href":"https:\/\/noticiasveraces.com\/index.php?rest_route=%2Fwp%2Fv2%2Fcomments&post=19825"}],"version-history":[{"count":0,"href":"https:\/\/noticiasveraces.com\/index.php?rest_route=\/wp\/v2\/posts\/19825\/revisions"}],"wp:featuredmedia":[{"embeddable":true,"href":"https:\/\/noticiasveraces.com\/index.php?rest_route=\/wp\/v2\/media\/19826"}],"wp:attachment":[{"href":"https:\/\/noticiasveraces.com\/index.php?rest_route=%2Fwp%2Fv2%2Fmedia&parent=19825"}],"wp:term":[{"taxonomy":"category","embeddable":true,"href":"https:\/\/noticiasveraces.com\/index.php?rest_route=%2Fwp%2Fv2%2Fcategories&post=19825"},{"taxonomy":"post_tag","embeddable":true,"href":"https:\/\/noticiasveraces.com\/index.php?rest_route=%2Fwp%2Fv2%2Ftags&post=19825"}],"curies":[{"name":"wp","href":"https:\/\/api.w.org\/{rel}","templated":true}]}}