{"id":19810,"date":"2025-03-23T03:15:22","date_gmt":"2025-03-23T07:15:22","guid":{"rendered":"https:\/\/noticiasveraces.com\/?p=19810"},"modified":"2025-03-23T03:15:22","modified_gmt":"2025-03-23T07:15:22","slug":"miles-de-personas-protestan-en-francia-contra-el-racismo-dw-22-03-2025","status":"publish","type":"post","link":"https:\/\/noticiasveraces.com\/?p=19810","title":{"rendered":"Miles de personas protestan en Francia contra el racismo \u2013 DW \u2013 22\/03\/2025"},"content":{"rendered":"<p> \n<\/p>\n<div>\n<p>Al menos 91.000 personas, seg\u00fan el Ministerio del Interior, protestaron este s\u00e1bado (22.03.2025) en Francia contra el racismo y la extrema derecha, algunas haciendo alusi\u00f3n al gobierno de Donald Trump en Estados Unidos y otras con banderas palestinas.<\/p>\n<p>El centenar de marchas convocadas en todo el pa\u00eds empezaron por la ma\u00f1ana en muchas peque\u00f1as ciudades. En Par\u00eds, la manifestaci\u00f3n comenz\u00f3 en la plaza de la Rep\u00fablica en direcci\u00f3n a la plaza de la Naci\u00f3n y, despu\u00e9s de atravesar la plaza de la Bastilla, comenzaron enfrentamientos entre grupos aislados y las fuerzas del orden, que hab\u00edan organizado un fuerte dispositivo de seguridad.<\/p>\n<p>Los antidisturbios utilizaron gases lacrim\u00f3genos en respuesta al lanzamiento de diversos objetos como proyectiles y a la destrucci\u00f3n de mobiliario urbano y de la quema, por ejemplo, de contenedores.<\/p>\n<p>En Marsella, la segunda ciudad del pa\u00eds y donde estuvo entre otros en cabeza de la marcha el l\u00edder de LFI, Jean-Luc M\u00e9lenchon, la Prefectura contabiliz\u00f3 3.300 personas. Mientras que en Lyon, seg\u00fan las fuerzas del orden, fueron 6.000.<\/p>\n<p>(Efe, AFP\/MN)<\/p>\n<\/p>\n<\/div>\n\n","protected":false},"excerpt":{"rendered":"<p>Al menos 91.000 personas, seg\u00fan el Ministerio del Interior, protestaron este s\u00e1bado (22.03.2025) en Francia contra el racismo y la extrema derecha, algunas haciendo alusi\u00f3n al gobierno de Donald Trump en Estados Unidos y otras con banderas palestinas. El centenar de marchas convocadas en todo el pa\u00eds empezaron por la ma\u00f1ana en muchas peque\u00f1as ciudades. &hellip;<\/p>\n","protected":false},"author":1,"featured_media":19811,"comment_status":"open","ping_status":"open","sticky":false,"template":"","format":"standard","meta":{"fifu_image_url":"https:\/\/static.dw.com\/image\/72008958_6.jpg","fifu_image_alt":"","footnotes":""},"categories":[13],"tags":[],"class_list":["post-19810","post","type-post","status-publish","format-standard","has-post-thumbnail","","category-mundo"],"_links":{"self":[{"href":"https:\/\/noticiasveraces.com\/index.php?rest_route=\/wp\/v2\/posts\/19810","targetHints":{"allow":["GET"]}}],"collection":[{"href":"https:\/\/noticiasveraces.com\/index.php?rest_route=\/wp\/v2\/posts"}],"about":[{"href":"https:\/\/noticiasveraces.com\/index.php?rest_route=\/wp\/v2\/types\/post"}],"author":[{"embeddable":true,"href":"https:\/\/noticiasveraces.com\/index.php?rest_route=\/wp\/v2\/users\/1"}],"replies":[{"embeddable":true,"href":"https:\/\/noticiasveraces.com\/index.php?rest_route=%2Fwp%2Fv2%2Fcomments&post=19810"}],"version-history":[{"count":0,"href":"https:\/\/noticiasveraces.com\/index.php?rest_route=\/wp\/v2\/posts\/19810\/revisions"}],"wp:featuredmedia":[{"embeddable":true,"href":"https:\/\/noticiasveraces.com\/index.php?rest_route=\/wp\/v2\/media\/19811"}],"wp:attachment":[{"href":"https:\/\/noticiasveraces.com\/index.php?rest_route=%2Fwp%2Fv2%2Fmedia&parent=19810"}],"wp:term":[{"taxonomy":"category","embeddable":true,"href":"https:\/\/noticiasveraces.com\/index.php?rest_route=%2Fwp%2Fv2%2Fcategories&post=19810"},{"taxonomy":"post_tag","embeddable":true,"href":"https:\/\/noticiasveraces.com\/index.php?rest_route=%2Fwp%2Fv2%2Ftags&post=19810"}],"curies":[{"name":"wp","href":"https:\/\/api.w.org\/{rel}","templated":true}]}}