{"id":19806,"date":"2025-03-23T01:09:23","date_gmt":"2025-03-23T05:09:23","guid":{"rendered":"https:\/\/noticiasveraces.com\/?p=19806"},"modified":"2025-03-23T01:09:23","modified_gmt":"2025-03-23T05:09:23","slug":"onu-aboga-por-los-sat-en-una-era-de-desastres-climaticos-dw-23-03-2025","status":"publish","type":"post","link":"https:\/\/noticiasveraces.com\/?p=19806","title":{"rendered":"ONU aboga por los SAT en \u00abuna era de desastres clim\u00e1ticos\u201d \u2013 DW \u2013 23\/03\/2025"},"content":{"rendered":"<p> \n<\/p>\n<div>\n<p>El secretario general de la ONU, Ant\u00f3nio Guterres, abog\u00f3 este s\u00e1bado (22.03.2025) por que, \u00aben una era de desastres clim\u00e1ticos\u00bb, los pa\u00edses implanten sistemas de alerta temprana (SAT) para disminuir los riesgos de fen\u00f3menos relacionados con el clima y, as\u00ed, salvar vidas.<\/p>\n<p>\u00abLas sombr\u00edas predicciones de los meteor\u00f3logos se est\u00e1n cumpliendo. Nuestro clima est\u00e1 al rojo vivo\u00bb, apunt\u00f3 el secretario, que destac\u00f3 que los efectos del cambio clim\u00e1tico se est\u00e1n manifestando en todos los pa\u00edses, \u00ababrasados por incendios, arrasados por inundaciones o azotados por tormentas sin precedentes\u00bb.<\/p>\n<p>En un mensaje con motivo del D\u00eda de la Meteorolog\u00eda, Guterres incidi\u00f3 en que, en esta nueva realidad clim\u00e1tica, los sistemas de alerta temprana no son un lujo sino art\u00edculos de primera necesidad y s\u00f3lidas inversiones.<\/p>\n<p>Pese a ello, casi la mitad de los pa\u00edses del mundo siguen sin tener acceso a esos sistemas que califica de vitales: \u00abEs vergonzoso que, en la era digital, se est\u00e9n perdiendo vidas y medios de subsistencia porque la gente no tiene acceso a sistemas eficaces de alerta temprana\u00bb.<\/p>\n<p>El secretario hizo hincapi\u00e9 en que, \u00aben una era de desastres clim\u00e1ticos\u00bb todas las personas que habitan la Tierra deben contar con los SAT.<\/p>\n<p>Este a\u00f1o, el lema del D\u00eda de la Meteorolog\u00eda en la ONU es \u00abJuntos, reduzcamos la brecha en los sistemas de alerta temprana\u00bb, en l\u00ednea con una iniciativa lanzada por el organismo en 2022 cuyo objetivo es que todas las personas del mundo est\u00e9n protegidas para 2027 con un programa de este tipo.<\/p>\n<p>Guterres pidi\u00f3 ampliar de manera urgente la financiaci\u00f3n de este proyecto -de 3.100 millones de d\u00f3lares-, as\u00ed como impulsar el apoyo tecnol\u00f3gico y la colaboraci\u00f3n entre gobiernos, empresas y comunidades e incrementar la capacidad de pr\u00e9stamo de los bancos multilaterales de desarrollo.<\/p>\n<p>El secretario subray\u00f3 adem\u00e1s la necesidad de atajar la crisis clim\u00e1tica en su origen mediante recortes \u00abr\u00e1pidos y profundos\u00bb de las emisiones de gases de efecto invernadero, y celebr\u00f3 que este a\u00f1o todos los pa\u00edses se han comprometido a impulsar planes para limitar el aumento de la temperatura global a 1,5 grados cent\u00edgrados.<\/p>\n<p>mg (mosca, borde)<\/p>\n<\/p>\n<\/div>\n\n","protected":false},"excerpt":{"rendered":"<p>El secretario general de la ONU, Ant\u00f3nio Guterres, abog\u00f3 este s\u00e1bado (22.03.2025) por que, \u00aben una era de desastres clim\u00e1ticos\u00bb, los pa\u00edses implanten sistemas de alerta temprana (SAT) para disminuir los riesgos de fen\u00f3menos relacionados con el clima y, as\u00ed, salvar vidas. \u00abLas sombr\u00edas predicciones de los meteor\u00f3logos se est\u00e1n cumpliendo. Nuestro clima est\u00e1 al &hellip;<\/p>\n","protected":false},"author":1,"featured_media":19807,"comment_status":"open","ping_status":"open","sticky":false,"template":"","format":"standard","meta":{"fifu_image_url":"https:\/\/static.dw.com\/image\/71793693_6.jpg","fifu_image_alt":"","footnotes":""},"categories":[13],"tags":[],"class_list":["post-19806","post","type-post","status-publish","format-standard","has-post-thumbnail","","category-mundo"],"_links":{"self":[{"href":"https:\/\/noticiasveraces.com\/index.php?rest_route=\/wp\/v2\/posts\/19806","targetHints":{"allow":["GET"]}}],"collection":[{"href":"https:\/\/noticiasveraces.com\/index.php?rest_route=\/wp\/v2\/posts"}],"about":[{"href":"https:\/\/noticiasveraces.com\/index.php?rest_route=\/wp\/v2\/types\/post"}],"author":[{"embeddable":true,"href":"https:\/\/noticiasveraces.com\/index.php?rest_route=\/wp\/v2\/users\/1"}],"replies":[{"embeddable":true,"href":"https:\/\/noticiasveraces.com\/index.php?rest_route=%2Fwp%2Fv2%2Fcomments&post=19806"}],"version-history":[{"count":0,"href":"https:\/\/noticiasveraces.com\/index.php?rest_route=\/wp\/v2\/posts\/19806\/revisions"}],"wp:featuredmedia":[{"embeddable":true,"href":"https:\/\/noticiasveraces.com\/index.php?rest_route=\/wp\/v2\/media\/19807"}],"wp:attachment":[{"href":"https:\/\/noticiasveraces.com\/index.php?rest_route=%2Fwp%2Fv2%2Fmedia&parent=19806"}],"wp:term":[{"taxonomy":"category","embeddable":true,"href":"https:\/\/noticiasveraces.com\/index.php?rest_route=%2Fwp%2Fv2%2Fcategories&post=19806"},{"taxonomy":"post_tag","embeddable":true,"href":"https:\/\/noticiasveraces.com\/index.php?rest_route=%2Fwp%2Fv2%2Ftags&post=19806"}],"curies":[{"name":"wp","href":"https:\/\/api.w.org\/{rel}","templated":true}]}}