{"id":19795,"date":"2025-03-23T00:07:45","date_gmt":"2025-03-23T04:07:45","guid":{"rendered":"https:\/\/noticiasveraces.com\/?p=19795"},"modified":"2025-03-23T00:07:45","modified_gmt":"2025-03-23T04:07:45","slug":"fiscalia-pide-prision-preventiva-para-alcalde-de-estambul-dw-23-03-2025","status":"publish","type":"post","link":"https:\/\/noticiasveraces.com\/?p=19795","title":{"rendered":"Fiscal\u00eda pide prisi\u00f3n preventiva para alcalde de Estambul \u2013 DW \u2013 23\/03\/2025"},"content":{"rendered":"<p> \n<\/p>\n<div>\n<p>El fiscal general de Estambul pidi\u00f3 este s\u00e1bado (22.03.2025) prisi\u00f3n preventiva para el alcalde de esta ciudad, el l\u00edder opositor Ekrem Imamoglu, cuya detenci\u00f3n el pasado mi\u00e9rcoles ha desatado una oleada de masivas protestas en todo el pa\u00eds.<\/p>\n<p>Tras ser interrogado durante varias horas, el fiscal remiti\u00f3 a las 03:00 hora local (0:00 GMT) a Imamoglu a un tribunal con la solicitud de enviarlo a la c\u00e1rcel para esperar all\u00ed ser juzgado por dos causas en su contra, inform\u00f3 la agencia oficial Anadolu.<\/p>\n<p>Se espera que los jueces decidan en la ma\u00f1ana de este domingo si proceden a actuar como pide el fiscal.<\/p>\n<p>El socialdem\u00f3crata Imamoglu, un pol\u00edtico muy popular considerado el mayor rival del presidente turco, el islamista Recep Tayyip Erdogan, fue detenido el mi\u00e9rcoles junto a otros 90 colaboradores suyos en el marco de dos investigaciones, una sobre supuesta corrupci\u00f3n y otra por presuntos v\u00ednculos con el terrorismo.<\/p>\n<p>En la primera, el alcalde est\u00e1 acusado de establecer una organizaci\u00f3n de delincuencia\u00bb, \u00abmanipular una licitaci\u00f3n\u00bb y \u00abaceptar un soborno\u00bb, seg\u00fan el comunicado de la Fiscal\u00eda citado por en la web del diario H\u00fcrriyet. <\/p>\n<p>Con respecto a la segunda, se le acusa de \u00abayuda a la organizaci\u00f3n terrorista PKK\u00bb, es decir, al Partido de los Trabajadores del Kurdist\u00e1n, la guerrilla kurda en Turqu\u00eda, indica por su parte el portal Bianet.<\/p>\n<p><span data-slot-id=\"Article_InContent-1\" class=\"rich-text-ad\"\/><\/p>\n<h2>\u00abCalumnias inimaginables\u00bb<\/h2>\n<p>Imamoglu ha rechazado categ\u00f3ricamente todas las acusaciones, calific\u00e1ndolas de \u00abcalumnias inimaginables\u00bb, y su Partido Republicano del Pueblo (CHP), el mayor de la oposici\u00f3n, acusa al Gobierno de Erdogan de instrumentalizar la Justicia para eliminar a un oponente pol\u00edtico de la carrera presidencialista.<\/p>\n<p>Se trata \u00abde un proceso deliberado de descr\u00e9dito\u00bb, declar\u00f3 Imamoglu, citado por Bianet.<\/p>\n<p>La detenci\u00f3n del alcalde tuvo lugar cuando el CHP se dispon\u00eda a designarlo este domingo como su candidato oficial para las pr\u00f3ximas elecciones presidenciales de 2028, y el partido ha anunciado que proceder\u00e1 a hacerlo a pesar de que este l\u00edder no estar\u00e1 presente debido a su arresto.<\/p>\n<p>Miles de personas se congregaron esta noche delante del Ayuntamiento de Estambul y en torno al Palacio de Justicia para pedir la liberaci\u00f3n de Imamoglu y el fin del gobierno de Erdogan tras 23 a\u00f1os en el poder.<\/p>\n<p>Al igual que los manifestantes en Ankara, Esmirna y otras ciudades, los manifestantes desacataron as\u00ed, por cuarta noche consecutiva, una amplia prohibici\u00f3n de protestas y marchas impuesta por las autoridades hasta el pr\u00f3ximo mi\u00e9rcoles.<\/p>\n<p>La Polic\u00eda, que en los \u00faltimos d\u00edas ha detenido a centenares de manifestantes, recurri\u00f3 al chorro de agua y al gas pimienta para dispersar a la multitud.<\/p>\n<p>MG (Efe, Reuters)<\/p>\n<\/p>\n<\/div>\n\n","protected":false},"excerpt":{"rendered":"<p>El fiscal general de Estambul pidi\u00f3 este s\u00e1bado (22.03.2025) prisi\u00f3n preventiva para el alcalde de esta ciudad, el l\u00edder opositor Ekrem Imamoglu, cuya detenci\u00f3n el pasado mi\u00e9rcoles ha desatado una oleada de masivas protestas en todo el pa\u00eds. Tras ser interrogado durante varias horas, el fiscal remiti\u00f3 a las 03:00 hora local (0:00 GMT) a &hellip;<\/p>\n","protected":false},"author":1,"featured_media":19796,"comment_status":"open","ping_status":"open","sticky":false,"template":"","format":"standard","meta":{"fifu_image_url":"https:\/\/static.dw.com\/image\/71982594_6.jpg","fifu_image_alt":"","footnotes":""},"categories":[13],"tags":[],"class_list":["post-19795","post","type-post","status-publish","format-standard","has-post-thumbnail","","category-mundo"],"_links":{"self":[{"href":"https:\/\/noticiasveraces.com\/index.php?rest_route=\/wp\/v2\/posts\/19795","targetHints":{"allow":["GET"]}}],"collection":[{"href":"https:\/\/noticiasveraces.com\/index.php?rest_route=\/wp\/v2\/posts"}],"about":[{"href":"https:\/\/noticiasveraces.com\/index.php?rest_route=\/wp\/v2\/types\/post"}],"author":[{"embeddable":true,"href":"https:\/\/noticiasveraces.com\/index.php?rest_route=\/wp\/v2\/users\/1"}],"replies":[{"embeddable":true,"href":"https:\/\/noticiasveraces.com\/index.php?rest_route=%2Fwp%2Fv2%2Fcomments&post=19795"}],"version-history":[{"count":0,"href":"https:\/\/noticiasveraces.com\/index.php?rest_route=\/wp\/v2\/posts\/19795\/revisions"}],"wp:featuredmedia":[{"embeddable":true,"href":"https:\/\/noticiasveraces.com\/index.php?rest_route=\/wp\/v2\/media\/19796"}],"wp:attachment":[{"href":"https:\/\/noticiasveraces.com\/index.php?rest_route=%2Fwp%2Fv2%2Fmedia&parent=19795"}],"wp:term":[{"taxonomy":"category","embeddable":true,"href":"https:\/\/noticiasveraces.com\/index.php?rest_route=%2Fwp%2Fv2%2Fcategories&post=19795"},{"taxonomy":"post_tag","embeddable":true,"href":"https:\/\/noticiasveraces.com\/index.php?rest_route=%2Fwp%2Fv2%2Ftags&post=19795"}],"curies":[{"name":"wp","href":"https:\/\/api.w.org\/{rel}","templated":true}]}}