{"id":19793,"date":"2025-03-22T23:51:13","date_gmt":"2025-03-23T03:51:13","guid":{"rendered":"https:\/\/noticiasveraces.com\/?p=19793"},"modified":"2025-03-22T23:51:13","modified_gmt":"2025-03-23T03:51:13","slug":"galicia-grita-altri-mata-en-una-gran-manifestacion-por-tierra-y-mar-contra-la-politica-industrial-de-la-xunta-clima-y-medio-ambiente","status":"publish","type":"post","link":"https:\/\/noticiasveraces.com\/?p=19793","title":{"rendered":"Galicia grita \u201cAltri mata\u201d en una gran manifestaci\u00f3n por tierra y mar contra la pol\u00edtica industrial de la Xunta | Clima y Medio Ambiente"},"content":{"rendered":"<p> \n<\/p>\n<div data-dtm-region=\"articulo_cuerpo\">\n<p class=\"\">No hab\u00edan dado las 12 del mediod\u00eda, hora de la convocatoria, y las sirenas de m\u00e1s de 500 barcos ya sonaban acerc\u00e1ndose desde distintos puertos hacia la localidad coru\u00f1esa de A Pobra do Carami\u00f1al, al norte de la R\u00eda de Arousa, entre Pontevedra y A Coru\u00f1a. Mientras, por tierra, autobuses y coches particulares iban arribando (y colapsando) el pueblo marinero con miles de personas (y de paraguas), determinadas a desafiar la alerta meteorol\u00f3gica lanzada el viernes para el litoral de las dos provincias. Trabajadores de los sectores del mar, la agricultura, la ganader\u00eda, grupos ecologistas y formaciones pol\u00edticas \u2014excepto el PP\u2014 han llenado este s\u00e1bado A Pobra para clamar contra la pol\u00edtica industrial de la Xunta y dos proyectos empresariales que se tramitan en la cuenca del r\u00edo Ulla. Son la macrocelulosa de la portuguesa Altri en Palas de Rei (Lugo) y la reapertura de la mina de cobre de Touro (A Coru\u00f1a), de Atalaya Mining, propietaria tambi\u00e9n de R\u00edo Tinto, que en junio de 2024 fue declarada \u201cproyecto estrat\u00e9gico\u201d por el equipo de Alfonso Rueda.<\/p>\n<p class=\"\">Altri \u201ctendr\u00e1 licencia administrativa, pero lo que es cien por cien seguro es que no tiene licencia social\u201d, ha defendido la presidenta de la asociaci\u00f3n vecinal Ulloa Viva, Pilar Naveira, a la vista de la multitud congregada contra viento y marea. Por su parte, el presidente de otro colectivo convocante, la Plataforma en Defensa da R\u00eda de Arousa, Xaquin Rubido, ha pedido la dimisi\u00f3n de los <i>asesores<\/i> de Mar, Econom\u00eda e Industria y Medio Ambiente. Rubido tambi\u00e9n ha se\u00f1alado como responsable m\u00e1ximo a Alfonso Rueda, mientras los manifestantes a pie clamaban consignas como \u201cAltri non\u201d o \u201cAltri mata, la mina remata\u201d. Antes de ser heredado por Rueda el asunto, la implantaci\u00f3n de Altri en Lugo fue respaldada por Alberto N\u00fa\u00f1ez Feij\u00f3o como presidente de la Xunta.<\/p>\n<figure class=\"a_m a_m-h \"><span class=\"_db a_m_w _pr lb_btn\"><img alt=\"Decenas de personas participan en la manifestaci\u00f3n contra el proyecto de celulosa que la multinacional portuguesa Altri en A Pobra do Carami\u00f1al (A Coru\u00f1a), este s\u00e1bado.&#10;\" decoding=\"auto\" class=\"_re lazyload a_m-h\" height=\"276\" srcset=\"https:\/\/imagenes.elpais.com\/resizer\/v2\/5ZYJ72ZJFQ4NIYF4SZCKWCI3PU.jpg?auth=51fd753d209bd9858f47054ae3a1ccdd446bf467be1a4773aaceb00a33f6e6d2&amp;width=414 414w,https:\/\/imagenes.elpais.com\/resizer\/v2\/5ZYJ72ZJFQ4NIYF4SZCKWCI3PU.jpg?auth=51fd753d209bd9858f47054ae3a1ccdd446bf467be1a4773aaceb00a33f6e6d2&amp;width=828 640w,https:\/\/imagenes.elpais.com\/resizer\/v2\/5ZYJ72ZJFQ4NIYF4SZCKWCI3PU.jpg?auth=51fd753d209bd9858f47054ae3a1ccdd446bf467be1a4773aaceb00a33f6e6d2&amp;width=980 1000w,https:\/\/imagenes.elpais.com\/resizer\/v2\/5ZYJ72ZJFQ4NIYF4SZCKWCI3PU.jpg?auth=51fd753d209bd9858f47054ae3a1ccdd446bf467be1a4773aaceb00a33f6e6d2&amp;width=1960 1960w\" width=\"414\" sizes=\"auto, (min-width:1199px) 1155px,(min-width:1001px) calc(100vw - 44px),(min-width:768px) 767px, 100vw\" src=\"https:\/\/imagenes.elpais.com\/resizer\/v2\/5ZYJ72ZJFQ4NIYF4SZCKWCI3PU.jpg?auth=51fd753d209bd9858f47054ae3a1ccdd446bf467be1a4773aaceb00a33f6e6d2&amp;width=414\" loading=\"lazy\"\/><svg aria-hidden=\"true\" class=\"icon_multimedia_ampliar | _pa a_m_i a_m_i-a _dn\" viewbox=\"0 0 40 40\"><use xlink:href=\"#svg-ampliar\"\/><\/svg><\/span><figcaption class=\"a_m_p\" aria-hidden=\"true\"><span>Decenas de personas participan en la manifestaci\u00f3n contra el proyecto de celulosa que la multinacional portuguesa Altri en A Pobra do Carami\u00f1al (A Coru\u00f1a), este s\u00e1bado.<br \/>\n<\/span><span class=\"a_m_m\">Lavandeira Jr. (Efe)<\/span><\/figcaption><\/figure>\n<p class=\"\">La manifestaci\u00f3n por mar y por tierra ha discurrido por el frente litoral, entre las instalaciones portuarias y la playa do Areal, pese a la alerta naranja por olas de hasta ocho metros en Galicia decretada por AEMET y las advertencias lanzadas por la propia Xunta, contra la que se dirig\u00eda la protesta. El viernes, el Gobierno gallego llamaba a \u201cextremar las medidas de seguridad en cualquier actividad en el mar\u201d e insist\u00eda en la importancia de mantenerse \u201calejados de las zonas de costa\u201d. Pero no ha habido desmovilizaci\u00f3n: los \u00e1nimos de los sectores afectados a todo lo largo de la cuenca del Ulla, que atraviesa el coraz\u00f3n de Galicia, pesaron m\u00e1s que los avisos de la Administraci\u00f3n. Desde hace d\u00edas, en decenas de municipios se pod\u00edan ver pancartas, anuncios y hasta bandos recordando lo crucial de esta cita en A Pobra, que sigue a otras muchas concentraciones y protestas en los \u00faltimos meses. Hora y media despu\u00e9s de empezar la marcha, todav\u00eda segu\u00edan entrando coches en la localidad de 9.200 vecinos, y la organizaci\u00f3n hablaba ya de 50.000 manifestantes, una cifra que tambi\u00e9n ha difundido Greenpeace.<\/p>\n<p class=\"\">Con lemas como \u201cdefendemos nuestro modo de vida\u201d y \u201cel agua no se vende\u201d \u2014ya que los dos proyectos industriales, la mina y la celulosa, precisan grandes cantidades para su actividad\u2014 la marcha, que ya estaba convocada previamente por el D\u00eda Mundial del Agua, se produce solo ocho jornadas despu\u00e9s de aparecer publicada en el Diario Oficial de Galicia la bendici\u00f3n ambiental de la Xunta a la pol\u00e9mica factor\u00eda de Altri. La f\u00e1brica requerir\u00e1 una captaci\u00f3n del cauce del Ulla de hasta 46 millones de litros al d\u00eda, un volumen que, recalcan los detractores, equivale al consumo actual de toda la provincia de Lugo. De las instalaciones de la pastera, enfocada en parte al sector de la fibra textil a partir de madera de eucalipto, saldr\u00e1n al a\u00f1o hasta 400.000 toneladas de celulosa soluble. Altri-Greenfiber pretende devolver a ese cauce 30 millones de litros de aguas residuales diarias tras ser tratadas en una depuradora.<\/p>\n<figure class=\"a_m a_m-h \"><span class=\"_db a_m_w _pr lb_btn\"><img alt=\"Varias embarcaciones se suman a la manifestaci\u00f3n en A Pobra do Carami\u00f1al (A Coru\u00f1a), este s\u00e1bado. &#10;\" decoding=\"auto\" class=\"_re lazyload a_m-h\" height=\"277\" srcset=\"https:\/\/imagenes.elpais.com\/resizer\/v2\/WNKSW3ADC3Y63M465DAXNJVSI4.jpg?auth=9cf77a5a7c57842c7f407098bcf03c5425a316aa796816cca131820deab50c37&amp;width=414 414w,https:\/\/imagenes.elpais.com\/resizer\/v2\/WNKSW3ADC3Y63M465DAXNJVSI4.jpg?auth=9cf77a5a7c57842c7f407098bcf03c5425a316aa796816cca131820deab50c37&amp;width=828 640w,https:\/\/imagenes.elpais.com\/resizer\/v2\/WNKSW3ADC3Y63M465DAXNJVSI4.jpg?auth=9cf77a5a7c57842c7f407098bcf03c5425a316aa796816cca131820deab50c37&amp;width=980 1000w,https:\/\/imagenes.elpais.com\/resizer\/v2\/WNKSW3ADC3Y63M465DAXNJVSI4.jpg?auth=9cf77a5a7c57842c7f407098bcf03c5425a316aa796816cca131820deab50c37&amp;width=1960 1960w\" width=\"414\" sizes=\"auto, (min-width:1199px) 1155px,(min-width:1001px) calc(100vw - 44px),(min-width:768px) 767px, 100vw\" src=\"https:\/\/imagenes.elpais.com\/resizer\/v2\/WNKSW3ADC3Y63M465DAXNJVSI4.jpg?auth=9cf77a5a7c57842c7f407098bcf03c5425a316aa796816cca131820deab50c37&amp;width=414\" loading=\"lazy\"\/><svg aria-hidden=\"true\" class=\"icon_multimedia_ampliar | _pa a_m_i a_m_i-a _dn\" viewbox=\"0 0 40 40\"><use xlink:href=\"#svg-ampliar\"\/><\/svg><\/span><figcaption class=\"a_m_p\" aria-hidden=\"true\"><span>Varias embarcaciones se suman a la manifestaci\u00f3n en A Pobra do Carami\u00f1al (A Coru\u00f1a), este s\u00e1bado.<br \/>\n<\/span><span class=\"a_m_m\">Lavandeira Jr. (Efe)<\/span><\/figcaption><\/figure>\n<p class=\"\">La planta, presidida por una chimenea de 75 metros, ocupar\u00e1 una parcela de 366 hect\u00e1reas y limitar\u00e1 con la Red Natura. El agua del Ulla desemboca en la R\u00eda de Arousa, una de las m\u00e1s ricas y tambi\u00e9n de las m\u00e1s castigadas de Galicia. La manifestaci\u00f3n de este s\u00e1bado se suma a un ya largo calendario de acciones y protestas secundadas por cientos de colectivos sociales y asociaciones de productores en Galicia contra el proyecto de Altri, rechazado tambi\u00e9n p\u00fablicamente por representantes de la cultura como Manuel Rivas, Luis Tosar, Luis Zahera, David Chipperfield y hasta Manu Chao.<\/p>\n<p class=\"\">La l\u00edder de la oposici\u00f3n, Ana Pont\u00f3n (BNG), ha exigido durante la manifestaci\u00f3n al presidente de la Xunta que \u201crectifique\u201d su decisi\u00f3n sobre Altri porque \u201cel PP solo acierta en Galicia cuando rectifica\u201d. La nacionalista ha calificado el proyecto de \u201cbomba ambiental\u201d y ha pedido a la Xunta que \u201cescuche el clamor de la marea de dignidad de los miles de personas\u201d que se han sumado a la marcha desde toda Galicia. Pont\u00f3n ha insistido, una vez m\u00e1s, en una pregunta sin respuesta que suele hacerle al jefe del Ejecutivo gallego: \u201c\u00bfPor qu\u00e9, si el proyecto de la macrocelulosa es tan bueno, no lo quieren en Portugal?\u201d. En sus declaraciones a la prensa ha calificado la pol\u00edtica de la Xunta de \u201cfranquismo industrial\u201d y ha comparado el empe\u00f1o de Rueda con Altri con la imposici\u00f3n, en 1963, \u201ca golpe de bayoneta\u201d, de la celulosa ENCE en la r\u00eda de Pontevedra.<\/p>\n<figure class=\"a_m a_m-h \"><span class=\"_db a_m_w _pr lb_btn\"><img alt=\"Mmanifestacia convocada por La Plataforma Env\u00eda de Arousa (PDRA), este s\u00e1bado en los pobres de Carami\u00f1al (Coru\u00f1a).\" decoding=\"auto\" class=\"_re lazyload a_m-h\" height=\"276\" srcset=\"https:\/\/imagenes.elpais.com\/resizer\/v2\/HZ2LFZIF7JD3N6E6XEDXA54NAU.jpg?auth=ff218abd7106256e6380bd9015a5b9fab4eeb090073f83840787a69e40c38cea&amp;width=414 414w,https:\/\/imagenes.elpais.com\/resizer\/v2\/HZ2LFZIF7JD3N6E6XEDXA54NAU.jpg?auth=ff218abd7106256e6380bd9015a5b9fab4eeb090073f83840787a69e40c38cea&amp;width=828 640w,https:\/\/imagenes.elpais.com\/resizer\/v2\/HZ2LFZIF7JD3N6E6XEDXA54NAU.jpg?auth=ff218abd7106256e6380bd9015a5b9fab4eeb090073f83840787a69e40c38cea&amp;width=980 1000w,https:\/\/imagenes.elpais.com\/resizer\/v2\/HZ2LFZIF7JD3N6E6XEDXA54NAU.jpg?auth=ff218abd7106256e6380bd9015a5b9fab4eeb090073f83840787a69e40c38cea&amp;width=1960 1960w\" width=\"414\" sizes=\"auto, (min-width:1199px) 1155px,(min-width:1001px) calc(100vw - 44px),(min-width:768px) 767px, 100vw\" src=\"https:\/\/imagenes.elpais.com\/resizer\/v2\/HZ2LFZIF7JD3N6E6XEDXA54NAU.jpg?auth=ff218abd7106256e6380bd9015a5b9fab4eeb090073f83840787a69e40c38cea&amp;width=414\" loading=\"lazy\"\/><svg aria-hidden=\"true\" class=\"icon_multimedia_ampliar | _pa a_m_i a_m_i-a _dn\" viewbox=\"0 0 40 40\"><use xlink:href=\"#svg-ampliar\"\/><\/svg><\/span><figcaption class=\"a_m_p\" aria-hidden=\"true\"><span>Mmanifestacia convocada por La Plataforma Env\u00eda de Arousa (PDRA), este s\u00e1bado en los pobres de Carami\u00f1al (Coru\u00f1a).<br \/>\n<\/span><span class=\"a_m_m\">Lavandeira Jr. (Efe)<\/span><\/figcaption><\/figure>\n<p class=\"\">Mientras que el BNG se ha manifestado contra Altri desde el principio, la de A Pobra ha sido la primera protesta en la que ha participado el secretario general del PSdeG-PSOE, Jos\u00e9 Ram\u00f3n G\u00f3mez Besteiro, despu\u00e9s de que su formaci\u00f3n enviase cartas a la militancia llamando a secundar el acto. El socialista ha denunciado la \u201cgran mentira\u201d de Altri y del PP sobre el proyecto planteado para Palas de Rei y otros ayuntamientos lim\u00edtrofes ya que \u201cno es sostenible para Galicia\u201d. Al principio, ha lamentado G\u00f3mez Besteiro, se plante\u00f3 como \u201cun proyecto que iba a ser sostenible, como una factor\u00eda de fibras biotecnol\u00f3gicas\u201d, pero \u201cal final supimos que es una gran macrocelulosa\u201d.<\/p>\n<p class=\"\">El socialista gallego opina que Altri \u201cno es merecedor\u201d de fondos p\u00fablicos, mientras la pol\u00e9mica empresa supedita la realizaci\u00f3n de sus planes gallegos a una ayuda de 250 millones que debe aprobar o denegar el Gobierno de S\u00e1nchez. El BNG ha advertido esta semana en Madrid al Gobierno central que la aprobaci\u00f3n de fondos para Altri es la \u201cl\u00ednea roja\u201d que, de ser pasada por el Ejecutivo, cambiar\u00e1 radicalmente las relaciones y el apoyo del nacionalismo gallego a S\u00e1nchez. Tras el visto bueno de la Xunta al proyecto, Moncloa \u201ctiene la llave\u201d del futuro de la macrocelulosa en Galicia en este momento, ha recalcado el diputado del Bloque, N\u00e9stor Rego, en el Congreso: \u201cNo cabe ya la ambig\u00fcedad, solo el rechazo frontal\u201d.<\/p>\n<figure class=\"a_m a_m-h \"><span class=\"_db a_m_w _pr lb_btn\"><img alt=\"Vista de la manifestaci\u00f3n convocada por la plataforma en defensa de la R\u00eda de Arousa (PDRA), este s\u00e1bado en un Pobra do Carami\u00f1al (una coru\u00f1a). \" decoding=\"auto\" class=\"_re lazyload a_m-h\" height=\"276\" srcset=\"https:\/\/imagenes.elpais.com\/resizer\/v2\/E6FWO2P2L4NXDB5DJ5BZMENFUM.jpg?auth=0cb79418a750418ff3759f6f2b5253b7e758b1d06c1f7ab1737009079f54d929&amp;width=414 414w,https:\/\/imagenes.elpais.com\/resizer\/v2\/E6FWO2P2L4NXDB5DJ5BZMENFUM.jpg?auth=0cb79418a750418ff3759f6f2b5253b7e758b1d06c1f7ab1737009079f54d929&amp;width=828 640w,https:\/\/imagenes.elpais.com\/resizer\/v2\/E6FWO2P2L4NXDB5DJ5BZMENFUM.jpg?auth=0cb79418a750418ff3759f6f2b5253b7e758b1d06c1f7ab1737009079f54d929&amp;width=980 1000w,https:\/\/imagenes.elpais.com\/resizer\/v2\/E6FWO2P2L4NXDB5DJ5BZMENFUM.jpg?auth=0cb79418a750418ff3759f6f2b5253b7e758b1d06c1f7ab1737009079f54d929&amp;width=1960 1960w\" width=\"414\" sizes=\"auto, (min-width:1199px) 1155px,(min-width:1001px) calc(100vw - 44px),(min-width:768px) 767px, 100vw\" src=\"https:\/\/imagenes.elpais.com\/resizer\/v2\/E6FWO2P2L4NXDB5DJ5BZMENFUM.jpg?auth=0cb79418a750418ff3759f6f2b5253b7e758b1d06c1f7ab1737009079f54d929&amp;width=414\" loading=\"lazy\"\/><svg aria-hidden=\"true\" class=\"icon_multimedia_ampliar | _pa a_m_i a_m_i-a _dn\" viewbox=\"0 0 40 40\"><use xlink:href=\"#svg-ampliar\"\/><\/svg><\/span><figcaption class=\"a_m_p\" aria-hidden=\"true\"><span>Vista de la manifestaci\u00f3n convocada por la plataforma en defensa de la R\u00eda de Arousa (PDRA), este s\u00e1bado en un Pobra do Carami\u00f1al (una coru\u00f1a). <\/span><span class=\"a_m_m\">Lavandeira Jr. (Efe)<\/span><\/figcaption><\/figure>\n<h2 class=\"\">\u201cComunismo del siglo XXI\u201d<\/h2>\n<p class=\"\">Despu\u00e9s de hacerse patente el malestar social con cientos de barcos y miles de personas que desbordaban la capacidad de los accesos de A Pobra, la <i>asesor<\/i> de Econom\u00eda e Industria, Mar\u00eda Jes\u00fas Lorenzana, ha reducido en declaraciones p\u00fablicas la protesta a \u201ccomunismo del siglo XXI\u201d. Tambi\u00e9n ha despreciado la implicaci\u00f3n de Besteiro: \u201cHoy le est\u00e1 soportando la pancarta a Ana Pont\u00f3n\u201d.<\/p>\n<p class=\"\">Esta no es la primera manifestaci\u00f3n por el futuro de la r\u00eda frente a los proyectos industriales amparados por la Xunta que discurre por el mar, pero s\u00ed la primera en la que ha habido, ya pasadas la una de la tarde, contacto visual entre los barcos y los manifestantes en tierra, al conseguir permiso para adentrarse la bocana del puerto. El acto final, acompa\u00f1ado de actuaciones musicales, ha sido guiado desde un palco junto al mar por los actores Isabel Risco, Carlos Blanco y Quico Cadaval y ha habido una pausa, en silencio, en la que han llenado el aire las sirenas de los barcos.<\/p>\n<p class=\"\">Tres mujeres representantes de sectores productivos del Ulla han sido las encargadas de leer el manifiesto: la mariscadora Mar\u00eda Porto, en representaci\u00f3n de la Plataforma en Defensa da R\u00eda de Arousa; la ganadera Mari Carmen Aguiar, por parte del colectivo Mina de Touro-O Pino Non; y la ganadera ecol\u00f3gica Marta \u00c1lvarez, de la asociaci\u00f3n Ulloa Viva. \u201cGalicia entera ha salido a la calle y la Xunta, en lugar de defender a los ciudadanos, se al\u00eda con los proyectos que quieren expoliar nuestra tierra\u201d, han lamentado, \u201csu intento de imponernos la mina y la celulosa como modelo de industrializaci\u00f3n es un insulto a la inteligencia, en el contexto de cambio clim\u00e1tico. Cuando el agua cada vez va a ser m\u00e1s importante y valiosa, quieren regalarla a sus amiguetes\u201d.<\/p>\n<\/div>\n\n","protected":false},"excerpt":{"rendered":"<p>No hab\u00edan dado las 12 del mediod\u00eda, hora de la convocatoria, y las sirenas de m\u00e1s de 500 barcos ya sonaban acerc\u00e1ndose desde distintos puertos hacia la localidad coru\u00f1esa de A Pobra do Carami\u00f1al, al norte de la R\u00eda de Arousa, entre Pontevedra y A Coru\u00f1a. Mientras, por tierra, autobuses y coches particulares iban arribando &hellip;<\/p>\n","protected":false},"author":1,"featured_media":19794,"comment_status":"open","ping_status":"open","sticky":false,"template":"","format":"standard","meta":{"fifu_image_url":"https:\/\/imagenes.elpais.com\/resizer\/v2\/FZMUZAWKANGNNJLXGJGBQXM5EY.jpg?auth=63c1884b6698a33fae3f9697da8f403a1c07553aa9cf1161f53613ff97847f12&width=1200","fifu_image_alt":"","footnotes":""},"categories":[11],"tags":[],"class_list":["post-19793","post","type-post","status-publish","format-standard","has-post-thumbnail","","category-viaje"],"_links":{"self":[{"href":"https:\/\/noticiasveraces.com\/index.php?rest_route=\/wp\/v2\/posts\/19793","targetHints":{"allow":["GET"]}}],"collection":[{"href":"https:\/\/noticiasveraces.com\/index.php?rest_route=\/wp\/v2\/posts"}],"about":[{"href":"https:\/\/noticiasveraces.com\/index.php?rest_route=\/wp\/v2\/types\/post"}],"author":[{"embeddable":true,"href":"https:\/\/noticiasveraces.com\/index.php?rest_route=\/wp\/v2\/users\/1"}],"replies":[{"embeddable":true,"href":"https:\/\/noticiasveraces.com\/index.php?rest_route=%2Fwp%2Fv2%2Fcomments&post=19793"}],"version-history":[{"count":0,"href":"https:\/\/noticiasveraces.com\/index.php?rest_route=\/wp\/v2\/posts\/19793\/revisions"}],"wp:featuredmedia":[{"embeddable":true,"href":"https:\/\/noticiasveraces.com\/index.php?rest_route=\/wp\/v2\/media\/19794"}],"wp:attachment":[{"href":"https:\/\/noticiasveraces.com\/index.php?rest_route=%2Fwp%2Fv2%2Fmedia&parent=19793"}],"wp:term":[{"taxonomy":"category","embeddable":true,"href":"https:\/\/noticiasveraces.com\/index.php?rest_route=%2Fwp%2Fv2%2Fcategories&post=19793"},{"taxonomy":"post_tag","embeddable":true,"href":"https:\/\/noticiasveraces.com\/index.php?rest_route=%2Fwp%2Fv2%2Ftags&post=19793"}],"curies":[{"name":"wp","href":"https:\/\/api.w.org\/{rel}","templated":true}]}}