{"id":19782,"date":"2025-03-22T20:10:03","date_gmt":"2025-03-23T00:10:03","guid":{"rendered":"https:\/\/noticiasveraces.com\/?p=19782"},"modified":"2025-03-22T20:10:03","modified_gmt":"2025-03-23T00:10:03","slug":"la-pelicula-de-new-world-war-2-cuenta-una-increible-historia-real-de-first-nazi-death-camp-escape-peliculas-entretenimiento","status":"publish","type":"post","link":"https:\/\/noticiasveraces.com\/?p=19782","title":{"rendered":"La pel\u00edcula de New World War 2 cuenta una incre\u00edble historia real de First Nazi Death Camp Escape | Pel\u00edculas | Entretenimiento"},"content":{"rendered":"<p> \n<\/p>\n<div>\n<p>En 1942, la Segunda Guerra Mundial estaba en toda Europa y los nazis hab\u00edan abierto silenciosamente su primer campamento de exterminio en Chelmno.<\/p>\n<p>Dos jud\u00edos polacos llamados Michael Podchlebnik y Szlama Ber Winer fueron los primeros escapados del campamento de la muerte del Holocausto.<\/p>\n<p>Juntos, planearon proporcionar los primeros relatos de testigos oculares del genocidio de Hitler.<\/p>\n<p>Ahora, la primera pel\u00edcula que representa la historia real previamente no contada se estrenar\u00e1 en los cines el pr\u00f3ximo mes.<\/p>\n<p>El mundo Temble fue escrito y dirigido por Lior Geller, quien pas\u00f3 una d\u00e9cada investigando el campamento de exterminio de Chelmno, asistido por un historiador del Centro Memorial Yad Vashem Holocausto de Jerusal\u00e9n.<\/p>\n<\/div>\n<div>\n<p>Los sobrevivientes del Holocausto y Yad Vashem han descrito la pel\u00edcula como \u00abdestinada a convertirse en una de las pel\u00edculas m\u00e1s importantes, observadas y estudiadas en el Holocausto\u00bb. La pel\u00edcula est\u00e1 protagonizada por Oliver Jackson-Cohen, Jeremy Neumark Jones, Anton Lesser, David Kross y Michael Fox.<\/p>\n<p><em><strong>El mundo Will Tremble se lanzar\u00e1 en los cines del Reino Unido el 7 de abril de 2025.<\/strong><\/em><\/p>\n<\/div>\n\n","protected":false},"excerpt":{"rendered":"<p>En 1942, la Segunda Guerra Mundial estaba en toda Europa y los nazis hab\u00edan abierto silenciosamente su primer campamento de exterminio en Chelmno. Dos jud\u00edos polacos llamados Michael Podchlebnik y Szlama Ber Winer fueron los primeros escapados del campamento de la muerte del Holocausto. Juntos, planearon proporcionar los primeros relatos de testigos oculares del genocidio &hellip;<\/p>\n","protected":false},"author":1,"featured_media":19783,"comment_status":"open","ping_status":"open","sticky":false,"template":"","format":"standard","meta":{"fifu_image_url":"https:\/\/cdn.images.express.co.uk\/img\/dynamic\/36\/1200x630\/6040559.jpg","fifu_image_alt":"","footnotes":""},"categories":[765],"tags":[],"class_list":["post-19782","post","type-post","status-publish","format-standard","has-post-thumbnail","","category-peliculas"],"_links":{"self":[{"href":"https:\/\/noticiasveraces.com\/index.php?rest_route=\/wp\/v2\/posts\/19782","targetHints":{"allow":["GET"]}}],"collection":[{"href":"https:\/\/noticiasveraces.com\/index.php?rest_route=\/wp\/v2\/posts"}],"about":[{"href":"https:\/\/noticiasveraces.com\/index.php?rest_route=\/wp\/v2\/types\/post"}],"author":[{"embeddable":true,"href":"https:\/\/noticiasveraces.com\/index.php?rest_route=\/wp\/v2\/users\/1"}],"replies":[{"embeddable":true,"href":"https:\/\/noticiasveraces.com\/index.php?rest_route=%2Fwp%2Fv2%2Fcomments&post=19782"}],"version-history":[{"count":0,"href":"https:\/\/noticiasveraces.com\/index.php?rest_route=\/wp\/v2\/posts\/19782\/revisions"}],"wp:featuredmedia":[{"embeddable":true,"href":"https:\/\/noticiasveraces.com\/index.php?rest_route=\/wp\/v2\/media\/19783"}],"wp:attachment":[{"href":"https:\/\/noticiasveraces.com\/index.php?rest_route=%2Fwp%2Fv2%2Fmedia&parent=19782"}],"wp:term":[{"taxonomy":"category","embeddable":true,"href":"https:\/\/noticiasveraces.com\/index.php?rest_route=%2Fwp%2Fv2%2Fcategories&post=19782"},{"taxonomy":"post_tag","embeddable":true,"href":"https:\/\/noticiasveraces.com\/index.php?rest_route=%2Fwp%2Fv2%2Ftags&post=19782"}],"curies":[{"name":"wp","href":"https:\/\/api.w.org\/{rel}","templated":true}]}}