{"id":19776,"date":"2025-03-22T19:56:07","date_gmt":"2025-03-22T23:56:07","guid":{"rendered":"https:\/\/noticiasveraces.com\/?p=19776"},"modified":"2025-03-22T19:56:07","modified_gmt":"2025-03-22T23:56:07","slug":"alemania-cierra-temporalmente-la-embajada-en-sudan-del-sur-en-medio-de-temores-de-la-guerra-civil","status":"publish","type":"post","link":"https:\/\/noticiasveraces.com\/?p=19776","title":{"rendered":"Alemania cierra temporalmente la embajada en Sud\u00e1n del Sur en medio de temores de la guerra civil"},"content":{"rendered":"<p> \n<\/p>\n<div>\n<p class=\"speakable\">Alemania ha cerrado temporalmente su embajada en la capital de Sud\u00e1n del Sur, Juba, debido al aumento de las tensiones que han llevado al pa\u00eds de \u00c1frica Oriental al borde de la guerra civil, dijo el s\u00e1bado el Ministerio de Relaciones Exteriores alem\u00e1n.<\/p>\n<p class=\"speakable\">El presidente de Sud\u00e1n del Sur, Salva Kiir, despidi\u00f3 esta semana al gobernador del estado del Alto Nilo, donde los enfrentamientos se han intensificado entre las tropas del gobierno y una milicia \u00e9tnica que acusa de aliarse con su rival, el primer vicepresidente Riek Machar.<\/p>\n<p><strong>UE niega la intenci\u00f3n de retrasar las elecciones de Sud\u00e1n del Sur<\/strong><\/p>\n<p>El enfrentamiento ha aumentado las preocupaciones de que la nueva naci\u00f3n del mundo podr\u00eda volver al conflicto unos siete a\u00f1os despu\u00e9s de su aparici\u00f3n de una guerra civil que mat\u00f3 a cientos de miles de personas.<\/p>\n<div class=\"image-ct inline\">\n<div class=\"m\"><picture><source media=\"(max-width: 767px)\" srcset=\"https:\/\/a57.foxnews.com\/static.foxnews.com\/foxnews.com\/content\/uploads\/2025\/03\/343\/192\/south-sudans-president-salva-kiir-mayardit.jpg?ve=1&amp;tl=1, https:\/\/a57.foxnews.com\/static.foxnews.com\/foxnews.com\/content\/uploads\/2025\/03\/686\/384\/south-sudans-president-salva-kiir-mayardit.jpg?ve=1&amp;tl=1 2x\" height=\"192\" width=\"343\"><source media=\"(min-width: 768px) and (max-width: 1023px)\" srcset=\"https:\/\/a57.foxnews.com\/static.foxnews.com\/foxnews.com\/content\/uploads\/2025\/03\/672\/378\/south-sudans-president-salva-kiir-mayardit.jpg?ve=1&amp;tl=1, https:\/\/a57.foxnews.com\/static.foxnews.com\/foxnews.com\/content\/uploads\/2025\/03\/1344\/756\/south-sudans-president-salva-kiir-mayardit.jpg?ve=1&amp;tl=1 2x\" height=\"378\" width=\"672\"><source media=\"(min-width: 1024px) and (max-width: 1279px)\" srcset=\"https:\/\/a57.foxnews.com\/static.foxnews.com\/foxnews.com\/content\/uploads\/2025\/03\/931\/523\/south-sudans-president-salva-kiir-mayardit.jpg?ve=1&amp;tl=1, https:\/\/a57.foxnews.com\/static.foxnews.com\/foxnews.com\/content\/uploads\/2025\/03\/1862\/1046\/south-sudans-president-salva-kiir-mayardit.jpg?ve=1&amp;tl=1 2x\" height=\"523\" width=\"931\"><source media=\"(min-width: 1280px)\" srcset=\"https:\/\/a57.foxnews.com\/static.foxnews.com\/foxnews.com\/content\/uploads\/2025\/03\/720\/405\/south-sudans-president-salva-kiir-mayardit.jpg?ve=1&amp;tl=1, https:\/\/a57.foxnews.com\/static.foxnews.com\/foxnews.com\/content\/uploads\/2025\/03\/1440\/810\/south-sudans-president-salva-kiir-mayardit.jpg?ve=1&amp;tl=1 2x\" height=\"405\" width=\"720\"><img loading=\"lazy\" decoding=\"async\" src=\"https:\/\/a57.foxnews.com\/static.foxnews.com\/foxnews.com\/content\/uploads\/2025\/03\/1200\/675\/south-sudans-president-salva-kiir-mayardit.jpg?ve=1&amp;tl=1\" alt=\"Foto del archivo: El presidente de Sud\u00e1n del Sur, Salva Kiir, Mayardit se prepara para una foto grupal en la 38\u00aa sesi\u00f3n ordinaria de los jefes de estado y gobierno de la Uni\u00f3n Africana\" width=\"1200\" height=\"675\"\/><\/source><\/source><\/source><\/source><\/picture><\/div>\n<div class=\"info\">\n<div class=\"caption\">\n<p><span>El presidente de Sud\u00e1n del Sur, Salva Kiir, Mayardit, los preparadores para una foto grupal durante la 38\u00aa sesi\u00f3n ordinaria de los jefes de los jefes de estado y gobierno de la Uni\u00f3n Africana en la sede de la Comisi\u00f3n de la Uni\u00f3n Africana (AUC) en Addis Abeba, Etiop\u00eda, febrero. 15, 2025. <\/span> <span>(Reuters\/State\/Photo File)<\/span><\/p>\n<\/div>\n<\/div>\n<\/div>\n<p>\u00abDespu\u00e9s de a\u00f1os de paz fr\u00e1gil, Sud\u00e1n del Sur est\u00e1 una vez m\u00e1s al borde de la Guerra Civil\u00bb, escribi\u00f3 el Ministerio de Relaciones Exteriores alem\u00e1n en X.<\/p>\n<p><strong><u>Haga clic aqu\u00ed para obtener la aplicaci\u00f3n Fox News<\/u><\/strong><\/p>\n<p>\u00abEl presidente Kiir y el vicepresidente Machar est\u00e1n hundiendo al pa\u00eds en una espiral de violencia. Es su responsabilidad poner fin a esta violencia sin sentido y finalmente implementar el acuerdo de paz\u00bb.<\/p>\n<p>El jefe de mantenimiento de la paz de las Naciones Unidas de Sud\u00e1n del Sur, Nicholas Haysom, tambi\u00e9n dijo que le preocupa que el pa\u00eds est\u00e9 \u00abal borde de la reca\u00edda en la guerra civil\u00bb.<\/p>\n<p> <!----> <!----><\/div>\n\n","protected":false},"excerpt":{"rendered":"<p>Alemania ha cerrado temporalmente su embajada en la capital de Sud\u00e1n del Sur, Juba, debido al aumento de las tensiones que han llevado al pa\u00eds de \u00c1frica Oriental al borde de la guerra civil, dijo el s\u00e1bado el Ministerio de Relaciones Exteriores alem\u00e1n. El presidente de Sud\u00e1n del Sur, Salva Kiir, despidi\u00f3 esta semana al &hellip;<\/p>\n","protected":false},"author":1,"featured_media":19778,"comment_status":"open","ping_status":"open","sticky":false,"template":"","format":"standard","meta":{"fifu_image_url":"https:\/\/static.foxnews.com\/foxnews.com\/content\/uploads\/2025\/03\/south-sudans-president-salva-kiir-mayardit.jpg","fifu_image_alt":"","footnotes":""},"categories":[13],"tags":[],"class_list":["post-19776","post","type-post","status-publish","format-standard","has-post-thumbnail","","category-mundo"],"_links":{"self":[{"href":"https:\/\/noticiasveraces.com\/index.php?rest_route=\/wp\/v2\/posts\/19776","targetHints":{"allow":["GET"]}}],"collection":[{"href":"https:\/\/noticiasveraces.com\/index.php?rest_route=\/wp\/v2\/posts"}],"about":[{"href":"https:\/\/noticiasveraces.com\/index.php?rest_route=\/wp\/v2\/types\/post"}],"author":[{"embeddable":true,"href":"https:\/\/noticiasveraces.com\/index.php?rest_route=\/wp\/v2\/users\/1"}],"replies":[{"embeddable":true,"href":"https:\/\/noticiasveraces.com\/index.php?rest_route=%2Fwp%2Fv2%2Fcomments&post=19776"}],"version-history":[{"count":0,"href":"https:\/\/noticiasveraces.com\/index.php?rest_route=\/wp\/v2\/posts\/19776\/revisions"}],"wp:featuredmedia":[{"embeddable":true,"href":"https:\/\/noticiasveraces.com\/index.php?rest_route=\/wp\/v2\/media\/19778"}],"wp:attachment":[{"href":"https:\/\/noticiasveraces.com\/index.php?rest_route=%2Fwp%2Fv2%2Fmedia&parent=19776"}],"wp:term":[{"taxonomy":"category","embeddable":true,"href":"https:\/\/noticiasveraces.com\/index.php?rest_route=%2Fwp%2Fv2%2Fcategories&post=19776"},{"taxonomy":"post_tag","embeddable":true,"href":"https:\/\/noticiasveraces.com\/index.php?rest_route=%2Fwp%2Fv2%2Ftags&post=19776"}],"curies":[{"name":"wp","href":"https:\/\/api.w.org\/{rel}","templated":true}]}}