{"id":19765,"date":"2025-03-22T18:55:15","date_gmt":"2025-03-22T22:55:15","guid":{"rendered":"https:\/\/noticiasveraces.com\/?p=19765"},"modified":"2025-03-22T18:55:15","modified_gmt":"2025-03-22T22:55:15","slug":"alcalde-de-estambul-declara-en-medio-de-protestas-dw-22-03-2025","status":"publish","type":"post","link":"https:\/\/noticiasveraces.com\/?p=19765","title":{"rendered":"Alcalde de Estambul declara en medio de protestas \u2013 DW \u2013 22\/03\/2025"},"content":{"rendered":"<p> \n<\/p>\n<div>\n<p>El alcalde de Estambul y l\u00edder opositor Ekrem Imamoglu, detenido desde el mi\u00e9rcoles junto con 90 colaboradores, fue trasladado ante un tribunal de justicia para presentar su declaraci\u00f3n, en medio de masivas protestas callejeras y un gran despliegue de medidas de seguridad.<\/p>\n<p>En el Tribunal de \u00c7aglayan de Estambul, el socialdem\u00f3crata Imamoglu -principal rival pol\u00edtico del presidente del pa\u00eds, el islamista Recep Tayyip Erdogan- prest\u00f3 su declaraci\u00f3n durante varias horas a la espera de que los jueces decidan si lo liberan o lo env\u00edan a prisi\u00f3n preventiva. En medio de un proceso donde la Fiscal\u00eda lo acusa de corrupci\u00f3n y v\u00ednculos con el terrorismo.<\/p>\n<p>Imamoglu, que lleg\u00f3 el s\u00e1bado por la tarde al palacio de justicia para ser interrogado por los fiscales, prometi\u00f3 \u00abpresentar una denuncia\u00bb contra los instigadores de este procedimiento, en una declaraci\u00f3n transmitida por la municipalidad, tambi\u00e9n se\u00f1al\u00f3 que las acusaciones de corrupci\u00f3n y terrorismo en su contra son \u00abinmorales y sin fundamento\u00bb.<\/p>\n<p><span data-slot-id=\"Article_InContent-1\" class=\"rich-text-ad\"\/><\/p>\n<h2>Medidas antidisturbios<\/h2>\n<p>Desde primera hora de este s\u00e1bado, cientos de polic\u00edas y veh\u00edculos antidisturbios se desplegaron alrededor de la citada corte, cerca de la cual se congregaron en la tarde numerosos ciudadanos que exigen la liberaci\u00f3n del alcalde de la ciudad.<\/p>\n<p>Frente a las barricadas policiales se produjeron forcejeos entre agentes y numerosos abogados, parte del equipo de defensa de los detenidos, ya que las autoridades limitaron el n\u00famero de togados e impidieron la entrada al juzgado a los dem\u00e1s.<\/p>\n<p>La Judicatura ha asignado a 34 fiscales para tomar declaraci\u00f3n a los 90 detenidos, pero aun as\u00ed, el proceso puede durar numerosas horas.<\/p>\n<p>Paralelamente, decenas de miles de personas se congregaron de nuevo, como todas las noches desde la detenci\u00f3n de Imamoglu, ante la alcald\u00eda, situada en la plaza de Sara\u00e7hane. Esta vez, las fuerzas policiales intervinieron con gas pimienta de alta potencia para dispersar a un grupo que declar\u00f3 su intenci\u00f3n de marchar hacia la plaza de Taksim, vetada a las protestas desde hace a\u00f1os.<\/p>\n<p>La Gobernaci\u00f3n de Estambul extendi\u00f3 la prohibici\u00f3n de reuniones, manifestaciones y protestas en toda la ciudad, inicialmente vigente hasta el domingo, hasta la medianoche del pr\u00f3ximo d\u00eda 26. Adem\u00e1s, anunci\u00f3 que se \u00abrestringir\u00e1\u00bb la entrada y salida de veh\u00edculos de otras ciudades si se sospecha que sus ocupantes tienen intenci\u00f3n de participar en las protestas.<\/p>\n<p>Pese a estas medidas, numerosas personas continuaban hoy saliendo a las plazas y las calles de todo el pa\u00eds para protestar contra la detenci\u00f3n de Imamoglu y pedir el fin del gobierno de Erdogan.<\/p>\n<p>Mientras que el Gobierno acusa a la oposici\u00f3n de intentar obstaculizar el trabajo de la Justicia, los partidos opositores argumentan que el poder judicial no es independiente sino que est\u00e1 siendo instrumentalizado por Erdogan para eliminar de la carrera presidencial a su principal rival pol\u00edtico.<\/p>\n<p>(Efe, AFP\/MN)<\/p>\n<\/p>\n<\/div>\n\n","protected":false},"excerpt":{"rendered":"<p>El alcalde de Estambul y l\u00edder opositor Ekrem Imamoglu, detenido desde el mi\u00e9rcoles junto con 90 colaboradores, fue trasladado ante un tribunal de justicia para presentar su declaraci\u00f3n, en medio de masivas protestas callejeras y un gran despliegue de medidas de seguridad. En el Tribunal de \u00c7aglayan de Estambul, el socialdem\u00f3crata Imamoglu -principal rival pol\u00edtico &hellip;<\/p>\n","protected":false},"author":1,"featured_media":19766,"comment_status":"open","ping_status":"open","sticky":false,"template":"","format":"standard","meta":{"fifu_image_url":"https:\/\/static.dw.com\/image\/72008914_6.jpg","fifu_image_alt":"","footnotes":""},"categories":[13],"tags":[],"class_list":["post-19765","post","type-post","status-publish","format-standard","has-post-thumbnail","","category-mundo"],"_links":{"self":[{"href":"https:\/\/noticiasveraces.com\/index.php?rest_route=\/wp\/v2\/posts\/19765","targetHints":{"allow":["GET"]}}],"collection":[{"href":"https:\/\/noticiasveraces.com\/index.php?rest_route=\/wp\/v2\/posts"}],"about":[{"href":"https:\/\/noticiasveraces.com\/index.php?rest_route=\/wp\/v2\/types\/post"}],"author":[{"embeddable":true,"href":"https:\/\/noticiasveraces.com\/index.php?rest_route=\/wp\/v2\/users\/1"}],"replies":[{"embeddable":true,"href":"https:\/\/noticiasveraces.com\/index.php?rest_route=%2Fwp%2Fv2%2Fcomments&post=19765"}],"version-history":[{"count":0,"href":"https:\/\/noticiasveraces.com\/index.php?rest_route=\/wp\/v2\/posts\/19765\/revisions"}],"wp:featuredmedia":[{"embeddable":true,"href":"https:\/\/noticiasveraces.com\/index.php?rest_route=\/wp\/v2\/media\/19766"}],"wp:attachment":[{"href":"https:\/\/noticiasveraces.com\/index.php?rest_route=%2Fwp%2Fv2%2Fmedia&parent=19765"}],"wp:term":[{"taxonomy":"category","embeddable":true,"href":"https:\/\/noticiasveraces.com\/index.php?rest_route=%2Fwp%2Fv2%2Fcategories&post=19765"},{"taxonomy":"post_tag","embeddable":true,"href":"https:\/\/noticiasveraces.com\/index.php?rest_route=%2Fwp%2Fv2%2Ftags&post=19765"}],"curies":[{"name":"wp","href":"https:\/\/api.w.org\/{rel}","templated":true}]}}