{"id":19755,"date":"2025-03-22T17:54:03","date_gmt":"2025-03-22T21:54:03","guid":{"rendered":"https:\/\/noticiasveraces.com\/?p=19755"},"modified":"2025-03-22T17:54:03","modified_gmt":"2025-03-22T21:54:03","slug":"alemania-cierra-su-embajada-en-sudan-del-sur-dw-22-03-2025","status":"publish","type":"post","link":"https:\/\/noticiasveraces.com\/?p=19755","title":{"rendered":"Alemania cierra su embajada en Sud\u00e1n del Sur \u2013 DW \u2013 22\/03\/2025"},"content":{"rendered":"<p> \n<\/p>\n<div>\n<p>Alemania decidi\u00f3 cerrar su embajada en Yuba, la capital de Sud\u00e1n del Sur, debido a la ola de violencia que afecta al pa\u00eds africano desde mediados de febrero, inform\u00f3 la ministra de Exteriores, Annalena Baerbock.<\/p>\n<p>\u00abTras a\u00f1os de una fr\u00e1gil paz, Sud\u00e1n del Sur vuelve a estar al borde de la guerra civil\u00bb, se\u00f1al\u00f3 la jefa de la diplomacia alemana en un mensaje en la red social X. El presidente sursudan\u00e9s, Salva Kiir, y el vicepresidente y l\u00edder de la oposici\u00f3n, Riek Machar, \u00abest\u00e1n sumiendo al pa\u00eds en una espiral de violencia\u00bb, recalc\u00f3.<\/p>\n<blockquote class=\"tweet embed\" data-id=\"1903382692206391302\"\/>\n<p>Ambos, enfatiz\u00f3 Baerbock, tienen la responsabilidad de poner fin a la violencia \u00absin sentido\u00bb y aplicar por fin el acuerdo de paz.<\/p>\n<p>La titular de Exteriores de Alemania record\u00f3 que desde hace varios a\u00f1os existe ya una advertencia de viaje a Sud\u00e1n del Sur y, tras evaluar la nueva situaci\u00f3n de inseguridad, el equipo de gesti\u00f3n de crisis del Gobierno alem\u00e1n \u00abdecidi\u00f3 cerrar la embajada en Yuba por el momento\u00bb.<\/p>\n<h2>Regreso de la violencia<\/h2>\n<p>La nueva ola de violencia estall\u00f3 cuando el Ej\u00e9rcito Blanco atac\u00f3 una guarnici\u00f3n de las fuerzas gubernamentales en Nasir, en el estado septentrional de Alto Nilo, y secuestr\u00f3 a decenas de soldados, algo que desencaden\u00f3 una serie de detenciones en Yuba contra altos cargos estrechamente relacionados con Machar.<\/p>\n<p>Las tensiones se intensificaron despu\u00e9s que un helic\u00f3ptero de la ONU fuera atacado mientras trataba de evacuar a los militares, una operaci\u00f3n fallida en la que murieron una treintena de uniformados y un miembro de la tripulaci\u00f3n de Naciones Unidas.<\/p>\n<p>La violencia en el norte de Sud\u00e1n del Sur ha provocado desde mediados de febrero el desplazamiento de unas 84.000 personas, seg\u00fan la Agencia de la ONU para los Refugiados (ACNUR), y ha despertado los temores de que el pa\u00eds vuelva a un estado de guerra despu\u00e9s de la vivida entre 2013 y 2018.<\/p>\n<p>(Efe, Reuters\/Mn)<\/p>\n<\/p>\n<\/div>\n\n","protected":false},"excerpt":{"rendered":"<p>Alemania decidi\u00f3 cerrar su embajada en Yuba, la capital de Sud\u00e1n del Sur, debido a la ola de violencia que afecta al pa\u00eds africano desde mediados de febrero, inform\u00f3 la ministra de Exteriores, Annalena Baerbock. \u00abTras a\u00f1os de una fr\u00e1gil paz, Sud\u00e1n del Sur vuelve a estar al borde de la guerra civil\u00bb, se\u00f1al\u00f3 la &hellip;<\/p>\n","protected":false},"author":1,"featured_media":19756,"comment_status":"open","ping_status":"open","sticky":false,"template":"","format":"standard","meta":{"fifu_image_url":"https:\/\/static.dw.com\/image\/72006632_6.jpg","fifu_image_alt":"","footnotes":""},"categories":[13],"tags":[],"class_list":["post-19755","post","type-post","status-publish","format-standard","has-post-thumbnail","","category-mundo"],"_links":{"self":[{"href":"https:\/\/noticiasveraces.com\/index.php?rest_route=\/wp\/v2\/posts\/19755","targetHints":{"allow":["GET"]}}],"collection":[{"href":"https:\/\/noticiasveraces.com\/index.php?rest_route=\/wp\/v2\/posts"}],"about":[{"href":"https:\/\/noticiasveraces.com\/index.php?rest_route=\/wp\/v2\/types\/post"}],"author":[{"embeddable":true,"href":"https:\/\/noticiasveraces.com\/index.php?rest_route=\/wp\/v2\/users\/1"}],"replies":[{"embeddable":true,"href":"https:\/\/noticiasveraces.com\/index.php?rest_route=%2Fwp%2Fv2%2Fcomments&post=19755"}],"version-history":[{"count":0,"href":"https:\/\/noticiasveraces.com\/index.php?rest_route=\/wp\/v2\/posts\/19755\/revisions"}],"wp:featuredmedia":[{"embeddable":true,"href":"https:\/\/noticiasveraces.com\/index.php?rest_route=\/wp\/v2\/media\/19756"}],"wp:attachment":[{"href":"https:\/\/noticiasveraces.com\/index.php?rest_route=%2Fwp%2Fv2%2Fmedia&parent=19755"}],"wp:term":[{"taxonomy":"category","embeddable":true,"href":"https:\/\/noticiasveraces.com\/index.php?rest_route=%2Fwp%2Fv2%2Fcategories&post=19755"},{"taxonomy":"post_tag","embeddable":true,"href":"https:\/\/noticiasveraces.com\/index.php?rest_route=%2Fwp%2Fv2%2Ftags&post=19755"}],"curies":[{"name":"wp","href":"https:\/\/api.w.org\/{rel}","templated":true}]}}