{"id":19748,"date":"2025-03-22T14:50:11","date_gmt":"2025-03-22T18:50:11","guid":{"rendered":"https:\/\/noticiasveraces.com\/?p=19748"},"modified":"2025-03-22T14:50:11","modified_gmt":"2025-03-22T18:50:11","slug":"el-papa-francisco-sera-dado-de-alta-del-hospital-gemelli-en-roma-el-domingo-dice-el-medico","status":"publish","type":"post","link":"https:\/\/noticiasveraces.com\/?p=19748","title":{"rendered":"El Papa Francisco ser\u00e1 dado de alta del Hospital Gemelli en Roma el domingo, dice el m\u00e9dico."},"content":{"rendered":"<p> \n<\/p>\n<div>\n<p class=\"speakable\">El Director M\u00e9dico del Hospital Gemelli, el Dr. Sergio Alfieri, anunci\u00f3 el s\u00e1bado que se espera que el Papa Francis sea dado de alta el domingo. <\/p>\n<p class=\"speakable\">El Vaticano tambi\u00e9n anunci\u00f3 que el pont\u00edfice aparecer\u00eda p\u00fablicamente el domingo por la ma\u00f1ana para bendecir a los fieles de su suite de 10 pisos en el hospital. Luego regresar\u00e1 al Vaticano. <\/p>\n<p>En una conferencia de prensa, Alfieri dijo que el Santo Padre experiment\u00f3 \u00abdos episodios muy cr\u00edticos\u00bb durante su hospitalizaci\u00f3n cuando su vida estaba en peligro, pero desde entonces ha mostrado una mejora \u00ablenta pero progresiva\u00bb debido a la \u00abterapia farmacol\u00f3gica, la administraci\u00f3n de ox\u00edgeno de alto flujo y ventilaci\u00f3n mec\u00e1nica asistida\u00bb. El Papa, sin embargo, nunca fue intubado y nunca perdi\u00f3 la conciencia, dijo Alfieri. <\/p>\n<p>Alfieri dijo el s\u00e1bado que Francis requerir\u00e1 al menos dos meses de descanso y rehabilitaci\u00f3n mientras contin\u00faa recuper\u00e1ndose en el Vaticano. Dijo que los m\u00e9dicos aconsejan al pont\u00edfice que no conozca grandes grupos o actividades en p\u00fablico durante ese tiempo de recuperaci\u00f3n.<\/p>\n<p>Alfieri se uni\u00f3 al m\u00e9dico principal de la oficina de salud e higiene del Vaticano, Luigi Carbone, y el portavoz del Papa, Matteo Bruni, en la entrada de Roma de Roma, agostino Gemelli Polyclinic, donde el Papa Francisco ha sido tratado desde febrero despu\u00e9s de un 14 de febrero despu\u00e9s de una ronca de Bronquitis. El Papa fue hospitalizado durante 38 d\u00edas mientras luchaba contra un caso de neumon\u00eda potencialmente mortal en ambos pulmones, dijeron sus m\u00e9dicos. <\/p>\n<p><strong>Rey Carlos III para conocer al Papa Francisco durante la visita al Vaticano el pr\u00f3ximo mes<\/strong><\/p>\n<div class=\"image-ct inline\">\n<div class=\"m\"><picture><source media=\"(max-width: 767px)\" srcset=\"https:\/\/a57.foxnews.com\/static.foxnews.com\/foxnews.com\/content\/uploads\/2025\/02\/343\/192\/pope-francis-health-update_001-.jpg?ve=1&amp;tl=1, https:\/\/a57.foxnews.com\/static.foxnews.com\/foxnews.com\/content\/uploads\/2025\/02\/686\/384\/pope-francis-health-update_001-.jpg?ve=1&amp;tl=1 2x\" height=\"192\" width=\"343\"><source media=\"(min-width: 768px) and (max-width: 1023px)\" srcset=\"https:\/\/a57.foxnews.com\/static.foxnews.com\/foxnews.com\/content\/uploads\/2025\/02\/672\/378\/pope-francis-health-update_001-.jpg?ve=1&amp;tl=1, https:\/\/a57.foxnews.com\/static.foxnews.com\/foxnews.com\/content\/uploads\/2025\/02\/1344\/756\/pope-francis-health-update_001-.jpg?ve=1&amp;tl=1 2x\" height=\"378\" width=\"672\"><source media=\"(min-width: 1024px) and (max-width: 1279px)\" srcset=\"https:\/\/a57.foxnews.com\/static.foxnews.com\/foxnews.com\/content\/uploads\/2025\/02\/931\/523\/pope-francis-health-update_001-.jpg?ve=1&amp;tl=1, https:\/\/a57.foxnews.com\/static.foxnews.com\/foxnews.com\/content\/uploads\/2025\/02\/1862\/1046\/pope-francis-health-update_001-.jpg?ve=1&amp;tl=1 2x\" height=\"523\" width=\"931\"><source media=\"(min-width: 1280px)\" srcset=\"https:\/\/a57.foxnews.com\/static.foxnews.com\/foxnews.com\/content\/uploads\/2025\/02\/720\/405\/pope-francis-health-update_001-.jpg?ve=1&amp;tl=1, https:\/\/a57.foxnews.com\/static.foxnews.com\/foxnews.com\/content\/uploads\/2025\/02\/1440\/810\/pope-francis-health-update_001-.jpg?ve=1&amp;tl=1 2x\" height=\"405\" width=\"720\"><img loading=\"lazy\" decoding=\"async\" src=\"https:\/\/a57.foxnews.com\/static.foxnews.com\/foxnews.com\/content\/uploads\/2025\/02\/1200\/675\/pope-francis-health-update_001-.jpg?ve=1&amp;tl=1\" alt=\"Papa Francisco en mejor salud\" width=\"1200\" height=\"675\"\/><\/source><\/source><\/source><\/source><\/picture><\/div>\n<div class=\"info\">\n<div class=\"caption\">\n<p><span>El Papa Francisco saluda desde su poblaci\u00f3n despu\u00e9s de las oraciones semanales de Angelus en la Plaza de San Pedro en el Vaticano el 20 de octubre de 2024.<\/span> <span>(Filippo Monteforte\/AFP\/Getty)<\/span><\/p>\n<\/div>\n<\/div>\n<\/div>\n<p>El Papa experiment\u00f3 \u00abinsuficiencia respiratoria aguda debido a una infecci\u00f3n polimicrobiana\u00bb, dijo Alfieri. <\/p>\n<p>La sesi\u00f3n informativa del s\u00e1bado por la noche fue la primera actualizaci\u00f3n en persona sobre la condici\u00f3n del pont\u00edfice desde el 21 de febrero, una semana despu\u00e9s de que Francis, de 88 a\u00f1os, fue llevado al Hospital Gemelli. Posteriormente experiment\u00f3 varias crisis respiratorias que lo llevaron en estado cr\u00edtico, aunque desde entonces se ha estabilizado. Debido a la doble neumon\u00eda, Alfieri dijo a los periodistas que la voz del Papa ha sido da\u00f1ada pero que mejorar\u00e1 con el tiempo. <\/p>\n<p>El m\u00e9dico agreg\u00f3 que la recuperaci\u00f3n continuar\u00eda mejor fuera del hospital, donde la exposici\u00f3n a virus corre el riesgo de debilitar la condici\u00f3n del Santo Padre. Alfieri dijo que el Papa no ten\u00eda Covid-19, pero hab\u00eda estado expuesto a varios virus.<\/p>\n<div class=\"image-ct inline\">\n<div class=\"m\"><picture><source media=\"(max-width: 767px)\" srcset=\"https:\/\/a57.foxnews.com\/static.foxnews.com\/foxnews.com\/content\/uploads\/2025\/03\/343\/192\/ap25081623355168.jpg?ve=1&amp;tl=1, https:\/\/a57.foxnews.com\/static.foxnews.com\/foxnews.com\/content\/uploads\/2025\/03\/686\/384\/ap25081623355168.jpg?ve=1&amp;tl=1 2x\" height=\"192\" width=\"343\"><source media=\"(min-width: 768px) and (max-width: 1023px)\" srcset=\"https:\/\/a57.foxnews.com\/static.foxnews.com\/foxnews.com\/content\/uploads\/2025\/03\/672\/378\/ap25081623355168.jpg?ve=1&amp;tl=1, https:\/\/a57.foxnews.com\/static.foxnews.com\/foxnews.com\/content\/uploads\/2025\/03\/1344\/756\/ap25081623355168.jpg?ve=1&amp;tl=1 2x\" height=\"378\" width=\"672\"><source media=\"(min-width: 1024px) and (max-width: 1279px)\" srcset=\"https:\/\/a57.foxnews.com\/static.foxnews.com\/foxnews.com\/content\/uploads\/2025\/03\/931\/523\/ap25081623355168.jpg?ve=1&amp;tl=1, https:\/\/a57.foxnews.com\/static.foxnews.com\/foxnews.com\/content\/uploads\/2025\/03\/1862\/1046\/ap25081623355168.jpg?ve=1&amp;tl=1 2x\" height=\"523\" width=\"931\"><source media=\"(min-width: 1280px)\" srcset=\"https:\/\/a57.foxnews.com\/static.foxnews.com\/foxnews.com\/content\/uploads\/2025\/03\/720\/405\/ap25081623355168.jpg?ve=1&amp;tl=1, https:\/\/a57.foxnews.com\/static.foxnews.com\/foxnews.com\/content\/uploads\/2025\/03\/1440\/810\/ap25081623355168.jpg?ve=1&amp;tl=1 2x\" height=\"405\" width=\"720\"><img loading=\"lazy\" decoding=\"async\" src=\"https:\/\/a57.foxnews.com\/static.foxnews.com\/foxnews.com\/content\/uploads\/2025\/03\/1200\/675\/ap25081623355168.jpg?ve=1&amp;tl=1\" alt=\"Los m\u00e9dicos de Roma y los funcionarios del Vaticano dan actualizaciones sobre el Papa Francisco\" width=\"1200\" height=\"675\"\/><\/source><\/source><\/source><\/source><\/picture><\/div>\n<div class=\"info\">\n<div class=\"caption\">\n<p><span>Desde la izquierda, el m\u00e9dico principal de la oficina de salud e higiene del Vaticano, Luigi Carbone, el portavoz del Papa, Matteo Bruni, y el cirujano Sergio Alfieri, el s\u00e1bado 22 de marzo de 2025, en la sala de entrada de Rome Gemelli Polyclinic. <\/span> <span>(Photo AP\/Gregorio Borgia)<\/span><\/p>\n<\/div>\n<\/div>\n<\/div>\n<p>Mientras Francis public\u00f3 un mensaje de audio el 6 de marzo y el Vaticano distribuy\u00f3 una foto de \u00e9l el 16 de marzo, la bendici\u00f3n del domingo ser\u00e1 la primera aparici\u00f3n en vivo desde que Francis fue admitido el 14 de febrero por lo que se ha convertido en la hospitalizaci\u00f3n m\u00e1s larga de su papado de 12 a\u00f1os. El Papa Argentino, que tiene enfermedad pulmonar cr\u00f3nica, es propensa a problemas respiratorios en invierno y le quitaron parte a un pulm\u00f3n cuando era joven. <\/p>\n<p>Cuando se admiti\u00f3 el Papa, los m\u00e9dicos primero diagnosticaron una infecci\u00f3n compleja del tracto respiratorio bacteriano, viral y f\u00fangico y poco despu\u00e9s, neumon\u00eda en ambos pulmones. <\/p>\n<p>Los an\u00e1lisis de sangre mostraron signos de anemia, plaquetas bajas en la sangre y el inicio de insuficiencia renal, todos los cuales luego se resolvieron despu\u00e9s de dos transfusiones de sangre, seg\u00fan los funcionarios.<\/p>\n<div class=\"image-ct inline\">\n<div class=\"m\"><picture><source media=\"(max-width: 767px)\" srcset=\"https:\/\/a57.foxnews.com\/static.foxnews.com\/foxnews.com\/content\/uploads\/2025\/03\/343\/192\/ap25081620964408.jpg?ve=1&amp;tl=1, https:\/\/a57.foxnews.com\/static.foxnews.com\/foxnews.com\/content\/uploads\/2025\/03\/686\/384\/ap25081620964408.jpg?ve=1&amp;tl=1 2x\" height=\"192\" width=\"343\"><source media=\"(min-width: 768px) and (max-width: 1023px)\" srcset=\"https:\/\/a57.foxnews.com\/static.foxnews.com\/foxnews.com\/content\/uploads\/2025\/03\/672\/378\/ap25081620964408.jpg?ve=1&amp;tl=1, https:\/\/a57.foxnews.com\/static.foxnews.com\/foxnews.com\/content\/uploads\/2025\/03\/1344\/756\/ap25081620964408.jpg?ve=1&amp;tl=1 2x\" height=\"378\" width=\"672\"><source media=\"(min-width: 1024px) and (max-width: 1279px)\" srcset=\"https:\/\/a57.foxnews.com\/static.foxnews.com\/foxnews.com\/content\/uploads\/2025\/03\/931\/523\/ap25081620964408.jpg?ve=1&amp;tl=1, https:\/\/a57.foxnews.com\/static.foxnews.com\/foxnews.com\/content\/uploads\/2025\/03\/1862\/1046\/ap25081620964408.jpg?ve=1&amp;tl=1 2x\" height=\"523\" width=\"931\"><source media=\"(min-width: 1280px)\" srcset=\"https:\/\/a57.foxnews.com\/static.foxnews.com\/foxnews.com\/content\/uploads\/2025\/03\/720\/405\/ap25081620964408.jpg?ve=1&amp;tl=1, https:\/\/a57.foxnews.com\/static.foxnews.com\/foxnews.com\/content\/uploads\/2025\/03\/1440\/810\/ap25081620964408.jpg?ve=1&amp;tl=1 2x\" height=\"405\" width=\"720\"><img loading=\"lazy\" decoding=\"async\" src=\"https:\/\/a57.foxnews.com\/static.foxnews.com\/foxnews.com\/content\/uploads\/2025\/03\/1200\/675\/ap25081620964408.jpg?ve=1&amp;tl=1\" alt=\"El cirujano del hospital de Roma da un anuncio sobre el Papa\" width=\"1200\" height=\"675\"\/><\/source><\/source><\/source><\/source><\/picture><\/div>\n<div class=\"info\">\n<div class=\"caption\">\n<p><span>El cirujano Sergio Alfieri habla con los periodistas, el s\u00e1bado 22 de marzo de 2025, en el Sal\u00f3n de Entrada del Policicl\u00ednico Agostino Gemelli de Roma sobre el Papa Francisco. <\/span> <span>(Photo AP\/Gregorio Borgia)<\/span><\/p>\n<\/div>\n<\/div>\n<\/div>\n<p>Los contratiempos m\u00e1s serios comenzaron el 28 de febrero, cuando Francis experiment\u00f3 un ajuste de tos agudo y un v\u00f3mito inhalado, lo que le exigi\u00f3 que use una m\u00e1scara de ventilaci\u00f3n mec\u00e1nica no invasiva para ayudarlo a respirar. Sufri\u00f3 dos crisis respiratorias m\u00e1s en los d\u00edas siguientes, lo que requiri\u00f3 que los m\u00e9dicos aspiren manualmente el moco, momento en el que comenz\u00f3 a dormir con la m\u00e1scara de ventilaci\u00f3n por la noche para ayudar a sus pulmones a acumular la acumulaci\u00f3n de fluidos.<\/p>\n<p><strong><u>Haga clic aqu\u00ed para obtener la aplicaci\u00f3n Fox News<\/u><\/strong><\/p>\n<p>Durante las \u00faltimas dos semanas, la Oficina de Prensa del Vaticano inform\u00f3 que el Papa se ha estabilizado, ya no necesita usar la m\u00e1scara de ventilaci\u00f3n por la noche, y est\u00e1 reduciendo su dependencia de altos flujos de ox\u00edgeno suplementario durante el d\u00eda.<\/p>\n<p>Alfieri dijo que el Papa ya no tiene neumon\u00eda doble, pero a\u00fan tiene algunas infecciones y debe continuar sanando.<\/p>\n<p><i>Courteney Walsh y The Associated Press contribuyeron a este informe.<\/i><\/p>\n<p> <!----> <\/p>\n<div class=\"article-meta\">\n<div class=\"author-bio\">\n<p>Danielle Wallace es reportera de noticias y pol\u00edticas en Fox News Digital. Los consejos de la historia se pueden enviar a danielle.wallace@fox.com y en X: @danimwallace. <\/p>\n<\/div>\n<\/div>\n<\/div>\n\n","protected":false},"excerpt":{"rendered":"<p>El Director M\u00e9dico del Hospital Gemelli, el Dr. Sergio Alfieri, anunci\u00f3 el s\u00e1bado que se espera que el Papa Francis sea dado de alta el domingo. El Vaticano tambi\u00e9n anunci\u00f3 que el pont\u00edfice aparecer\u00eda p\u00fablicamente el domingo por la ma\u00f1ana para bendecir a los fieles de su suite de 10 pisos en el hospital. Luego &hellip;<\/p>\n","protected":false},"author":1,"featured_media":19750,"comment_status":"open","ping_status":"open","sticky":false,"template":"","format":"standard","meta":{"fifu_image_url":"https:\/\/static.foxnews.com\/foxnews.com\/content\/uploads\/2025\/03\/ap25081623355168.jpg","fifu_image_alt":"","footnotes":""},"categories":[13],"tags":[],"class_list":["post-19748","post","type-post","status-publish","format-standard","has-post-thumbnail","","category-mundo"],"_links":{"self":[{"href":"https:\/\/noticiasveraces.com\/index.php?rest_route=\/wp\/v2\/posts\/19748","targetHints":{"allow":["GET"]}}],"collection":[{"href":"https:\/\/noticiasveraces.com\/index.php?rest_route=\/wp\/v2\/posts"}],"about":[{"href":"https:\/\/noticiasveraces.com\/index.php?rest_route=\/wp\/v2\/types\/post"}],"author":[{"embeddable":true,"href":"https:\/\/noticiasveraces.com\/index.php?rest_route=\/wp\/v2\/users\/1"}],"replies":[{"embeddable":true,"href":"https:\/\/noticiasveraces.com\/index.php?rest_route=%2Fwp%2Fv2%2Fcomments&post=19748"}],"version-history":[{"count":0,"href":"https:\/\/noticiasveraces.com\/index.php?rest_route=\/wp\/v2\/posts\/19748\/revisions"}],"wp:featuredmedia":[{"embeddable":true,"href":"https:\/\/noticiasveraces.com\/index.php?rest_route=\/wp\/v2\/media\/19750"}],"wp:attachment":[{"href":"https:\/\/noticiasveraces.com\/index.php?rest_route=%2Fwp%2Fv2%2Fmedia&parent=19748"}],"wp:term":[{"taxonomy":"category","embeddable":true,"href":"https:\/\/noticiasveraces.com\/index.php?rest_route=%2Fwp%2Fv2%2Fcategories&post=19748"},{"taxonomy":"post_tag","embeddable":true,"href":"https:\/\/noticiasveraces.com\/index.php?rest_route=%2Fwp%2Fv2%2Ftags&post=19748"}],"curies":[{"name":"wp","href":"https:\/\/api.w.org\/{rel}","templated":true}]}}