{"id":19746,"date":"2025-03-22T13:49:41","date_gmt":"2025-03-22T17:49:41","guid":{"rendered":"https:\/\/noticiasveraces.com\/?p=19746"},"modified":"2025-03-22T13:49:41","modified_gmt":"2025-03-22T17:49:41","slug":"israel-bombardea-libano-tras-interceptar-tres-proyectiles-dw-22-03-2025","status":"publish","type":"post","link":"https:\/\/noticiasveraces.com\/?p=19746","title":{"rendered":"Israel bombardea L\u00edbano tras interceptar tres proyectiles \u2013 DW \u2013 22\/03\/2025"},"content":{"rendered":"<p> \n<\/p>\n<div>\n<p>El Ej\u00e9rcito israel\u00ed bombarde\u00f3 este s\u00e1bado (22.03.2025) objetivos del movimiento Hezbol\u00e1 en el sur de L\u00edbano, tras la orden dada por el primer ministro, Benjam\u00edn Netanyahu, de atacar \u00abdecenas de blancos terroristas\u00bb en el pa\u00eds vecino, en respuesta a al lanzamiento de tres cohetes, que fueron interceptados. Hasta el momento, medios locales han recogido bombardeos en ciudades del sur de L\u00edbano como Kfar Kila o Tulin.<\/p>\n<p>La fuerza de la ONU en L\u00edbano (Finul), desplegada en el sur del pa\u00eds, expres\u00f3 en un comunicado su preocupaci\u00f3n y exhort\u00f3 \u00aba todas las partes a evitar comprometer los progresos realizados, especialmente cuando est\u00e1n en juego vidas civiles y la fr\u00e1gil estabilidad fr\u00e1gil\u00bb. \u00abCualquier nueva escalada podr\u00eda tener consecuencias graves para la regi\u00f3n\u00bb, alert\u00f3.<\/p>\n<p>Los ataques de Israel responden a los tres lanzamientos de cohetes que el Ej\u00e9rcito intercept\u00f3 a primera hora de la ma\u00f1ana y que hicieron sonar las alarmas antia\u00e9reas en la localidad israel\u00ed de Metula, a unos 150 metros de la l\u00ednea divisoria. La Agencia\u00a0Nacional de Noticias de L\u00edbano ANN asegur\u00f3 que las fuerzas armadas libanesas hallaron y desmantelaron, tras conocer los ataques al norte de Israel, tres lanzacohetes \u00abprimitivos\u00bb en Kfar Tibnit y Arnoun. Ning\u00fan grupo, tampoco Hezbol\u00e1, ha reivindicado el ataque.<\/p>\n<p>Es la primera vez que suenan las alarmas en el norte de Israel por un ataque lanzado desde L\u00edbano desde el 26 de noviembre de 2024, el d\u00eda previo a la entrada en vigor del alto el fuego entre Israel e Hizbul\u00e1, explicaron a EFE las Fuerzas Armadas.<\/p>\n<p>LGC (AFP, EFE)<\/p>\n<\/div>\n\n","protected":false},"excerpt":{"rendered":"<p>El Ej\u00e9rcito israel\u00ed bombarde\u00f3 este s\u00e1bado (22.03.2025) objetivos del movimiento Hezbol\u00e1 en el sur de L\u00edbano, tras la orden dada por el primer ministro, Benjam\u00edn Netanyahu, de atacar \u00abdecenas de blancos terroristas\u00bb en el pa\u00eds vecino, en respuesta a al lanzamiento de tres cohetes, que fueron interceptados. Hasta el momento, medios locales han recogido bombardeos &hellip;<\/p>\n","protected":false},"author":1,"featured_media":19747,"comment_status":"open","ping_status":"open","sticky":false,"template":"","format":"standard","meta":{"fifu_image_url":"https:\/\/static.dw.com\/image\/72005944_6.jpg","fifu_image_alt":"","footnotes":""},"categories":[13],"tags":[],"class_list":["post-19746","post","type-post","status-publish","format-standard","has-post-thumbnail","","category-mundo"],"_links":{"self":[{"href":"https:\/\/noticiasveraces.com\/index.php?rest_route=\/wp\/v2\/posts\/19746","targetHints":{"allow":["GET"]}}],"collection":[{"href":"https:\/\/noticiasveraces.com\/index.php?rest_route=\/wp\/v2\/posts"}],"about":[{"href":"https:\/\/noticiasveraces.com\/index.php?rest_route=\/wp\/v2\/types\/post"}],"author":[{"embeddable":true,"href":"https:\/\/noticiasveraces.com\/index.php?rest_route=\/wp\/v2\/users\/1"}],"replies":[{"embeddable":true,"href":"https:\/\/noticiasveraces.com\/index.php?rest_route=%2Fwp%2Fv2%2Fcomments&post=19746"}],"version-history":[{"count":0,"href":"https:\/\/noticiasveraces.com\/index.php?rest_route=\/wp\/v2\/posts\/19746\/revisions"}],"wp:featuredmedia":[{"embeddable":true,"href":"https:\/\/noticiasveraces.com\/index.php?rest_route=\/wp\/v2\/media\/19747"}],"wp:attachment":[{"href":"https:\/\/noticiasveraces.com\/index.php?rest_route=%2Fwp%2Fv2%2Fmedia&parent=19746"}],"wp:term":[{"taxonomy":"category","embeddable":true,"href":"https:\/\/noticiasveraces.com\/index.php?rest_route=%2Fwp%2Fv2%2Fcategories&post=19746"},{"taxonomy":"post_tag","embeddable":true,"href":"https:\/\/noticiasveraces.com\/index.php?rest_route=%2Fwp%2Fv2%2Ftags&post=19746"}],"curies":[{"name":"wp","href":"https:\/\/api.w.org\/{rel}","templated":true}]}}