{"id":19741,"date":"2025-03-22T12:16:49","date_gmt":"2025-03-22T16:16:49","guid":{"rendered":"https:\/\/noticiasveraces.com\/?p=19741"},"modified":"2025-03-22T12:16:49","modified_gmt":"2025-03-22T16:16:49","slug":"cucho-hernandez-dejo-ver-con-reaccion-su-gusto-por-el-america","status":"publish","type":"post","link":"https:\/\/noticiasveraces.com\/?p=19741","title":{"rendered":"\u2018Cucho\u2019 Hern\u00e1ndez dej\u00f3 ver con reacci\u00f3n su gusto por el Am\u00e9rica"},"content":{"rendered":"<p> \n<br \/><img decoding=\"async\" src=\"https:\/\/www.futbolred.com\/files\/article_graphic\/files\/crop\/uploads\/2025\/03\/16\/67d6fb7649621.r_1340770.0-42-1024-554.jpeg\" \/><\/p>\n<header>\n<h3>\n<p>                Curiosidades de f\u00fatbol<br \/>\n            <\/h3>\n<h1>\n<p>            \u2018Cucho\u2019 Hern\u00e1ndez dej\u00f3 ver con reacci\u00f3n su gusto por el Am\u00e9rica<br \/>\n        <\/h1>\n<address>\n            <a>Andres Rocha Florez<br \/>\n        <\/address>\n<p>            22 de marzo 2025 , 10:36 a.\u00a0m.<\/p>\n<\/header>\n<p>El delantero del Real Betis se sinti\u00f3 emocionado al ver la camiseta escarlata.<\/p>\n<p>Juan Camilo \u2018Cucho\u2019 Hern\u00e1ndez fich\u00f3 por el Real Betis y luego de convertir su primer gol con el conjunto espa\u00f1ol, el delantero entr\u00f3 en un mini periodo de descanso por la fecha FIFA, as\u00ed que aprovech\u00f3 para cumplir con algunos eventos programados por su actual club.<\/p>\n<p>El atacante estuvo junto a otro compa\u00f1ero firmando aut\u00f3grafos y se encontr\u00f3 con un aficionado colombiano que aprovech\u00f3 para tomarse una foto con el jugador posando con la camiseta del Am\u00e9rica de Cali.<\/p>\n<p>\u2018Cucho\u2019 Hern\u00e1ndez no ocult\u00f3 la emoci\u00f3n por ver la camiseta del escarlata y apenas le dio la fotograf\u00eda al aficionado, el delantero le cont\u00f3 a su compa\u00f1ero que \u201cjugu\u00e9 aqu\u00ed, en este club de Cali\u201d.<\/p>\n<p>Adem\u00e1s de ello, el delantero del Betis le dio un buen apret\u00f3n de manos al aficionado y continu\u00f3 firmando aut\u00f3grafos, pero qued\u00f3 claro que su paso por el Am\u00e9rica de Cali lo disfrut\u00f3, pese a que no tuvo su mejor rendimiento goleador.<\/p>\n<p>Cabe recordar que \u2018Cucho\u2019 Hern\u00e1ndez jug\u00f3 en 2016 con Am\u00e9rica, logrando 21 partidos disputados y 4 goles. Luego de ello, fue transferido a Europa para vestir la camiseta del Huesca.<\/p>\n\n","protected":false},"excerpt":{"rendered":"<p>Curiosidades de f\u00fatbol \u2018Cucho\u2019 Hern\u00e1ndez dej\u00f3 ver con reacci\u00f3n su gusto por el Am\u00e9rica Andres Rocha Florez 22 de marzo 2025 , 10:36 a.\u00a0m. El delantero del Real Betis se sinti\u00f3 emocionado al ver la camiseta escarlata. Juan Camilo \u2018Cucho\u2019 Hern\u00e1ndez fich\u00f3 por el Real Betis y luego de convertir su primer gol con el &hellip;<\/p>\n","protected":false},"author":1,"featured_media":19743,"comment_status":"open","ping_status":"open","sticky":false,"template":"","format":"standard","meta":{"fifu_image_url":"https:\/\/www.futbolred.com\/files\/og_thumbnail\/uploads\/2025\/03\/16\/67d6fb7649621.jpeg","fifu_image_alt":"","footnotes":""},"categories":[6],"tags":[],"class_list":["post-19741","post","type-post","status-publish","format-standard","has-post-thumbnail","","category-deportes"],"_links":{"self":[{"href":"https:\/\/noticiasveraces.com\/index.php?rest_route=\/wp\/v2\/posts\/19741","targetHints":{"allow":["GET"]}}],"collection":[{"href":"https:\/\/noticiasveraces.com\/index.php?rest_route=\/wp\/v2\/posts"}],"about":[{"href":"https:\/\/noticiasveraces.com\/index.php?rest_route=\/wp\/v2\/types\/post"}],"author":[{"embeddable":true,"href":"https:\/\/noticiasveraces.com\/index.php?rest_route=\/wp\/v2\/users\/1"}],"replies":[{"embeddable":true,"href":"https:\/\/noticiasveraces.com\/index.php?rest_route=%2Fwp%2Fv2%2Fcomments&post=19741"}],"version-history":[{"count":0,"href":"https:\/\/noticiasveraces.com\/index.php?rest_route=\/wp\/v2\/posts\/19741\/revisions"}],"wp:featuredmedia":[{"embeddable":true,"href":"https:\/\/noticiasveraces.com\/index.php?rest_route=\/wp\/v2\/media\/19743"}],"wp:attachment":[{"href":"https:\/\/noticiasveraces.com\/index.php?rest_route=%2Fwp%2Fv2%2Fmedia&parent=19741"}],"wp:term":[{"taxonomy":"category","embeddable":true,"href":"https:\/\/noticiasveraces.com\/index.php?rest_route=%2Fwp%2Fv2%2Fcategories&post=19741"},{"taxonomy":"post_tag","embeddable":true,"href":"https:\/\/noticiasveraces.com\/index.php?rest_route=%2Fwp%2Fv2%2Ftags&post=19741"}],"curies":[{"name":"wp","href":"https:\/\/api.w.org\/{rel}","templated":true}]}}