{"id":19725,"date":"2025-03-22T11:46:18","date_gmt":"2025-03-22T15:46:18","guid":{"rendered":"https:\/\/noticiasveraces.com\/?p=19725"},"modified":"2025-03-22T11:46:18","modified_gmt":"2025-03-22T15:46:18","slug":"mas-de-300-detenidos-en-turquia-tras-las-masivas-protestas-dw-22-03-2025","status":"publish","type":"post","link":"https:\/\/noticiasveraces.com\/?p=19725","title":{"rendered":"M\u00e1s de 300 detenidos en Turqu\u00eda tras las masivas protestas \u2013 DW \u2013 22\/03\/2025"},"content":{"rendered":"<p> \n<\/p>\n<div>\n<p>La Polic\u00eda turca ha detenido a 343 personas, muchas de ellas estudiantes, en varias operaciones policiales paralelas con redadas en residencias universitarias \u00aben nueve provincias\u00bb del pa\u00eds, pocas horas despu\u00e9s de las protestas multitudinarias que el viernes se prolongaron hasta la medianoche, inform\u00f3 este s\u00e1bado (22.03.2025) el ministro del Interior turco, Ali Yerlikaya.<\/p>\n<p>Ayer, poco antes de la medianoche, Yerlikaya hab\u00eda cifrado en 97 los arrestados por \u00abda\u00f1ar la propiedad p\u00fablica y resistirse a la ley\u00bb en las ciudades de Estambul, Esmirna y Ankara. El diario Birg\u00fcn contabilizaba esta madrugada al menos 31 detenidos en allanamientos realizados por la polic\u00eda en viviendas de estudiantes en Ankara, aunque tambi\u00e9n hubo redadas en Estambul, Esmirna, Eskisehir, Canakkale, Antalya y Adana.<\/p>\n<p>La contestaci\u00f3n se extiende en Turqu\u00eda y trasciende el arresto del alcalde de Estambul, Ekrem Imamoglu, principal rival del presidente,\u00a0Recep Tayyip Erdogan, al que los manifestantes desaf\u00edan en las calles. Millones de personas salieron anoche a las calles de todo el pa\u00eds respondiendo al llamamiento del mayor partido de la oposici\u00f3n, el socialdem\u00f3crata Partido Republicano del Pueblo (CHP), para protestar contra la detenci\u00f3n de Imamoglu el mi\u00e9rcoles por cargos de corrupci\u00f3n y terrorismo.<\/p>\n<p>El expresidente del pa\u00eds Abdullah G\u00fcl, que junto a Erdogan fue cofundador AKP en 2001, pero abandon\u00f3 esta formaci\u00f3n tras la deriva autoritaria de su gobierno, critic\u00f3 el arresto de Imamoglu. G\u00fcl record\u00f3 la presi\u00f3n judicial que sufri\u00f3 el AKP en sus primeros a\u00f1os y la condena de cuatro meses impuesta a Erdogan en 1999 por leer un poema de tintes islamistas. \u00abLo que se hizo con el presidente Tayyip Erdogan y conmigo en el pasado no deber\u00eda hacerse con Ekrem Imamoglu. Si se pierde la ley y la justicia, Turqu\u00eda perder\u00e1\u00bb, declar\u00f3 G\u00fcL.<\/p>\n<p>La ola de protestas es in\u00e9dita desde las grandes manifestacionesque empezaron en el parque Gezi y la plaza Taksim de Estambul y sacudieron el pa\u00eds en 2013. \u00abEsto no concierne \u00fanicamente al CHP, sino a todo el mundo. La pregunta es saber si Turqu\u00eda vivir\u00e1 bajo un r\u00e9gimen autoritario o si ser\u00e1 un pa\u00eds democr\u00e1tico\u00bb, dijo Ilhan Uzgel, vicepresidente encargado de las relaciones exteriores del CHP, partido que pretend\u00eda celebrar sus primarias este domingo con Imamoglu como \u00fanico candidato.<\/p>\n<p>LGC (EFE, AFP)<\/p>\n<figure class=\"placeholder-image master_landscape big\"><img data-format=\"MASTER_LANDSCAPE\" data-id=\"72005188\" data-url=\"https:\/\/static.dw.com\/image\/72005188_${formatId}.jpg\" data-aspect-ratio=\"16\/9\" alt=\"La polic\u00eda usa gases lacrim\u00f3genos contra los manifestantes, la noche del viernes en Estambul.\" style=\"padding-bottom: 56.25%; height: 0; max-height: 0;\"\/><figcaption class=\"img-caption\">La polic\u00eda usa gases lacrim\u00f3genos contra los manifestantes, la noche del viernes en Estambul.<small class=\"copyright\">Imagen: Umit Bektas\/REUTERS<\/small><\/figcaption><\/figure>\n<\/div>\n\n","protected":false},"excerpt":{"rendered":"<p>La Polic\u00eda turca ha detenido a 343 personas, muchas de ellas estudiantes, en varias operaciones policiales paralelas con redadas en residencias universitarias \u00aben nueve provincias\u00bb del pa\u00eds, pocas horas despu\u00e9s de las protestas multitudinarias que el viernes se prolongaron hasta la medianoche, inform\u00f3 este s\u00e1bado (22.03.2025) el ministro del Interior turco, Ali Yerlikaya. Ayer, poco &hellip;<\/p>\n","protected":false},"author":1,"featured_media":19726,"comment_status":"open","ping_status":"open","sticky":false,"template":"","format":"standard","meta":{"fifu_image_url":"https:\/\/static.dw.com\/image\/72005224_6.jpg","fifu_image_alt":"","footnotes":""},"categories":[13],"tags":[],"class_list":["post-19725","post","type-post","status-publish","format-standard","has-post-thumbnail","","category-mundo"],"_links":{"self":[{"href":"https:\/\/noticiasveraces.com\/index.php?rest_route=\/wp\/v2\/posts\/19725","targetHints":{"allow":["GET"]}}],"collection":[{"href":"https:\/\/noticiasveraces.com\/index.php?rest_route=\/wp\/v2\/posts"}],"about":[{"href":"https:\/\/noticiasveraces.com\/index.php?rest_route=\/wp\/v2\/types\/post"}],"author":[{"embeddable":true,"href":"https:\/\/noticiasveraces.com\/index.php?rest_route=\/wp\/v2\/users\/1"}],"replies":[{"embeddable":true,"href":"https:\/\/noticiasveraces.com\/index.php?rest_route=%2Fwp%2Fv2%2Fcomments&post=19725"}],"version-history":[{"count":0,"href":"https:\/\/noticiasveraces.com\/index.php?rest_route=\/wp\/v2\/posts\/19725\/revisions"}],"wp:featuredmedia":[{"embeddable":true,"href":"https:\/\/noticiasveraces.com\/index.php?rest_route=\/wp\/v2\/media\/19726"}],"wp:attachment":[{"href":"https:\/\/noticiasveraces.com\/index.php?rest_route=%2Fwp%2Fv2%2Fmedia&parent=19725"}],"wp:term":[{"taxonomy":"category","embeddable":true,"href":"https:\/\/noticiasveraces.com\/index.php?rest_route=%2Fwp%2Fv2%2Fcategories&post=19725"},{"taxonomy":"post_tag","embeddable":true,"href":"https:\/\/noticiasveraces.com\/index.php?rest_route=%2Fwp%2Fv2%2Ftags&post=19725"}],"curies":[{"name":"wp","href":"https:\/\/api.w.org\/{rel}","templated":true}]}}