{"id":19705,"date":"2025-03-22T08:40:11","date_gmt":"2025-03-22T12:40:11","guid":{"rendered":"https:\/\/noticiasveraces.com\/?p=19705"},"modified":"2025-03-22T08:40:11","modified_gmt":"2025-03-22T12:40:11","slug":"enviado-especial-israeli-para-combatir-el-antisemitismo-advierte-del-odio-letal-convencional","status":"publish","type":"post","link":"https:\/\/noticiasveraces.com\/?p=19705","title":{"rendered":"Enviado especial israel\u00ed para combatir el antisemitismo advierte del &#8216;odio letal convencional&#8217;"},"content":{"rendered":"<p> \n<\/p>\n<div>\n<p class=\"speakable\">A medida que Israel se enfoca en medio de la guerra en curso contra Hamas, el antisemitismo ha aumentado en todo el mundo. La Liga Anti-Defamaci\u00f3n (ADL) dijo que registr\u00f3 m\u00e1s de 10,000 incidentes antisem\u00edticos en los Estados Unidos entre el 7 de octubre de 2023 y el 6 de octubre de 2024. El ADL dijo que fue el mayor n\u00famero de incidentes registrados en un solo a\u00f1o desde que comenz\u00f3 a rastrear dichos datos en 1979. <\/p>\n<p class=\"speakable\">A ra\u00edz del d\u00eda m\u00e1s mortal para el pueblo jud\u00edo desde el Holocausto, las protestas estallaron en los campus universitarios y en las calles de las principales ciudades. De hecho, el 8 de octubre de 2023, solo un d\u00eda despu\u00e9s de la masacre y antes de las represalias de Israel, una multitud se reuni\u00f3 en Times Square para celebrar a los atacantes y condenar a las v\u00edctimas.<\/p>\n<div class=\"image-ct inline\">\n<div class=\"m\"><picture><source media=\"(max-width: 767px)\" srcset=\"https:\/\/a57.foxnews.com\/static.foxnews.com\/foxnews.com\/content\/uploads\/2025\/03\/343\/192\/oct-8-23-protest-times-square.jpg?ve=1&amp;tl=1, https:\/\/a57.foxnews.com\/static.foxnews.com\/foxnews.com\/content\/uploads\/2025\/03\/686\/384\/oct-8-23-protest-times-square.jpg?ve=1&amp;tl=1 2x\" height=\"192\" width=\"343\"><source media=\"(min-width: 768px) and (max-width: 1023px)\" srcset=\"https:\/\/a57.foxnews.com\/static.foxnews.com\/foxnews.com\/content\/uploads\/2025\/03\/672\/378\/oct-8-23-protest-times-square.jpg?ve=1&amp;tl=1, https:\/\/a57.foxnews.com\/static.foxnews.com\/foxnews.com\/content\/uploads\/2025\/03\/1344\/756\/oct-8-23-protest-times-square.jpg?ve=1&amp;tl=1 2x\" height=\"378\" width=\"672\"><source media=\"(min-width: 1024px) and (max-width: 1279px)\" srcset=\"https:\/\/a57.foxnews.com\/static.foxnews.com\/foxnews.com\/content\/uploads\/2025\/03\/931\/523\/oct-8-23-protest-times-square.jpg?ve=1&amp;tl=1, https:\/\/a57.foxnews.com\/static.foxnews.com\/foxnews.com\/content\/uploads\/2025\/03\/1862\/1046\/oct-8-23-protest-times-square.jpg?ve=1&amp;tl=1 2x\" height=\"523\" width=\"931\"><source media=\"(min-width: 1280px)\" srcset=\"https:\/\/a57.foxnews.com\/static.foxnews.com\/foxnews.com\/content\/uploads\/2025\/03\/720\/405\/oct-8-23-protest-times-square.jpg?ve=1&amp;tl=1, https:\/\/a57.foxnews.com\/static.foxnews.com\/foxnews.com\/content\/uploads\/2025\/03\/1440\/810\/oct-8-23-protest-times-square.jpg?ve=1&amp;tl=1 2x\" height=\"405\" width=\"720\"><img loading=\"lazy\" decoding=\"async\" src=\"https:\/\/a57.foxnews.com\/static.foxnews.com\/foxnews.com\/content\/uploads\/2025\/03\/1200\/675\/oct-8-23-protest-times-square.jpg?ve=1&amp;tl=1\" alt=\"Los manifestantes pro-palestinos se re\u00fanen en Times Square el 8 de octubre de 2023\" width=\"1200\" height=\"675\"\/><\/source><\/source><\/source><\/source><\/picture><\/div>\n<div class=\"info\">\n<div class=\"caption\">\n<p><span>Los manifestantes pro-palestinos protestan en Times Square el segundo d\u00eda del conflicto en curso entre Israel y el grupo militante palestino Hamas, en Manhattan en la ciudad de Nueva York, el 8 de octubre de 2023. <\/span> <span>(Reuters\/Jeenah Moon)<\/span><\/p>\n<\/div>\n<\/div>\n<\/div>\n<p><strong>Influencer pro-Israel dice que los estudiantes de la Universidad Elite mostraron antisemitismo \u00aben cuesti\u00f3n de segundos de ir encubierto<\/strong><\/p>\n<p>\u00abEl mismo antisemitismo letal que aliment\u00f3 las atrocidades, los cr\u00edmenes de guerra, los cr\u00edmenes contra la humanidad perpetrados el 7 de octubre es el antisemitismo que alimenta las respuestas a las atrocidades, a los cr\u00edmenes de guerra, a los cr\u00edmenes contra la humanidad perpetrados el 7 de octubre del 7 de octubre\u00bb, el env\u00edo especial de Israel por el bosque de los cr\u00edmenes de los antisemitismos de los novatos. <\/p>\n<p>Cotler-Wunsh advierte que hay un \u00abtsunami global\u00bb del antisemitismo, y el antisionismo es una \u00abnueva cepa\u00bb de \u00abun virus letal siempre mutante\u00bb.<\/p>\n<p>\u00abSi rastreamos estos momentos en los que hemos visto esta reacci\u00f3n insondable, podr\u00edamos rastrearla a la ejecuci\u00f3n, [the] La ejecuci\u00f3n de quemarropa de seis de los rehenes que se llevaron a cabo en cautiverio, uno, por supuesto, siendo estadounidense-israel\u00ed Hersh Goldberg-Polin \u00ab, dijo Cotler-Wunsh a Fox News Digital.<\/p>\n<div class=\"image-ct inline\">\n<div class=\"m\"><picture><source media=\"(max-width: 767px)\" srcset=\"https:\/\/a57.foxnews.com\/static.foxnews.com\/foxnews.com\/content\/uploads\/2024\/07\/343\/192\/Netanyahu_Protest_DC_02_1.jpg?ve=1&amp;tl=1, https:\/\/a57.foxnews.com\/static.foxnews.com\/foxnews.com\/content\/uploads\/2024\/07\/686\/384\/Netanyahu_Protest_DC_02_1.jpg?ve=1&amp;tl=1 2x\" height=\"192\" width=\"343\"><source media=\"(min-width: 768px) and (max-width: 1023px)\" srcset=\"https:\/\/a57.foxnews.com\/static.foxnews.com\/foxnews.com\/content\/uploads\/2024\/07\/672\/378\/Netanyahu_Protest_DC_02_1.jpg?ve=1&amp;tl=1, https:\/\/a57.foxnews.com\/static.foxnews.com\/foxnews.com\/content\/uploads\/2024\/07\/1344\/756\/Netanyahu_Protest_DC_02_1.jpg?ve=1&amp;tl=1 2x\" height=\"378\" width=\"672\"><source media=\"(min-width: 1024px) and (max-width: 1279px)\" srcset=\"https:\/\/a57.foxnews.com\/static.foxnews.com\/foxnews.com\/content\/uploads\/2024\/07\/931\/523\/Netanyahu_Protest_DC_02_1.jpg?ve=1&amp;tl=1, https:\/\/a57.foxnews.com\/static.foxnews.com\/foxnews.com\/content\/uploads\/2024\/07\/1862\/1046\/Netanyahu_Protest_DC_02_1.jpg?ve=1&amp;tl=1 2x\" height=\"523\" width=\"931\"><source media=\"(min-width: 1280px)\" srcset=\"https:\/\/a57.foxnews.com\/static.foxnews.com\/foxnews.com\/content\/uploads\/2024\/07\/720\/405\/Netanyahu_Protest_DC_02_1.jpg?ve=1&amp;tl=1, https:\/\/a57.foxnews.com\/static.foxnews.com\/foxnews.com\/content\/uploads\/2024\/07\/1440\/810\/Netanyahu_Protest_DC_02_1.jpg?ve=1&amp;tl=1 2x\" height=\"405\" width=\"720\"><img loading=\"lazy\" decoding=\"async\" src=\"https:\/\/a57.foxnews.com\/static.foxnews.com\/foxnews.com\/content\/uploads\/2024\/07\/1200\/675\/Netanyahu_Protest_DC_02_1.jpg?ve=1&amp;tl=1\" alt=\"Los activistas anti-Israel March en Washington, DC durante el discurso del primer ministro israel\u00ed de Netanyahu al Congreso\" width=\"1200\" height=\"675\"\/><\/source><\/source><\/source><\/source><\/picture><\/div>\n<div class=\"info\">\n<div class=\"caption\">\n<p><span>Los manifestantes anti-Israel marchan en Capitol Hill el 24 de julio de 2024 en Washington, DC.<\/span> <span>(Foto de Michael A. McCoy\/Getty Images)<\/span><\/p>\n<\/div>\n<\/div>\n<\/div>\n<p><strong>ADL alega que los editores de Wikipedia participan en &#8216;campa\u00f1a coordinada&#8217; contra Israel<\/strong><\/p>\n<p>\u00abY la comprensi\u00f3n de que en respuesta a esa ejecuci\u00f3n en blanco, en lugar de ver la indignaci\u00f3n en las calles, incluso en la ciudad de Nueva York, lo que vimos fue apoyo para Hamas, los verdugos, si lo desea. Hamas, una organizaci\u00f3n terrorista genocida designada como tal por los Estados Unidos de Am\u00e9rica\u00bb.<\/p>\n<p>Mientras el antisemitismo estaba en aumento antes del 7 de octubre, los ataques \u00abestafaron muchas, muchas m\u00e1scaras\u00bb, seg\u00fan Cotler-Wunsh. Sin embargo, ella enfatiza que esto no es solo un problema para los jud\u00edos; Este es un disparo de advertencia para la humanidad.<\/p>\n<p>\u00abLo que hemos visto sistem\u00e1ticamente en esta normalizaci\u00f3n hist\u00f3ricamente a trav\u00e9s del tiempo es que el antisemitismo, cuando se trata de este estado de odio letal corriente normalizado, solo predice lo que es una gran amenaza para la libertad, la humanidad y la dignidad de la diferencia\u00bb.<\/p>\n<p>Al hablar sobre las protestas vistas en las universidades de Am\u00e9rica, Cotler-Wunsh se\u00f1al\u00f3 los ejemplos de profesores que elogiaron o minimizaron los ataques del 7 de octubre, incluido el profesor de Cornell Russell Rickford, quien describi\u00f3 la masacre como \u00abestimulante\u00bb. Ella cree que las escuelas deben comenzar a aplicar consistentemente pol\u00edticas y tomar medidas en\u00e9rgicas contra las violaciones sist\u00e9micas de esas pol\u00edticas, como las manifestaciones anti-Israel observadas en tantos campus.<\/p>\n<p>\u00abNinguna regla que no se aplique por igual y de manera consistente valga el documento en el que est\u00e1 escrito\u00bb, dijo Cotler-Wunsh a Fox News Digital.<\/p>\n<div class=\"image-ct inline\">\n<div class=\"m\"><picture><source media=\"(max-width: 767px)\" srcset=\"https:\/\/a57.foxnews.com\/static.foxnews.com\/foxnews.com\/content\/uploads\/2024\/04\/343\/192\/62915b65-Columbia-University-Palestine-Protests-NYC_02.jpg?ve=1&amp;tl=1, https:\/\/a57.foxnews.com\/static.foxnews.com\/foxnews.com\/content\/uploads\/2024\/04\/686\/384\/62915b65-Columbia-University-Palestine-Protests-NYC_02.jpg?ve=1&amp;tl=1 2x\" height=\"192\" width=\"343\"><source media=\"(min-width: 768px) and (max-width: 1023px)\" srcset=\"https:\/\/a57.foxnews.com\/static.foxnews.com\/foxnews.com\/content\/uploads\/2024\/04\/672\/378\/62915b65-Columbia-University-Palestine-Protests-NYC_02.jpg?ve=1&amp;tl=1, https:\/\/a57.foxnews.com\/static.foxnews.com\/foxnews.com\/content\/uploads\/2024\/04\/1344\/756\/62915b65-Columbia-University-Palestine-Protests-NYC_02.jpg?ve=1&amp;tl=1 2x\" height=\"378\" width=\"672\"><source media=\"(min-width: 1024px) and (max-width: 1279px)\" srcset=\"https:\/\/a57.foxnews.com\/static.foxnews.com\/foxnews.com\/content\/uploads\/2024\/04\/931\/523\/62915b65-Columbia-University-Palestine-Protests-NYC_02.jpg?ve=1&amp;tl=1, https:\/\/a57.foxnews.com\/static.foxnews.com\/foxnews.com\/content\/uploads\/2024\/04\/1862\/1046\/62915b65-Columbia-University-Palestine-Protests-NYC_02.jpg?ve=1&amp;tl=1 2x\" height=\"523\" width=\"931\"><source media=\"(min-width: 1280px)\" srcset=\"https:\/\/a57.foxnews.com\/static.foxnews.com\/foxnews.com\/content\/uploads\/2024\/04\/720\/405\/62915b65-Columbia-University-Palestine-Protests-NYC_02.jpg?ve=1&amp;tl=1, https:\/\/a57.foxnews.com\/static.foxnews.com\/foxnews.com\/content\/uploads\/2024\/04\/1440\/810\/62915b65-Columbia-University-Palestine-Protests-NYC_02.jpg?ve=1&amp;tl=1 2x\" height=\"405\" width=\"720\"><img loading=\"lazy\" decoding=\"async\" src=\"https:\/\/a57.foxnews.com\/static.foxnews.com\/foxnews.com\/content\/uploads\/2024\/04\/1200\/675\/62915b65-Columbia-University-Palestine-Protests-NYC_02.jpg?ve=1&amp;tl=1\" alt=\"Estudiantes manifestantes se re\u00fanen en protesta dentro de su campamento en el campus de la Universidad de Columbia\" width=\"1200\" height=\"675\"\/><\/source><\/source><\/source><\/source><\/picture><\/div>\n<div class=\"info\">\n<div class=\"caption\">\n<p><span>Los manifestantes estudiantiles se re\u00fanen en protesta dentro de su campamento en el campus de la Universidad de Columbia, el lunes 29 de abril de 2024, en Nueva York.<\/span> <span>(AP Photo\/Stefan Jeremiah)<\/span><\/p>\n<\/div>\n<\/div>\n<\/div>\n<p><strong><u>Haga clic aqu\u00ed para obtener la aplicaci\u00f3n Fox News<\/u><\/strong><\/p>\n<p>Sin embargo, Cotler-Wunsh dice que hacer cumplir las reglas es solo el primer paso. Ella cree que las instituciones de todo el mundo, no solo las universidades, necesitan adoptar la definici\u00f3n de antisemitismo de la Alianza del Recuerdo Internacional del Holocausto (IHRA).<\/p>\n<p>La definici\u00f3n de IHRA establece: \u00abEl antisemitismo es una cierta percepci\u00f3n de los jud\u00edos, que puede expresarse como odio hacia los jud\u00edos. Las manifestaciones ret\u00f3ricas y f\u00edsicas del antisemitismo est\u00e1n dirigidas hacia individuos jud\u00edos o no jud\u00edos y\/o su propiedad, hacia las instituciones de la comunidad jud\u00eda y las instalaciones religiosas\u00bb.<\/p>\n<p>Si bien criticar a Israel no es necesariamente un acto antisemita, incluso bajo la definici\u00f3n de la IHRA, \u00abafirmar que la existencia de un estado de Israel es un esfuerzo racista\u00bb es considerada antisemita por los est\u00e1ndares de la IHRA.<\/p>\n<p>Los pa\u00edses e instituciones de todo el mundo, como los Estados Unidos y las Naciones Unidas, han adoptado la definici\u00f3n de antisemitismo de IHRA. El movimiento antisemitismo de combate dice que a partir del 1 de febrero de 2025, 1,266 entidades han adoptado la definici\u00f3n, que incluye gobiernos nacionales y locales, as\u00ed como organizaciones internacionales.<\/p>\n<p> <!----> <\/p>\n<div class=\"article-meta\">\n<div class=\"author-bio\">\n<p>Rachel Wolf es una escritora de noticias de Fox News Digital y Fox Business.<\/p>\n<\/div>\n<\/div>\n<\/div>\n\n","protected":false},"excerpt":{"rendered":"<p>A medida que Israel se enfoca en medio de la guerra en curso contra Hamas, el antisemitismo ha aumentado en todo el mundo. La Liga Anti-Defamaci\u00f3n (ADL) dijo que registr\u00f3 m\u00e1s de 10,000 incidentes antisem\u00edticos en los Estados Unidos entre el 7 de octubre de 2023 y el 6 de octubre de 2024. El ADL &hellip;<\/p>\n","protected":false},"author":1,"featured_media":19707,"comment_status":"open","ping_status":"open","sticky":false,"template":"","format":"standard","meta":{"fifu_image_url":"https:\/\/static.foxnews.com\/foxnews.com\/content\/uploads\/2024\/07\/Netanyahu_Protest_DC_02_1.jpg","fifu_image_alt":"","footnotes":""},"categories":[13],"tags":[],"class_list":["post-19705","post","type-post","status-publish","format-standard","has-post-thumbnail","","category-mundo"],"_links":{"self":[{"href":"https:\/\/noticiasveraces.com\/index.php?rest_route=\/wp\/v2\/posts\/19705","targetHints":{"allow":["GET"]}}],"collection":[{"href":"https:\/\/noticiasveraces.com\/index.php?rest_route=\/wp\/v2\/posts"}],"about":[{"href":"https:\/\/noticiasveraces.com\/index.php?rest_route=\/wp\/v2\/types\/post"}],"author":[{"embeddable":true,"href":"https:\/\/noticiasveraces.com\/index.php?rest_route=\/wp\/v2\/users\/1"}],"replies":[{"embeddable":true,"href":"https:\/\/noticiasveraces.com\/index.php?rest_route=%2Fwp%2Fv2%2Fcomments&post=19705"}],"version-history":[{"count":0,"href":"https:\/\/noticiasveraces.com\/index.php?rest_route=\/wp\/v2\/posts\/19705\/revisions"}],"wp:featuredmedia":[{"embeddable":true,"href":"https:\/\/noticiasveraces.com\/index.php?rest_route=\/wp\/v2\/media\/19707"}],"wp:attachment":[{"href":"https:\/\/noticiasveraces.com\/index.php?rest_route=%2Fwp%2Fv2%2Fmedia&parent=19705"}],"wp:term":[{"taxonomy":"category","embeddable":true,"href":"https:\/\/noticiasveraces.com\/index.php?rest_route=%2Fwp%2Fv2%2Fcategories&post=19705"},{"taxonomy":"post_tag","embeddable":true,"href":"https:\/\/noticiasveraces.com\/index.php?rest_route=%2Fwp%2Fv2%2Ftags&post=19705"}],"curies":[{"name":"wp","href":"https:\/\/api.w.org\/{rel}","templated":true}]}}