{"id":19695,"date":"2025-03-22T06:07:43","date_gmt":"2025-03-22T10:07:43","guid":{"rendered":"https:\/\/noticiasveraces.com\/?p=19695"},"modified":"2025-03-22T06:07:43","modified_gmt":"2025-03-22T10:07:43","slug":"amazon-pide-un-48-mas-de-agua-para-sus-centros-de-datos-de-aragon-tecnologia","status":"publish","type":"post","link":"https:\/\/noticiasveraces.com\/?p=19695","title":{"rendered":"Amazon pide un 48% m\u00e1s de agua para sus centros de datos de Arag\u00f3n | Tecnolog\u00eda"},"content":{"rendered":"<p> \n<br \/><img decoding=\"async\" src=\"https:\/\/imagenes.elpais.com\/resizer\/v2\/QAJWQ5ERFVGYFHUDS3SQHFZTGE.jpg?auth=e99ae75ff498ee10602165f3cfa1abf009fbb8d76aafedfa79ca3c3cdfd0ff78\" \/><\/p>\n<div data-dtm-region=\"articulo_cuerpo\">\n<p class=\"\">Amazon Web Services (AWS), la filial de computaci\u00f3n en la nube del grupo, ha solicitado una ampliaci\u00f3n del 48% de la disponibilidad de agua para sus tres centros de datos de Arag\u00f3n (El Burgo de Ebro y Villanueva de G\u00e1llego, en Zaragoza; y Plhus, en Huesca). As\u00ed lo notific\u00f3 la compa\u00f1\u00eda el pasado 20 de diciembre al Instituto Aragon\u00e9s de Gesti\u00f3n Ambiental (Inaga), el organismo responsable de otorgar o denegar los permisos ambientales necesarios para desarrollar este tipo de proyectos, en tres documentos a los que ha tenido acceso EL PA\u00cdS.<\/p>\n<p class=\"\">AWS anunci\u00f3 en mayo del a\u00f1o pasado una inversi\u00f3n r\u00e9cord de 15.700 millones de euros en la comunidad aragonesa hasta 2033 para ampliar los tres centros de datos que ya ten\u00eda operativos desde 2023. El Gobierno de Arag\u00f3n le otorg\u00f3 al proyecto la declaraci\u00f3n de inter\u00e9s estrat\u00e9gico, lo que acelera los tr\u00e1mites administrativos. Microsoft tambi\u00e9n levantar\u00e1 su propio campus de centros de datos en la regi\u00f3n, con una inversi\u00f3n estimada en torno a los 9.000 millones de euros.<\/p>\n<aside class=\"a_ei\">\n<header class=\"a_ei_h _db\">M\u00e1s informaci\u00f3n<\/header>\n<\/aside>\n<p class=\"\">Uno de los requisitos para que el proyecto obtenga luz verde es obtener el visto bueno de su plan ambiental. Amazon remiti\u00f3 a las autoridades la documentaci\u00f3n pertinente, pero en diciemebre mando una actualizaci\u00f3n, con el subt\u00edtulo \u201cProyecto de aumento del consumo de agua\u201d. En el escrito se especifica que la compa\u00f1\u00eda quiere aumentar el consumo h\u00eddrico m\u00e1ximo de 36,4 a 53,9 millones de litros anuales en cada uno de sus tres complejos.<\/p>\n<p class=\"\">\u201cSi bien los consumos originales no se exceder\u00e1n en un a\u00f1o nominal, el aumento del uso del agua est\u00e1 teniendo en cuenta el impacto clim\u00e1tico\u201d, lee la introducci\u00f3n de las solicitudes de Estudio de Impacto Ambiental de los tres centros de datos. \u201cLa exposici\u00f3n a periodos prolongados de altas temperaturas ambientales tiene un impacto inevitable y directo en el agua consumida por los centros de datos, haciendo que la demanda de agua de abastecimiento durante los periodos de calor aumente\u201d, se dice tambi\u00e9n. Es decir, Amazon justifica ese aumento del 48% por el cambio clim\u00e1tico.<\/p>\n<p class=\"\">Los centros de datos, que pueden imaginarse como grandes naves industriales llenas de hileras de servidores, necesitan agua para refrigerar sus sistemas. Cuando la temperatura de esas instalaciones excede los 28 grados, se activan m\u00e9todos para enfriar los procesadores y evitar que se estropeen. Hay distintas t\u00e9cnicas para evitar que se sobrecalienten las m\u00e1quinas: desde la pulverizaci\u00f3n de agua fr\u00eda en el ambiente hasta otros sistemas m\u00e1s sofisticados de circuito cerrado que hacen recircular el agua por los circuitos y que, tras evaporarse, se recupera con condensadores.<\/p>\n<p class=\"\">El aumento del 48% que propone Amazon se debe a que la compa\u00f1\u00eda estima que habr\u00e1 m\u00e1s d\u00edas c\u00e1lidos al a\u00f1o de lo previsto, y que, por tanto, sus sistemas de refrigeraci\u00f3n tendr\u00e1n que emplearse con m\u00e1s frecuencia de lo indicado en la primera memoria ambiental. \u201cLlama la atenci\u00f3n que los c\u00e1lculos de d\u00edas calurosos son los mismos para los tres complejos, independientemente de si se encuentran en zonas urbanas o no\u201d, apunta Luis Garc\u00eda, del grupo de Ecologistas en Acci\u00f3n de Centros de Datos.<\/p>\n<p class=\"\">Esa ONG, junto con Tu Nube Seca Mi R\u00edo, acaban de presentar una nueva ronda de alegaciones contra la ampliaci\u00f3n de los proyectos. Lo hicieron en cuanto se les notific\u00f3, en febrero, la solicitud de Amazon para obtener m\u00e1s agua para sus centros de datos. \u201cAunque Amazon tiene raz\u00f3n en que el cambio clim\u00e1tico eleva los d\u00edas anuales de altas temperaturas, no lo consideramos un motivo que justifique un aumento del consumo de agua para su actividad\u201d, sostienen estos colectivos. \u201cPrimero, porque el cambio clim\u00e1tico ya se tuvo que haber tenido en cuenta en la solicitud original de autorizaci\u00f3n ambiental, ya que no es un fen\u00f3meno que haya llegado este a\u00f1o. Y segundo, porque en las condiciones de estr\u00e9s h\u00eddrico que se describen es precisamente cuando se deber\u00eda limitar el consumo de esta industria para garantizar el acceso al agua a la poblaci\u00f3n y agricultura\u201d. En conclusi\u00f3n, piden \u201cque no se tramite esta autorizaci\u00f3n ambiental y que se implemente mecanismos de vigilancia eficaces e independientes\u201d.<\/p>\n<p class=\"\">Fuentes de AWS, por su parte, insisten en que esta nueva petici\u00f3n responde al aumento de temperaturas en Espa\u00f1a y en Arag\u00f3n en los \u00faltimos a\u00f1os. Tambi\u00e9n indican que los 53,9 millones de litros anuales a los que tendr\u00e1 derecho cada uno de los tres complejos es un tope \u201cpara a\u00f1os an\u00f3malos y extremadamente calurosos como fue 2022\u2033.<\/p>\n<p class=\"\">Ecologistas en Acci\u00f3n y Tu Nube Seca Mi R\u00edo ya presentaron en enero alegaciones al proyecto original de ampliaci\u00f3n de los centros de datos de Amazon en Arag\u00f3n. En esa ocasi\u00f3n defend\u00edan, entre otras cuestiones, que las promesas de empleo asociadas al proyecto no eran cre\u00edbles, que el consumo el\u00e9ctrico de estos centros de datos superar\u00eda la capacidad energ\u00e9tica actual de Arag\u00f3n y que su alto consumo de agua era \u201cinaceptable\u201d en un contexto de creciente estr\u00e9s h\u00eddrico.<\/p>\n<p class=\"\">El ejecutivo auton\u00f3mico modific\u00f3 en mayo del a\u00f1o pasado el Proyecto de Inter\u00e9s General (PIGA) aprobado en 2020 para ampliar la potencia de las instalaciones de El Burgo de Ebro hasta los 100 megavatios cuando alcance su plena potencia, equipar\u00e1ndolo as\u00ed a sus centros gemelos de Villanueva de G\u00e1llego y Huesca. Cuando los tres complejos est\u00e9n totalmente desarrollados, y si llegan a trabajar a pleno rendimiento, consumir\u00e1n unos 11.000 gigavatios por hora (11GWh), m\u00e1s de lo que gasta toda la Comunidad Aut\u00f3noma de Arag\u00f3n entera.<\/p>\n<\/div>\n\n","protected":false},"excerpt":{"rendered":"<p>Amazon Web Services (AWS), la filial de computaci\u00f3n en la nube del grupo, ha solicitado una ampliaci\u00f3n del 48% de la disponibilidad de agua para sus tres centros de datos de Arag\u00f3n (El Burgo de Ebro y Villanueva de G\u00e1llego, en Zaragoza; y Plhus, en Huesca). As\u00ed lo notific\u00f3 la compa\u00f1\u00eda el pasado 20 de &hellip;<\/p>\n","protected":false},"author":1,"featured_media":19697,"comment_status":"open","ping_status":"open","sticky":false,"template":"","format":"standard","meta":{"fifu_image_url":"https:\/\/imagenes.elpais.com\/resizer\/v2\/QAJWQ5ERFVGYFHUDS3SQHFZTGE.jpg?auth=e99ae75ff498ee10602165f3cfa1abf009fbb8d76aafedfa79ca3c3cdfd0ff78&width=1200","fifu_image_alt":"","footnotes":""},"categories":[2],"tags":[],"class_list":["post-19695","post","type-post","status-publish","format-standard","has-post-thumbnail","","category-tecnologia"],"_links":{"self":[{"href":"https:\/\/noticiasveraces.com\/index.php?rest_route=\/wp\/v2\/posts\/19695","targetHints":{"allow":["GET"]}}],"collection":[{"href":"https:\/\/noticiasveraces.com\/index.php?rest_route=\/wp\/v2\/posts"}],"about":[{"href":"https:\/\/noticiasveraces.com\/index.php?rest_route=\/wp\/v2\/types\/post"}],"author":[{"embeddable":true,"href":"https:\/\/noticiasveraces.com\/index.php?rest_route=\/wp\/v2\/users\/1"}],"replies":[{"embeddable":true,"href":"https:\/\/noticiasveraces.com\/index.php?rest_route=%2Fwp%2Fv2%2Fcomments&post=19695"}],"version-history":[{"count":0,"href":"https:\/\/noticiasveraces.com\/index.php?rest_route=\/wp\/v2\/posts\/19695\/revisions"}],"wp:featuredmedia":[{"embeddable":true,"href":"https:\/\/noticiasveraces.com\/index.php?rest_route=\/wp\/v2\/media\/19697"}],"wp:attachment":[{"href":"https:\/\/noticiasveraces.com\/index.php?rest_route=%2Fwp%2Fv2%2Fmedia&parent=19695"}],"wp:term":[{"taxonomy":"category","embeddable":true,"href":"https:\/\/noticiasveraces.com\/index.php?rest_route=%2Fwp%2Fv2%2Fcategories&post=19695"},{"taxonomy":"post_tag","embeddable":true,"href":"https:\/\/noticiasveraces.com\/index.php?rest_route=%2Fwp%2Fv2%2Ftags&post=19695"}],"curies":[{"name":"wp","href":"https:\/\/api.w.org\/{rel}","templated":true}]}}