{"id":19690,"date":"2025-03-22T05:32:13","date_gmt":"2025-03-22T09:32:13","guid":{"rendered":"https:\/\/noticiasveraces.com\/?p=19690"},"modified":"2025-03-22T05:32:13","modified_gmt":"2025-03-22T09:32:13","slug":"jonathan-tah-denuncia-el-racismo-encubierto-en-alemania-dw-21-03-2025","status":"publish","type":"post","link":"https:\/\/noticiasveraces.com\/?p=19690","title":{"rendered":"Jonathan Tah denuncia el racismo \u00abencubierto\u00bb en Alemania \u2013 DW \u2013 21\/03\/2025"},"content":{"rendered":"<p> \n<\/p>\n<div>\n<p>El futbolista alem\u00e1n Jonathan Tah afirma que a\u00fan sufre racismo encubierto en su vida cotidiana. \u00abDesafortunadamente, esto sucede muy, muy a menudo. Es casi normal\u00bb, declar\u00f3 el jugador de 28 a\u00f1os a Sky TV el viernes en una entrevista con motivo del D\u00eda Internacional para la Eliminaci\u00f3n de la Discriminaci\u00f3n Racial. Tah relat\u00f3 incidentes en los que se enfrent\u00f3 a acusaciones de no ser \u00abrealmente alem\u00e1n\u00bb.<\/p>\n<h2>\u00abMe defino como alem\u00e1n\u00bb<\/h2>\n<p>\u00abCrec\u00ed con la cultura; mi madre es alemana, as\u00ed que soy alem\u00e1n. Me defino como alem\u00e1n. Me alegra y me alegra tener otras ra\u00edces y eso me parece genial. Pero me identifico al 100% como alem\u00e1n\u00bb, afirm\u00f3 el defensa del Bayer Leverkusen, de padre marfile\u00f1o. Tah elogi\u00f3 a sus compa\u00f1eros de la selecci\u00f3n alemana masculina por su postura antirracista, incluido el capit\u00e1n Joshua Kimmich.<\/p>\n<p>\u00abEspecialmente los jugadores que no tienen antecedentes migratorios, es importante que hablen abiertamente sobre esto. Recuerdo que Jo Kimmich habl\u00f3 de ello una vez en una conferencia de prensa. Es bueno para alguien como yo ver que es abierto al respecto y quiere oponerse abiertamente\u00bb, dijo Tah. Dej\u00f3 claro que no hay racismo en el vestuario de la selecci\u00f3n de f\u00fatbol de Alemania.<\/p>\n<p>el(DPA)<\/p>\n<\/div>\n\n","protected":false},"excerpt":{"rendered":"<p>El futbolista alem\u00e1n Jonathan Tah afirma que a\u00fan sufre racismo encubierto en su vida cotidiana. \u00abDesafortunadamente, esto sucede muy, muy a menudo. Es casi normal\u00bb, declar\u00f3 el jugador de 28 a\u00f1os a Sky TV el viernes en una entrevista con motivo del D\u00eda Internacional para la Eliminaci\u00f3n de la Discriminaci\u00f3n Racial. Tah relat\u00f3 incidentes en &hellip;<\/p>\n","protected":false},"author":1,"featured_media":19691,"comment_status":"open","ping_status":"open","sticky":false,"template":"","format":"standard","meta":{"fifu_image_url":"https:\/\/static.dw.com\/image\/68190015_6.jpg","fifu_image_alt":"","footnotes":""},"categories":[13],"tags":[],"class_list":["post-19690","post","type-post","status-publish","format-standard","has-post-thumbnail","","category-mundo"],"_links":{"self":[{"href":"https:\/\/noticiasveraces.com\/index.php?rest_route=\/wp\/v2\/posts\/19690","targetHints":{"allow":["GET"]}}],"collection":[{"href":"https:\/\/noticiasveraces.com\/index.php?rest_route=\/wp\/v2\/posts"}],"about":[{"href":"https:\/\/noticiasveraces.com\/index.php?rest_route=\/wp\/v2\/types\/post"}],"author":[{"embeddable":true,"href":"https:\/\/noticiasveraces.com\/index.php?rest_route=\/wp\/v2\/users\/1"}],"replies":[{"embeddable":true,"href":"https:\/\/noticiasveraces.com\/index.php?rest_route=%2Fwp%2Fv2%2Fcomments&post=19690"}],"version-history":[{"count":0,"href":"https:\/\/noticiasveraces.com\/index.php?rest_route=\/wp\/v2\/posts\/19690\/revisions"}],"wp:featuredmedia":[{"embeddable":true,"href":"https:\/\/noticiasveraces.com\/index.php?rest_route=\/wp\/v2\/media\/19691"}],"wp:attachment":[{"href":"https:\/\/noticiasveraces.com\/index.php?rest_route=%2Fwp%2Fv2%2Fmedia&parent=19690"}],"wp:term":[{"taxonomy":"category","embeddable":true,"href":"https:\/\/noticiasveraces.com\/index.php?rest_route=%2Fwp%2Fv2%2Fcategories&post=19690"},{"taxonomy":"post_tag","embeddable":true,"href":"https:\/\/noticiasveraces.com\/index.php?rest_route=%2Fwp%2Fv2%2Ftags&post=19690"}],"curies":[{"name":"wp","href":"https:\/\/api.w.org\/{rel}","templated":true}]}}