{"id":19652,"date":"2025-03-21T23:25:12","date_gmt":"2025-03-22T03:25:12","guid":{"rendered":"https:\/\/noticiasveraces.com\/?p=19652"},"modified":"2025-03-21T23:25:12","modified_gmt":"2025-03-22T03:25:12","slug":"la-leyenda-del-boxeo-george-foreman-muere-a-los-76-anos-dw-22-03-2025","status":"publish","type":"post","link":"https:\/\/noticiasveraces.com\/?p=19652","title":{"rendered":"La leyenda del boxeo George Foreman muere a los 76 a\u00f1os \u2013 DW \u2013 22\/03\/2025"},"content":{"rendered":"<p> \n<\/p>\n<div>\n<p>El excampe\u00f3n mundial de los pesos pesados de boxeo, el estadounidense George Foreman, falleci\u00f3 este viernes (21.03.2025) a los 76 a\u00f1os, anunci\u00f3 su familia en un comunicado.<\/p>\n<p>Foreman es recordado por protagonizar una hist\u00f3rica y emblem\u00e1tica pelea contra Muhammad Ali antes de recuperar el t\u00edtulo dos d\u00e9cadas despu\u00e9s.<\/p>\n<p>\u00abCon profundo dolor, anunciamos el fallecimiento de nuestro querido George Edward Foreman Sr, quien parti\u00f3 pac\u00edficamente el 21 de marzo de 2025, rodeado de sus seres queridos\u00bb, indic\u00f3 la familia en un comunicado publicado en la cuenta oficial de Instagram del exboxeador.<\/p>\n<p>\u00abUn humanitario, un ol\u00edmpico y dos veces campe\u00f3n del mundo de los pesos pesados, fue profundamente respetado: una fuerza del bien, un hombre de disciplina y convicci\u00f3n, y un protector de su legado, que luchaba incansablemente por preservar su buen nombre, por su familia\u00bb, agreg\u00f3 la familia en la red social.<\/p>\n<p>\u00abEstamos agradecidos por la efusi\u00f3n de amor y oraciones, y amablemente pedimos privacidad mientras honramos la extraordinaria vida de un hombre que tuvimos la bendici\u00f3n de llamar nuestro\u00bb, concluy\u00f3 la familia en el mensaje.<\/p>\n<p>MG (AFP, The New York Times)<\/p>\n<\/p>\n<\/div>\n\n","protected":false},"excerpt":{"rendered":"<p>El excampe\u00f3n mundial de los pesos pesados de boxeo, el estadounidense George Foreman, falleci\u00f3 este viernes (21.03.2025) a los 76 a\u00f1os, anunci\u00f3 su familia en un comunicado. Foreman es recordado por protagonizar una hist\u00f3rica y emblem\u00e1tica pelea contra Muhammad Ali antes de recuperar el t\u00edtulo dos d\u00e9cadas despu\u00e9s. \u00abCon profundo dolor, anunciamos el fallecimiento de &hellip;<\/p>\n","protected":false},"author":1,"featured_media":19653,"comment_status":"open","ping_status":"open","sticky":false,"template":"","format":"standard","meta":{"fifu_image_url":"https:\/\/static.dw.com\/image\/72003743_6.jpg","fifu_image_alt":"","footnotes":""},"categories":[13],"tags":[],"class_list":["post-19652","post","type-post","status-publish","format-standard","has-post-thumbnail","","category-mundo"],"_links":{"self":[{"href":"https:\/\/noticiasveraces.com\/index.php?rest_route=\/wp\/v2\/posts\/19652","targetHints":{"allow":["GET"]}}],"collection":[{"href":"https:\/\/noticiasveraces.com\/index.php?rest_route=\/wp\/v2\/posts"}],"about":[{"href":"https:\/\/noticiasveraces.com\/index.php?rest_route=\/wp\/v2\/types\/post"}],"author":[{"embeddable":true,"href":"https:\/\/noticiasveraces.com\/index.php?rest_route=\/wp\/v2\/users\/1"}],"replies":[{"embeddable":true,"href":"https:\/\/noticiasveraces.com\/index.php?rest_route=%2Fwp%2Fv2%2Fcomments&post=19652"}],"version-history":[{"count":0,"href":"https:\/\/noticiasveraces.com\/index.php?rest_route=\/wp\/v2\/posts\/19652\/revisions"}],"wp:featuredmedia":[{"embeddable":true,"href":"https:\/\/noticiasveraces.com\/index.php?rest_route=\/wp\/v2\/media\/19653"}],"wp:attachment":[{"href":"https:\/\/noticiasveraces.com\/index.php?rest_route=%2Fwp%2Fv2%2Fmedia&parent=19652"}],"wp:term":[{"taxonomy":"category","embeddable":true,"href":"https:\/\/noticiasveraces.com\/index.php?rest_route=%2Fwp%2Fv2%2Fcategories&post=19652"},{"taxonomy":"post_tag","embeddable":true,"href":"https:\/\/noticiasveraces.com\/index.php?rest_route=%2Fwp%2Fv2%2Ftags&post=19652"}],"curies":[{"name":"wp","href":"https:\/\/api.w.org\/{rel}","templated":true}]}}