{"id":19648,"date":"2025-03-21T21:21:51","date_gmt":"2025-03-22T01:21:51","guid":{"rendered":"https:\/\/noticiasveraces.com\/?p=19648"},"modified":"2025-03-21T21:21:51","modified_gmt":"2025-03-22T01:21:51","slug":"mueren-44-civiles-en-ataque-yihadista-en-suroeste-de-niger-dw-22-03-2025","status":"publish","type":"post","link":"https:\/\/noticiasveraces.com\/?p=19648","title":{"rendered":"Mueren 44 civiles en ataque yihadista en suroeste de N\u00edger \u2013 DW \u2013 22\/03\/2025"},"content":{"rendered":"<p> \n<\/p>\n<div>\n<p>Cuarenta y cuatro civiles murieron este viernes (21.03.2025) en un ataque yihadista en el suroeste de N\u00edger, anunci\u00f3 el Ministerio del Interior de ese pa\u00eds de \u00c1frica Occidental en un comunicado difundido por la televisi\u00f3n estatal T\u00e9l\u00e9 Sahel.<\/p>\n<p>\u00abEl pueblo de Fambita, en la comuna rural de Kokorou, fue blanco de un b\u00e1rbaro ataque de los terroristas del EIS (Estado Isl\u00e1mico del S\u00e1hara), cuyo objetivo fue una mezquita\u201d, seg\u00fan la misma fuente.<\/p>\n<p>El ministerio report\u00f3 \u00ab44 m\u00e1rtires, todos civiles, y 13 heridos, 4 de ellos de gravedad\u00bb y declar\u00f3 un periodo de luto nacional de 72 horas a partir del s\u00e1bado.<\/p>\n<p>N\u00edger, en la regi\u00f3n del Sahel y gobernado por un r\u00e9gimen militar, se enfrenta frecuentemente a ataques yihadistas vinculados a Al Qaeda y al grupo Estado Isl\u00e1mico (EI) en el suroeste del pa\u00eds y a c\u00e9lulas de Boko Haram y de su disidencia Iswap en el sureste.<\/p>\n<p>\u00abSobre las 14H00 horas, mientras los fieles musulmanes llevaban a cabo la oraci\u00f3n del viernes, estos terroristas fuertemente armados rodearon la mezquita para ejecutar esta masacre de rara crueldad\u00bb, agreg\u00f3 el ministerio.<\/p>\n<p>Precis\u00f3 adem\u00e1s que los atacantes \u00abincendiaron el mercado y casas en su retirada\u00bb.<\/p>\n<p>Fambita se sit\u00faa en la zona llamada de las \u00abtres fronteras\u00bb, donde tienen l\u00edmites N\u00edger, Mali y Burkina Faso, una regi\u00f3n que los yihadistas afiliados al EI y a Al Qaeda han convertido en su escondite.<\/p>\n<p>Mg (AFP, Efe)<\/p>\n<\/p>\n<\/div>\n\n","protected":false},"excerpt":{"rendered":"<p>Cuarenta y cuatro civiles murieron este viernes (21.03.2025) en un ataque yihadista en el suroeste de N\u00edger, anunci\u00f3 el Ministerio del Interior de ese pa\u00eds de \u00c1frica Occidental en un comunicado difundido por la televisi\u00f3n estatal T\u00e9l\u00e9 Sahel. \u00abEl pueblo de Fambita, en la comuna rural de Kokorou, fue blanco de un b\u00e1rbaro ataque de &hellip;<\/p>\n","protected":false},"author":1,"featured_media":19649,"comment_status":"open","ping_status":"open","sticky":false,"template":"","format":"standard","meta":{"fifu_image_url":"https:\/\/static.dw.com\/image\/57060771_6.jpg","fifu_image_alt":"","footnotes":""},"categories":[13],"tags":[],"class_list":["post-19648","post","type-post","status-publish","format-standard","has-post-thumbnail","","category-mundo"],"_links":{"self":[{"href":"https:\/\/noticiasveraces.com\/index.php?rest_route=\/wp\/v2\/posts\/19648","targetHints":{"allow":["GET"]}}],"collection":[{"href":"https:\/\/noticiasveraces.com\/index.php?rest_route=\/wp\/v2\/posts"}],"about":[{"href":"https:\/\/noticiasveraces.com\/index.php?rest_route=\/wp\/v2\/types\/post"}],"author":[{"embeddable":true,"href":"https:\/\/noticiasveraces.com\/index.php?rest_route=\/wp\/v2\/users\/1"}],"replies":[{"embeddable":true,"href":"https:\/\/noticiasveraces.com\/index.php?rest_route=%2Fwp%2Fv2%2Fcomments&post=19648"}],"version-history":[{"count":0,"href":"https:\/\/noticiasveraces.com\/index.php?rest_route=\/wp\/v2\/posts\/19648\/revisions"}],"wp:featuredmedia":[{"embeddable":true,"href":"https:\/\/noticiasveraces.com\/index.php?rest_route=\/wp\/v2\/media\/19649"}],"wp:attachment":[{"href":"https:\/\/noticiasveraces.com\/index.php?rest_route=%2Fwp%2Fv2%2Fmedia&parent=19648"}],"wp:term":[{"taxonomy":"category","embeddable":true,"href":"https:\/\/noticiasveraces.com\/index.php?rest_route=%2Fwp%2Fv2%2Fcategories&post=19648"},{"taxonomy":"post_tag","embeddable":true,"href":"https:\/\/noticiasveraces.com\/index.php?rest_route=%2Fwp%2Fv2%2Ftags&post=19648"}],"curies":[{"name":"wp","href":"https:\/\/api.w.org\/{rel}","templated":true}]}}