{"id":19634,"date":"2025-03-21T19:33:16","date_gmt":"2025-03-21T23:33:16","guid":{"rendered":"https:\/\/noticiasveraces.com\/?p=19634"},"modified":"2025-03-21T19:33:16","modified_gmt":"2025-03-21T23:33:16","slug":"boden-shoppers-ave-denim-gilet-el-chaleco-de-ensueno","status":"publish","type":"post","link":"https:\/\/noticiasveraces.com\/?p=19634","title":{"rendered":"Boden Shoppers Ave Denim Gilet El &#8216;chaleco de ensue\u00f1o&#8217;"},"content":{"rendered":"<p> \n<\/p>\n<div>\n<p>Boden ofrece a los fan\u00e1ticos de la moda una variedad de magn\u00edficos productos b\u00e1sicos de vestuario de primavera\/verano esta temporada, con el Gilet acolchado de mezclilla siendo el \u00faltimo en impresionar a los compradores. Un comprador ha declarado la prenda el &#8216;chaleco de ensue\u00f1o&#8217;, y es f\u00e1cil ver por qu\u00e9. El chaleco azul de la intermediario es ideal para capas sobre la parte superior, blusas y vestidos cuando el clima es un poco fr\u00edo. <\/p>\n<p>Boden le ha dado a la prenda un dise\u00f1o acolchado &#8216;para mayor calor&#8217; y ofrece una &#8216;forma f\u00e1cil regular que no es demasiado apretada&#8217;. Con un precio de \u00a3 98, el 100% de mezclilla acolchada de mezclilla de algod\u00f3n viene en tama\u00f1os de seis a 22 y est\u00e1 completamente forrado con cierres de botones. Est\u00e1 dise\u00f1ado para caer a la parte superior del muslo y se puede lavar suavemente a m\u00e1quina.<\/p>\n<\/div>\n<div>\n<p>El chaleco tiene bolsillos &#8216;espaciosos&#8217; perfectos para mantener los elementos esenciales cerca. Vale la pena se\u00f1alar que estos llegan tachadas cerradas para ayudar a la prenda a mantener su forma, pero est\u00e1n dise\u00f1ados para ser eliminados. <\/p>\n<p>Nadie est\u00e1 vendiendo un chaleco de frill de mezclilla azul similar que actualmente est\u00e1 a la venta por \u00a3 79. Tambi\u00e9n es un elegante color azul de lavado medio y tiene botones de estilo vintage, pero a diferencia de la prenda Boden tiene hombros con volantes. <\/p>\n<p>En otra parte, Damson Madder ha reducido el precio de su Denim Tilly Gilet de \u00a3 85 a \u00a3 42.50. Tiene un dise\u00f1o acolchado similar al chaleco de Boden, sin embargo, tiene dos fijaciones de corbata y sin botones.<\/p>\n<\/div>\n<div>\n<p data-mce-linkchecker-status=\"valid\">Docenas de compradores ya han tomado la mezclilla acolchada de Boden, con una impresionante calificaci\u00f3n de 4.5 estrellas. Un cliente encantado escribi\u00f3: \u00abQu\u00e9 chaleco de ensue\u00f1o. Hermoso color de mezclilla, hermosa tela suave. Dimension\u00e9 que se ve\u00eda bastante cuadrado, generalmente soy talla 14, pero 12 se ajusta perfectamente. Ser\u00e1 genial para todas las estaciones\u00bb.<\/p>\n<p>\u00abGilet \u00fatil\u00bb, escribi\u00f3 un segundo comprador feliz. \u00abCompr\u00e9 mi tama\u00f1o habitual. Se adapta bien. Me encanta. Investable pero inteligente, puede vestirse hacia arriba o hacia abajo\u00bb.<\/p>\n<p data-mce-linkchecker-status=\"valid\">Un tercero dijo: \u00abArt\u00edculo encantador. Ligero pero c\u00e1lido. Buen ajuste\/tama\u00f1o habitual. Genial para aparecer por ese poco m\u00e1s de calor. Lo us\u00f3 la mayor\u00eda de los d\u00edas desde que lo recib\u00ed\u00bb.<\/p>\n<p>Lamentablemente, un comprador de Boden no estaba satisfecho con el chaleco, como explicaron: \u00abLa hermosa tela y la construcci\u00f3n de calidad, pero el ajuste cuadrado lo decepcion\u00f3. Muy decepcionado, pero el ajuste solo era aceptable cuando se usaba\u00bb.<\/p>\n<p>Alguien m\u00e1s estuvo de acuerdo, como comentaron: \u00abEl tama\u00f1o muy generoso, as\u00ed que ha devuelto esto &#8230; una pena, ya que podr\u00eda ser muy \u00fatil en un fr\u00edo d\u00eda de primavera\/verano\u00bb.<\/p>\n<p>Sin embargo, una brillante revisi\u00f3n de cinco estrellas dice: \u00abUna adici\u00f3n de vestuario vers\u00e1til. Me imagino usar esto bastante durante la primavera y el verano, justificando as\u00ed el precio bastante elevado\u00bb.<\/p>\n<p>\u00bfTe apetece agregar la mezclilla acolchada de mezclilla a tu armario? Puede comprarlo de Boden aqu\u00ed por \u00a3 98.<\/p>\n<\/div>\n\n","protected":false},"excerpt":{"rendered":"<p>Boden ofrece a los fan\u00e1ticos de la moda una variedad de magn\u00edficos productos b\u00e1sicos de vestuario de primavera\/verano esta temporada, con el Gilet acolchado de mezclilla siendo el \u00faltimo en impresionar a los compradores. Un comprador ha declarado la prenda el &#8216;chaleco de ensue\u00f1o&#8217;, y es f\u00e1cil ver por qu\u00e9. El chaleco azul de la &hellip;<\/p>\n","protected":false},"author":1,"featured_media":19635,"comment_status":"open","ping_status":"open","sticky":false,"template":"","format":"standard","meta":{"fifu_image_url":"https:\/\/cdn.images.express.co.uk\/img\/dynamic\/12\/1200x630\/6039374.jpg","fifu_image_alt":"","footnotes":""},"categories":[763],"tags":[],"class_list":["post-19634","post","type-post","status-publish","format-standard","has-post-thumbnail","","category-estilo-de-vida"],"_links":{"self":[{"href":"https:\/\/noticiasveraces.com\/index.php?rest_route=\/wp\/v2\/posts\/19634","targetHints":{"allow":["GET"]}}],"collection":[{"href":"https:\/\/noticiasveraces.com\/index.php?rest_route=\/wp\/v2\/posts"}],"about":[{"href":"https:\/\/noticiasveraces.com\/index.php?rest_route=\/wp\/v2\/types\/post"}],"author":[{"embeddable":true,"href":"https:\/\/noticiasveraces.com\/index.php?rest_route=\/wp\/v2\/users\/1"}],"replies":[{"embeddable":true,"href":"https:\/\/noticiasveraces.com\/index.php?rest_route=%2Fwp%2Fv2%2Fcomments&post=19634"}],"version-history":[{"count":0,"href":"https:\/\/noticiasveraces.com\/index.php?rest_route=\/wp\/v2\/posts\/19634\/revisions"}],"wp:featuredmedia":[{"embeddable":true,"href":"https:\/\/noticiasveraces.com\/index.php?rest_route=\/wp\/v2\/media\/19635"}],"wp:attachment":[{"href":"https:\/\/noticiasveraces.com\/index.php?rest_route=%2Fwp%2Fv2%2Fmedia&parent=19634"}],"wp:term":[{"taxonomy":"category","embeddable":true,"href":"https:\/\/noticiasveraces.com\/index.php?rest_route=%2Fwp%2Fv2%2Fcategories&post=19634"},{"taxonomy":"post_tag","embeddable":true,"href":"https:\/\/noticiasveraces.com\/index.php?rest_route=%2Fwp%2Fv2%2Ftags&post=19634"}],"curies":[{"name":"wp","href":"https:\/\/api.w.org\/{rel}","templated":true}]}}