{"id":19632,"date":"2025-03-21T19:19:03","date_gmt":"2025-03-21T23:19:03","guid":{"rendered":"https:\/\/noticiasveraces.com\/?p=19632"},"modified":"2025-03-21T19:19:03","modified_gmt":"2025-03-21T23:19:03","slug":"miles-de-turcos-protestan-por-el-arresto-de-rival-de-erdogan-dw-21-03-2025","status":"publish","type":"post","link":"https:\/\/noticiasveraces.com\/?p=19632","title":{"rendered":"Miles de turcos protestan por el arresto de rival de Erdogan \u2013 DW \u2013 21\/03\/2025"},"content":{"rendered":"<p> \n<\/p>\n<div>\n<p>Cientos de miles de personas salieron este viernes (21.03.2025) a la calle en varias ciudades de Turqu\u00eda para protestar por tercer d\u00eda consecutivo contra la detenci\u00f3n del alcalde opositor de Estambul, Ekrem Imamoglu, considerado principal rival del presidente, Recep Tayyip Erdogan, en unas manifestaciones -de las mayores en muchos a\u00f1os- que se han saldado con 97 detenidos.<\/p>\n<p>\u00abEstamos aqu\u00ed con 300.000 personas\u00bb, clam\u00f3 delante del ayuntamiento de la ciudad de Estambul \u00d6zg\u00fcr \u00d6zel, presidente del Partido Republicano del Pueblo (CHP, socialdem\u00f3crata), formaci\u00f3n de la oposici\u00f3n a la que pertenece Imamoglu. Los cientos de miles de personas se movilizaron pese a que el presidente Recep Tayyip Erdogan advirti\u00f3 de que Turqu\u00eda no tolerar\u00eda el \u00abterrorismo callejero\u00bb.<\/p>\n<p>\u00abEste no es un mitin del CHP, la gente aqu\u00ed presente es de todos los partidos y vino a mostrar su solidaridad con el alcalde Imamoglu y a defender la democracia\u00bb, declar\u00f3 \u00d6zel entre los v\u00edtores y aplausos de la multitud. \u00ab\u00bfEs tiempo de cambiar este gobierno? \u00a1S\u00ed! Erdogan est\u00e1 intentando eliminar a sus rivales por medios ilegales. Derrocaremos a este gobierno\u00bb, proclam\u00f3 el pol\u00edtico.<\/p>\n<h2>Popular y carism\u00e1tico<\/h2>\n<p>Mientras \u00d6zel hablaba, estallaron enfrentamientos al margen de la protesta. Los antidisturbios lanzaron gases lacrim\u00f3genos y balas de goma. Tambi\u00e9n hubo enfrentamientos en la capital, Ankara, y en la ciudad costera de Izmir, donde la polic\u00eda utiliz\u00f3 ca\u00f1ones de agua y gases lacrim\u00f3genos contra los manifestantes, seg\u00fan un corresponsal de AFP y la cadena opositora Halk TV.<\/p>\n<p>El popular y carism\u00e1tico alcalde de Estambul fue detenido el mi\u00e9rcoles en el marco de una operaci\u00f3n en la que tambi\u00e9n fueron arrestados un centenar de sus colaboradores, diputados y miembros del partido. Imamoglu est\u00e1 acusado de \u00abcorrupci\u00f3n\u00bb y de \u00abapoyo a una organizaci\u00f3n terrorista\u00bb por supuestos v\u00ednculos con el ilegalizado Partido de los Trabajadores de Kurdist\u00e1n (PKK), seg\u00fan el ministro de Justicia, Yilmaz Tun\u00e7.<\/p>\n<p>El alcalde, que el domingo iba a ser proclamado candidato de su partido para las pr\u00f3ximas presidenciales, previstas en 2028, fue trasladado a un centro policial, indic\u00f3 su entorno, y se espera que ma\u00f1ana sea llevado al Palacio de Justicia para declarar ante el juez.<\/p>\n<p>DZC (EFE, AFP)<\/p>\n<\/div>\n\n","protected":false},"excerpt":{"rendered":"<p>Cientos de miles de personas salieron este viernes (21.03.2025) a la calle en varias ciudades de Turqu\u00eda para protestar por tercer d\u00eda consecutivo contra la detenci\u00f3n del alcalde opositor de Estambul, Ekrem Imamoglu, considerado principal rival del presidente, Recep Tayyip Erdogan, en unas manifestaciones -de las mayores en muchos a\u00f1os- que se han saldado con &hellip;<\/p>\n","protected":false},"author":1,"featured_media":19633,"comment_status":"open","ping_status":"open","sticky":false,"template":"","format":"standard","meta":{"fifu_image_url":"https:\/\/static.dw.com\/image\/72002869_6.jpg","fifu_image_alt":"","footnotes":""},"categories":[13],"tags":[],"class_list":["post-19632","post","type-post","status-publish","format-standard","has-post-thumbnail","","category-mundo"],"_links":{"self":[{"href":"https:\/\/noticiasveraces.com\/index.php?rest_route=\/wp\/v2\/posts\/19632","targetHints":{"allow":["GET"]}}],"collection":[{"href":"https:\/\/noticiasveraces.com\/index.php?rest_route=\/wp\/v2\/posts"}],"about":[{"href":"https:\/\/noticiasveraces.com\/index.php?rest_route=\/wp\/v2\/types\/post"}],"author":[{"embeddable":true,"href":"https:\/\/noticiasveraces.com\/index.php?rest_route=\/wp\/v2\/users\/1"}],"replies":[{"embeddable":true,"href":"https:\/\/noticiasveraces.com\/index.php?rest_route=%2Fwp%2Fv2%2Fcomments&post=19632"}],"version-history":[{"count":0,"href":"https:\/\/noticiasveraces.com\/index.php?rest_route=\/wp\/v2\/posts\/19632\/revisions"}],"wp:featuredmedia":[{"embeddable":true,"href":"https:\/\/noticiasveraces.com\/index.php?rest_route=\/wp\/v2\/media\/19633"}],"wp:attachment":[{"href":"https:\/\/noticiasveraces.com\/index.php?rest_route=%2Fwp%2Fv2%2Fmedia&parent=19632"}],"wp:term":[{"taxonomy":"category","embeddable":true,"href":"https:\/\/noticiasveraces.com\/index.php?rest_route=%2Fwp%2Fv2%2Fcategories&post=19632"},{"taxonomy":"post_tag","embeddable":true,"href":"https:\/\/noticiasveraces.com\/index.php?rest_route=%2Fwp%2Fv2%2Ftags&post=19632"}],"curies":[{"name":"wp","href":"https:\/\/api.w.org\/{rel}","templated":true}]}}