{"id":19629,"date":"2025-03-21T19:14:36","date_gmt":"2025-03-21T23:14:36","guid":{"rendered":"https:\/\/noticiasveraces.com\/?p=19629"},"modified":"2025-03-21T19:14:36","modified_gmt":"2025-03-21T23:14:36","slug":"dia-del-sindrome-mundial-de-down-el-contribuyente-de-fox-news-habla-con-el-padre-del-nino-con-sindrome-de-down","status":"publish","type":"post","link":"https:\/\/noticiasveraces.com\/?p=19629","title":{"rendered":"D\u00eda del S\u00edndrome Mundial de Down: el contribuyente de Fox News habla con el padre del ni\u00f1o con s\u00edndrome de Down"},"content":{"rendered":"<p> \n<\/p>\n<div>\n<p class=\"speakable\">Cada a\u00f1o, el 21 de marzo, el D\u00eda Mundial del S\u00edndrome de Down (WDSD) marca un d\u00eda global de conciencia y educaci\u00f3n sobre la condici\u00f3n gen\u00e9tica.<\/p>\n<p class=\"speakable\">El objetivo es \u00abayudar a las personas a comprender y apoyar a aquellos con el s\u00edndrome de Down mejor\u00bb, seg\u00fan el sitio web de la iniciativa. WDSD ha sido observado oficialmente por las Naciones Unidas desde 2012.<\/p>\n<p>El viernes, el colaborador de Fox News, Tom Shillue, se dirigi\u00f3 a Times Square en la ciudad de Nueva York para hablar con los neoyorquinos sobre su conciencia de WDSD. <strong>(Vea el video en la parte superior de este art\u00edculo).<\/strong><\/p>\n<p><strong><u>Mes de conciencia del s\u00edndrome de Down: 5 preguntas clave respondidas<\/u><\/strong><\/p>\n<p>Shillue habl\u00f3 con Daniel Schreck, presidente de la Fundaci\u00f3n J\u00e9r\u00f4me Lejeune, una organizaci\u00f3n global sin fines de lucro centrada en la investigaci\u00f3n y la defensa de las personas con discapacidades intelectuales gen\u00e9ticas.<\/p>\n<p>Schreck tambi\u00e9n tiene una hija con s\u00edndrome de Down.<\/p>\n<div class=\"image-ct inline\">\n<div class=\"m\"><picture><source media=\"(max-width: 767px)\" srcset=\"https:\/\/a57.foxnews.com\/static.foxnews.com\/foxnews.com\/content\/uploads\/2025\/03\/343\/192\/tom-and-daniel-1.png?ve=1&amp;tl=1, https:\/\/a57.foxnews.com\/static.foxnews.com\/foxnews.com\/content\/uploads\/2025\/03\/686\/384\/tom-and-daniel-1.png?ve=1&amp;tl=1 2x\" height=\"192\" width=\"343\"><source media=\"(min-width: 768px) and (max-width: 1023px)\" srcset=\"https:\/\/a57.foxnews.com\/static.foxnews.com\/foxnews.com\/content\/uploads\/2025\/03\/672\/378\/tom-and-daniel-1.png?ve=1&amp;tl=1, https:\/\/a57.foxnews.com\/static.foxnews.com\/foxnews.com\/content\/uploads\/2025\/03\/1344\/756\/tom-and-daniel-1.png?ve=1&amp;tl=1 2x\" height=\"378\" width=\"672\"><source media=\"(min-width: 1024px) and (max-width: 1279px)\" srcset=\"https:\/\/a57.foxnews.com\/static.foxnews.com\/foxnews.com\/content\/uploads\/2025\/03\/931\/523\/tom-and-daniel-1.png?ve=1&amp;tl=1, https:\/\/a57.foxnews.com\/static.foxnews.com\/foxnews.com\/content\/uploads\/2025\/03\/1862\/1046\/tom-and-daniel-1.png?ve=1&amp;tl=1 2x\" height=\"523\" width=\"931\"><source media=\"(min-width: 1280px)\" srcset=\"https:\/\/a57.foxnews.com\/static.foxnews.com\/foxnews.com\/content\/uploads\/2025\/03\/720\/405\/tom-and-daniel-1.png?ve=1&amp;tl=1, https:\/\/a57.foxnews.com\/static.foxnews.com\/foxnews.com\/content\/uploads\/2025\/03\/1440\/810\/tom-and-daniel-1.png?ve=1&amp;tl=1 2x\" height=\"405\" width=\"720\"><img loading=\"lazy\" decoding=\"async\" src=\"https:\/\/a57.foxnews.com\/static.foxnews.com\/foxnews.com\/content\/uploads\/2025\/03\/1200\/675\/tom-and-daniel-1.png?ve=1&amp;tl=1\" alt=\"Daniel Schreck y Tom Shillue\" width=\"1200\" height=\"675\"\/><\/source><\/source><\/source><\/source><\/picture><\/div>\n<div class=\"info\">\n<div class=\"caption\">\n<p><span>Daniel Schreck, presidente de la Fundaci\u00f3n J\u00e9r\u00f4me Lejeune y padre de una hija con s\u00edndrome de Down, a la izquierda, habl\u00f3 con el colaborador de Fox News Tom Shillue, derecha, en el D\u00eda Mundial del S\u00edndrome de Down.<\/span> <span>(Fox News)<\/span><\/p>\n<\/div>\n<\/div>\n<\/div>\n<p>Cuando se le pregunt\u00f3 sobre los temores comunes o los malentendidos sobre la condici\u00f3n, Schreck habl\u00f3 de las limitaciones percibidas. <strong>  <\/strong><\/p>\n<p>\u00abCreo que lo m\u00e1s importante es que si tienes el s\u00edndrome de Down, como cualquier otra discapacidad, puedes vivir una vida abundante y no hay nada que temer\u00bb, dijo.<\/p>\n<p><strong>Familia de ni\u00f1os con s\u00edndrome de Down pas\u00f3 de conmoci\u00f3n a gratitud: &#8216;Perdi\u00f3 el aire en mi pecho&#8217;<\/strong><\/p>\n<p>\u00abAdem\u00e1s, las personas con el s\u00edndrome de Down son las personas m\u00e1s felices que hayas conocido. As\u00ed que no hay nada de qu\u00e9 temer\u00bb.<\/p>\n<p>La fecha de WDSD, el d\u00eda 21 del tercer mes, fue elegido para conmemorar la tripulaci\u00f3n (trisom\u00eda) del cromosoma 21, que es la causa del s\u00edndrome de Down.<\/p>\n<div class=\"image-ct inline\">\n<div class=\"m\"><picture><source media=\"(max-width: 767px)\" srcset=\"https:\/\/a57.foxnews.com\/static.foxnews.com\/foxnews.com\/content\/uploads\/2025\/03\/343\/192\/rose.png?ve=1&amp;tl=1, https:\/\/a57.foxnews.com\/static.foxnews.com\/foxnews.com\/content\/uploads\/2025\/03\/686\/384\/rose.png?ve=1&amp;tl=1 2x\" height=\"192\" width=\"343\"><source media=\"(min-width: 768px) and (max-width: 1023px)\" srcset=\"https:\/\/a57.foxnews.com\/static.foxnews.com\/foxnews.com\/content\/uploads\/2025\/03\/672\/378\/rose.png?ve=1&amp;tl=1, https:\/\/a57.foxnews.com\/static.foxnews.com\/foxnews.com\/content\/uploads\/2025\/03\/1344\/756\/rose.png?ve=1&amp;tl=1 2x\" height=\"378\" width=\"672\"><source media=\"(min-width: 1024px) and (max-width: 1279px)\" srcset=\"https:\/\/a57.foxnews.com\/static.foxnews.com\/foxnews.com\/content\/uploads\/2025\/03\/931\/523\/rose.png?ve=1&amp;tl=1, https:\/\/a57.foxnews.com\/static.foxnews.com\/foxnews.com\/content\/uploads\/2025\/03\/1862\/1046\/rose.png?ve=1&amp;tl=1 2x\" height=\"523\" width=\"931\"><source media=\"(min-width: 1280px)\" srcset=\"https:\/\/a57.foxnews.com\/static.foxnews.com\/foxnews.com\/content\/uploads\/2025\/03\/720\/405\/rose.png?ve=1&amp;tl=1, https:\/\/a57.foxnews.com\/static.foxnews.com\/foxnews.com\/content\/uploads\/2025\/03\/1440\/810\/rose.png?ve=1&amp;tl=1 2x\" height=\"405\" width=\"720\"><img loading=\"lazy\" decoding=\"async\" src=\"https:\/\/a57.foxnews.com\/static.foxnews.com\/foxnews.com\/content\/uploads\/2025\/03\/1200\/675\/rose.png?ve=1&amp;tl=1\" alt=\"La hija de Daniel Schreck, Rose\" width=\"1200\" height=\"675\"\/><\/source><\/source><\/source><\/source><\/picture><\/div>\n<div class=\"info\">\n<div class=\"caption\">\n<p><span>La hija de Daniel Schreck, Rose, tiene s\u00edndrome de Down. \u00abLas personas con el s\u00edndrome de Down son las personas m\u00e1s felices que hayas conocido. As\u00ed que no hay nada que temer\u00bb, dijo Schreck a Tom Shillue, colaborador de Fox News.<\/span> <span>(Daniel Schreck)<\/span><\/p>\n<\/div>\n<\/div>\n<\/div>\n<p>Schreck brome\u00f3 que el cromosoma adicional \u00abte hace m\u00e1s feliz\u00bb.<\/p>\n<p><strong><u>Haga clic aqu\u00ed para registrarse en nuestro bolet\u00edn de salud<\/u><\/strong><\/p>\n<p>Su hijo, Danny, tambi\u00e9n se uni\u00f3 a la conversaci\u00f3n para hablar sobre su hermana, Rose.<\/p>\n<div class=\"image-ct inline\">\n<div class=\"m\"><picture><source media=\"(max-width: 767px)\" srcset=\"https:\/\/a57.foxnews.com\/static.foxnews.com\/foxnews.com\/content\/uploads\/2025\/03\/343\/192\/world-down-syndrome-syndrome-day.jpg?ve=1&amp;tl=1, https:\/\/a57.foxnews.com\/static.foxnews.com\/foxnews.com\/content\/uploads\/2025\/03\/686\/384\/world-down-syndrome-syndrome-day.jpg?ve=1&amp;tl=1 2x\" height=\"192\" width=\"343\"><source media=\"(min-width: 768px) and (max-width: 1023px)\" srcset=\"https:\/\/a57.foxnews.com\/static.foxnews.com\/foxnews.com\/content\/uploads\/2025\/03\/672\/378\/world-down-syndrome-syndrome-day.jpg?ve=1&amp;tl=1, https:\/\/a57.foxnews.com\/static.foxnews.com\/foxnews.com\/content\/uploads\/2025\/03\/1344\/756\/world-down-syndrome-syndrome-day.jpg?ve=1&amp;tl=1 2x\" height=\"378\" width=\"672\"><source media=\"(min-width: 1024px) and (max-width: 1279px)\" srcset=\"https:\/\/a57.foxnews.com\/static.foxnews.com\/foxnews.com\/content\/uploads\/2025\/03\/931\/523\/world-down-syndrome-syndrome-day.jpg?ve=1&amp;tl=1, https:\/\/a57.foxnews.com\/static.foxnews.com\/foxnews.com\/content\/uploads\/2025\/03\/1862\/1046\/world-down-syndrome-syndrome-day.jpg?ve=1&amp;tl=1 2x\" height=\"523\" width=\"931\"><source media=\"(min-width: 1280px)\" srcset=\"https:\/\/a57.foxnews.com\/static.foxnews.com\/foxnews.com\/content\/uploads\/2025\/03\/720\/405\/world-down-syndrome-syndrome-day.jpg?ve=1&amp;tl=1, https:\/\/a57.foxnews.com\/static.foxnews.com\/foxnews.com\/content\/uploads\/2025\/03\/1440\/810\/world-down-syndrome-syndrome-day.jpg?ve=1&amp;tl=1 2x\" height=\"405\" width=\"720\"><img loading=\"lazy\" decoding=\"async\" src=\"https:\/\/a57.foxnews.com\/static.foxnews.com\/foxnews.com\/content\/uploads\/2025\/03\/1200\/675\/world-down-syndrome-syndrome-day.jpg?ve=1&amp;tl=1\" alt=\"D\u00eda del s\u00edndrome mundial de Down\" width=\"1200\" height=\"675\"\/><\/source><\/source><\/source><\/source><\/picture><\/div>\n<div class=\"info\">\n<div class=\"caption\">\n<p><span>La fecha de WDSD, el d\u00eda 21 del tercer mes, fue elegido para conmemorar la tripulaci\u00f3n (trisom\u00eda) del cromosoma 21, que es la causa del s\u00edndrome de Down.<\/span> <span>(Istock)<\/span><\/p>\n<\/div>\n<\/div>\n<\/div>\n<p>\u00abEs muy divertido estar cerca\u00bb, dijo Danny Schreck. <\/p>\n<p>\u00abEs un poco extra\u00f1o ver a todos los dem\u00e1s en comparaci\u00f3n con ella, donde est\u00e1 tan feliz y todos los dem\u00e1s simplemente caminan con la cabeza hacia abajo\u00bb. <\/p>\n<p><i><strong><u>Para m\u00e1s art\u00edculos de salud, visite <\/u><\/strong><\/i><i><strong><u>www.foxnews.com\/Health<\/u><\/strong><\/i><\/p>\n<p>El s\u00edndrome de Down es la condici\u00f3n cromos\u00f3mica m\u00e1s com\u00fan. <\/p>\n<p><strong><u>Haga clic aqu\u00ed para obtener la aplicaci\u00f3n Fox News<\/u><\/strong><strong>    <\/strong><\/p>\n<p>Cada a\u00f1o, alrededor de 5,000 beb\u00e9s con s\u00edndrome de Down nacen en los Estados Unidos, o uno de cada 775, seg\u00fan la Sociedad Nacional del S\u00edndrome de Down. <\/p>\n<p> <!----> <\/p>\n<div class=\"article-meta\">\n<div class=\"author-bio\">\n<p>Melissa Rudy es editora de salud senior y miembro del equipo de estilo de vida en Fox News Digital. Los consejos de la historia se pueden enviar a melissa.rudy@fox.com.<\/p>\n<\/div>\n<\/div>\n<\/div>\n\n","protected":false},"excerpt":{"rendered":"<p>Cada a\u00f1o, el 21 de marzo, el D\u00eda Mundial del S\u00edndrome de Down (WDSD) marca un d\u00eda global de conciencia y educaci\u00f3n sobre la condici\u00f3n gen\u00e9tica. El objetivo es \u00abayudar a las personas a comprender y apoyar a aquellos con el s\u00edndrome de Down mejor\u00bb, seg\u00fan el sitio web de la iniciativa. WDSD ha sido &hellip;<\/p>\n","protected":false},"author":1,"featured_media":19631,"comment_status":"open","ping_status":"open","sticky":false,"template":"","format":"standard","meta":{"fifu_image_url":"https:\/\/a57.foxnews.com\/static.foxnews.com\/foxnews.com\/content\/uploads\/2025\/03\/1200\/675\/tom-and-daniel-1.png?ve=1&tl=1","fifu_image_alt":"","footnotes":""},"categories":[8],"tags":[],"class_list":["post-19629","post","type-post","status-publish","format-standard","has-post-thumbnail","","category-salud"],"_links":{"self":[{"href":"https:\/\/noticiasveraces.com\/index.php?rest_route=\/wp\/v2\/posts\/19629","targetHints":{"allow":["GET"]}}],"collection":[{"href":"https:\/\/noticiasveraces.com\/index.php?rest_route=\/wp\/v2\/posts"}],"about":[{"href":"https:\/\/noticiasveraces.com\/index.php?rest_route=\/wp\/v2\/types\/post"}],"author":[{"embeddable":true,"href":"https:\/\/noticiasveraces.com\/index.php?rest_route=\/wp\/v2\/users\/1"}],"replies":[{"embeddable":true,"href":"https:\/\/noticiasveraces.com\/index.php?rest_route=%2Fwp%2Fv2%2Fcomments&post=19629"}],"version-history":[{"count":0,"href":"https:\/\/noticiasveraces.com\/index.php?rest_route=\/wp\/v2\/posts\/19629\/revisions"}],"wp:featuredmedia":[{"embeddable":true,"href":"https:\/\/noticiasveraces.com\/index.php?rest_route=\/wp\/v2\/media\/19631"}],"wp:attachment":[{"href":"https:\/\/noticiasveraces.com\/index.php?rest_route=%2Fwp%2Fv2%2Fmedia&parent=19629"}],"wp:term":[{"taxonomy":"category","embeddable":true,"href":"https:\/\/noticiasveraces.com\/index.php?rest_route=%2Fwp%2Fv2%2Fcategories&post=19629"},{"taxonomy":"post_tag","embeddable":true,"href":"https:\/\/noticiasveraces.com\/index.php?rest_route=%2Fwp%2Fv2%2Ftags&post=19629"}],"curies":[{"name":"wp","href":"https:\/\/api.w.org\/{rel}","templated":true}]}}