{"id":19611,"date":"2025-03-21T15:07:57","date_gmt":"2025-03-21T19:07:57","guid":{"rendered":"https:\/\/noticiasveraces.com\/?p=19611"},"modified":"2025-03-21T15:07:57","modified_gmt":"2025-03-21T19:07:57","slug":"la-union-europea-continua-apoyando-a-ucrania-sin-orban-dw-21-03-2025","status":"publish","type":"post","link":"https:\/\/noticiasveraces.com\/?p=19611","title":{"rendered":"La Uni\u00f3n Europea contin\u00faa apoyando a Ucrania sin Orb\u00e1n \u2013 DW \u2013 21\/03\/2025"},"content":{"rendered":"<p> \n<\/p>\n<div>\n<p>La divisi\u00f3n entre Hungr\u00eda y el resto de la UE por la guerra en Ucrania se acentu\u00f3 m\u00e1s que nunca el jueves 21 de marzo: el Gobierno de\u00a0Budapest volvi\u00f3 a negarse a incluir su nombre en una declaraci\u00f3n conjunta de l\u00edderes pol\u00edticos en la cumbre europea.<\/p>\n<p>Pero en lugar de pasar horas debatiendo con el primer ministro h\u00fangaro,\u00a0Viktor Orb\u00e1n, los 26 l\u00edderes europeos escribieron en una declaraci\u00f3n: \u00abEl Consejo Europeo reafirma su apoyo continuo e inquebrantable a la independencia, la soberan\u00eda y la integridad territorial de Ucrania dentro de sus fronteras internacionalmente reconocidas\u00bb.<\/p>\n<p>En v\u00edsperas de la cumbre de Bruselas, Orb\u00e1n hab\u00eda declarado: \u00abEntendemos que la Uni\u00f3n Europea tiene una misi\u00f3n simple: apoyar los esfuerzos por la paz del presidente estadounidense, Donald Trump\u00bb.<\/p>\n<h2>\u00bfSin acuerdo? No hay problema<\/h2>\n<p>Por principio, la UE siempre intenta que todos los pa\u00edses se sumen, aunque t\u00e9cnicamente no es necesario hacerlo para recibir un mensaje de apoyo sin compromisos vinculantes reales, como el firmado el jueves. Y de hecho, el resto de la UE afim\u00f3 querer seguir proporcionando dinero, armas, y\u00a0garant\u00edas de seguridad para Ucrania, y mantener la presi\u00f3n sobre Rusia.<\/p>\n<p>Dado que Washington est\u00e1\u00a0desvincul\u00e1ndose, aparentemente, de Kiev, y de Europa en general, la jefa diplom\u00e1tica de la UE, Kaja Kallas, trabaja actualmente para organizar un nuevo fondo de financiaci\u00f3n de la UE para Ucrania. Se habla de hasta 40.000 millones de euros, seg\u00fan fuentes diplom\u00e1ticas, bajo condici\u00f3n de anonimato, inclu\u00eddos 5.000 millones para munici\u00f3n, aunque a\u00fan no hay nada decidido.<\/p>\n<p>En los tres a\u00f1os transcurridos desde que Rusia comenz\u00f3 la guerra e agresi\u00f3n\u00a0en Ucrania, Hungr\u00eda ha vetado repetidamente grandes cantidades de fondos de la UE para Kiev. El plan de Kallas para recaudar fondos adicionales no necesitar\u00eda la aprobaci\u00f3n de Budapest.<\/p>\n<p><span data-slot-id=\"Article_InContent-1\" class=\"rich-text-ad\"\/><\/p>\n<h2>Adhesi\u00f3n a la UE de Ucrania, asunto\u00a0no tan sencillo<\/h2>\n<p>Pero en otros asuntos, la UE s\u00ed se necesita la unanimidad. Ucrania est\u00e1 presionando para iniciar las negociaciones de adhesi\u00f3n a la UE este a\u00f1o. La presidenta de la Comisi\u00f3n Europea, Ursula von der Leyen, ha declarado que Ucrania podr\u00eda unirse en 2030, aunque s\u00f3lo algunos lo consideran realista.<\/p>\n<p>Y es que lleva mucho tiempo cumplir con los estrictos criterios para pertenecer a la UE, tambi\u00e9n para pa\u00edses que no est\u00e1n actualmente en guerra. Adem\u00e1s, Ucrania lleva mucho tiempo lidiando con la corrupci\u00f3n.<\/p>\n<p>Orb\u00e1n ha dicho que se consultar\u00e1 a los h\u00fangaros sobre si desean que Ucrania se una a la UE, y amenaza con bloquear la adhesi\u00f3n. Kiev obtuvo la aprobaci\u00f3n un\u00e1nime para iniciar las negociaciones, despu\u00e9s de que Budapest retirara su veto.<\/p>\n<p>En un discurso ante los l\u00edderes de la UE en Bruselas por videoconferencia, el presidente ucraniano, Volodimir Zelenski, se centr\u00f3 en la cuesti\u00f3n de la adhesi\u00f3n. \u00abEs simplemente antieuropeo que una persona bloquee decisiones importantes para todo el continente, o sobre las que ya hubo acuerdo\u00bb, declar\u00f3.<\/p>\n<figure class=\"placeholder-image master_landscape big\"><img data-format=\"MASTER_LANDSCAPE\" data-id=\"71983771\" data-url=\"https:\/\/static.dw.com\/image\/71983771_${formatId}.jpg\" data-aspect-ratio=\"16\/9\" alt=\"Kaja Kallas, jefa de la diplomacia de la UE.\" style=\"padding-bottom: 56.25%; height: 0; max-height: 0;\"\/><figcaption class=\"img-caption\">Kaja Kallas quiere impulsar la ayuda a Ucrania de la UE, aunque Hungr\u00eda no est\u00e9 de acuerdo.<small class=\"copyright\">Imagen: Yves Herman\/REUTERS<\/small><\/figcaption><\/figure>\n<h2>M\u00e1s enfrentamientos en el horizonte<\/h2>\n<p>Las decisiones relativas a las medidas punitivas tambi\u00e9n deben ser aprobadas por todos los Estados de la UE. No es la primera vez que los embajadores de la UE, tras 11 horas, llegaron a\u00a0un acuerdo con Hungr\u00eda, como el fin de semana pasado, para prorrogar las sanciones que incluyen a m\u00e1s de 2.000 personas vinculadas a la guerra de Rusia en Ucrania. Las medidas punitivas deben renovarse cada seis meses, y Budapest insisti\u00f3 en la eliminaci\u00f3n de algunos nombres de las listas de la UE, seg\u00fan informaron varios medios de comunicaci\u00f3n.<\/p>\n<p>En julio, se renovar\u00e1 de nuevo el plazo para las masivas sanciones econ\u00f3micas que la UE ha impuesto a Rusia. La UE tambi\u00e9n est\u00e1 trabajando ya en un decimos\u00e9ptimo paquete de sanciones.<\/p>\n<p>El primer ministro eslovaco, Robert Fico, quien en ocasiones se ha alineado con Orb\u00e1n en la pol\u00edtica de la UE hacia Ucrania y se ha negado a enviar ayuda militar, dijo: \u00abSi percibimos que un intento de imponer m\u00e1s sanciones podr\u00eda socavar el proceso de paz, estamos dispuestos a vetarlo\u00bb.<\/p>\n<p>No obstante, la cooperaci\u00f3n en otras \u00e1reas contin\u00faa. Orb\u00e1n apoya los planes de la UE de invertir mucho m\u00e1s en defensa en los pr\u00f3ximos a\u00f1os.<\/p>\n<p>Y mientras la UE observa hacia d\u00f3nde se dirigen las\u00a0negociaciones sobre el alto el fuego impulsado por EE. UU, Orb\u00e1n siente el viento a favor, porque su aliado cercano, Trump, sigue al mando. \u00abNos sentimos en una muy buena posici\u00f3n\u00bb, declar\u00f3 el portavoz del gobierno h\u00fangaro, Balazs Orb\u00e1n, en el marco de la cumbre, \u00abporque creemos que lamentablemente, Europa est\u00e1 aislada\u00bb.<\/p>\n<p>(RMR\/CP)<\/p>\n<\/p>\n<\/div>\n\n","protected":false},"excerpt":{"rendered":"<p>La divisi\u00f3n entre Hungr\u00eda y el resto de la UE por la guerra en Ucrania se acentu\u00f3 m\u00e1s que nunca el jueves 21 de marzo: el Gobierno de\u00a0Budapest volvi\u00f3 a negarse a incluir su nombre en una declaraci\u00f3n conjunta de l\u00edderes pol\u00edticos en la cumbre europea. Pero en lugar de pasar horas debatiendo con el &hellip;<\/p>\n","protected":false},"author":1,"featured_media":19612,"comment_status":"open","ping_status":"open","sticky":false,"template":"","format":"standard","meta":{"fifu_image_url":"https:\/\/static.dw.com\/image\/71985695_6.jpg","fifu_image_alt":"","footnotes":""},"categories":[13],"tags":[],"class_list":["post-19611","post","type-post","status-publish","format-standard","has-post-thumbnail","","category-mundo"],"_links":{"self":[{"href":"https:\/\/noticiasveraces.com\/index.php?rest_route=\/wp\/v2\/posts\/19611","targetHints":{"allow":["GET"]}}],"collection":[{"href":"https:\/\/noticiasveraces.com\/index.php?rest_route=\/wp\/v2\/posts"}],"about":[{"href":"https:\/\/noticiasveraces.com\/index.php?rest_route=\/wp\/v2\/types\/post"}],"author":[{"embeddable":true,"href":"https:\/\/noticiasveraces.com\/index.php?rest_route=\/wp\/v2\/users\/1"}],"replies":[{"embeddable":true,"href":"https:\/\/noticiasveraces.com\/index.php?rest_route=%2Fwp%2Fv2%2Fcomments&post=19611"}],"version-history":[{"count":0,"href":"https:\/\/noticiasveraces.com\/index.php?rest_route=\/wp\/v2\/posts\/19611\/revisions"}],"wp:featuredmedia":[{"embeddable":true,"href":"https:\/\/noticiasveraces.com\/index.php?rest_route=\/wp\/v2\/media\/19612"}],"wp:attachment":[{"href":"https:\/\/noticiasveraces.com\/index.php?rest_route=%2Fwp%2Fv2%2Fmedia&parent=19611"}],"wp:term":[{"taxonomy":"category","embeddable":true,"href":"https:\/\/noticiasveraces.com\/index.php?rest_route=%2Fwp%2Fv2%2Fcategories&post=19611"},{"taxonomy":"post_tag","embeddable":true,"href":"https:\/\/noticiasveraces.com\/index.php?rest_route=%2Fwp%2Fv2%2Ftags&post=19611"}],"curies":[{"name":"wp","href":"https:\/\/api.w.org\/{rel}","templated":true}]}}