{"id":19570,"date":"2025-03-21T10:00:46","date_gmt":"2025-03-21T14:00:46","guid":{"rendered":"https:\/\/noticiasveraces.com\/?p=19570"},"modified":"2025-03-21T10:00:46","modified_gmt":"2025-03-21T14:00:46","slug":"el-enviado-rehen-de-trump-boehler-se-reunio-con-los-talibanes-en-kabul-para-liberar-a-george-glezmann","status":"publish","type":"post","link":"https:\/\/noticiasveraces.com\/?p=19570","title":{"rendered":"El enviado reh\u00e9n de Trump Boehler se reuni\u00f3 con los talibanes en Kabul para liberar a George Glezmann"},"content":{"rendered":"<p> \n<\/p>\n<div>\n<p class=\"speakable\"><strong>Primero en Fox:<\/strong> El enviado de rehenes Adam Boehler se conoci\u00f3 en persona con funcionarios talibanes en el aeropuerto internacional de Kabul, dijeron fuentes de Qatari a Fox News Digital, que marc\u00f3 la primera vez conocida que la Casa Blanca se ha involucrado con el \u00abgobierno interino\u00bb de Afganist\u00e1n despu\u00e9s de la adquisici\u00f3n de 2021 por la organizaci\u00f3n terrorista.<\/p>\n<p class=\"speakable\">Mientras que la reuni\u00f3n entre los funcionarios de Boehler y los afganos que representan el Ministerio de Relaciones Exteriores del Talib\u00e1n se reunieron el jueves la liberaci\u00f3n de George Glezmann, el asesor y portavoz del primer ministro de Qatar, el Dr. Majed Al-Ansari, dijo a Fox News Digital que se discutieron otros problemas \u00abbeneficiosos\u00bb. <\/p>\n<p>\u00abEl enviado estadounidense Adam Boehler vino a Doha. Tuvo reuniones aqu\u00ed, y luego nos mudamos a Kabul, donde tuvo reuniones en el aeropuerto con el ministro de Relaciones Exteriores y otros funcionarios afganos\u00bb, dijo Al-Ansari. \u00abEsa fue la primera reuni\u00f3n de este tipo y abri\u00f3 la puerta para mucho di\u00e1logo sobre muchos problemas, incluidos los problemas de los detenidos\u00bb.<\/p>\n<div class=\"image-ct inline\">\n<div class=\"m\"><picture><source media=\"(max-width: 767px)\" srcset=\"https:\/\/a57.foxnews.com\/static.foxnews.com\/foxnews.com\/content\/uploads\/2025\/03\/343\/192\/qatar.jpg?ve=1&amp;tl=1, https:\/\/a57.foxnews.com\/static.foxnews.com\/foxnews.com\/content\/uploads\/2025\/03\/686\/384\/qatar.jpg?ve=1&amp;tl=1 2x\" height=\"192\" width=\"343\"><source media=\"(min-width: 768px) and (max-width: 1023px)\" srcset=\"https:\/\/a57.foxnews.com\/static.foxnews.com\/foxnews.com\/content\/uploads\/2025\/03\/672\/378\/qatar.jpg?ve=1&amp;tl=1, https:\/\/a57.foxnews.com\/static.foxnews.com\/foxnews.com\/content\/uploads\/2025\/03\/1344\/756\/qatar.jpg?ve=1&amp;tl=1 2x\" height=\"378\" width=\"672\"><source media=\"(min-width: 1024px) and (max-width: 1279px)\" srcset=\"https:\/\/a57.foxnews.com\/static.foxnews.com\/foxnews.com\/content\/uploads\/2025\/03\/931\/523\/qatar.jpg?ve=1&amp;tl=1, https:\/\/a57.foxnews.com\/static.foxnews.com\/foxnews.com\/content\/uploads\/2025\/03\/1862\/1046\/qatar.jpg?ve=1&amp;tl=1 2x\" height=\"523\" width=\"931\"><source media=\"(min-width: 1280px)\" srcset=\"https:\/\/a57.foxnews.com\/static.foxnews.com\/foxnews.com\/content\/uploads\/2025\/03\/720\/405\/qatar.jpg?ve=1&amp;tl=1, https:\/\/a57.foxnews.com\/static.foxnews.com\/foxnews.com\/content\/uploads\/2025\/03\/1440\/810\/qatar.jpg?ve=1&amp;tl=1 2x\" height=\"405\" width=\"720\"><img loading=\"lazy\" decoding=\"async\" src=\"https:\/\/a57.foxnews.com\/static.foxnews.com\/foxnews.com\/content\/uploads\/2025\/03\/1200\/675\/qatar.jpg?ve=1&amp;tl=1\" alt=\"Adam Boehler con funcionarios Qatari\" width=\"1200\" height=\"675\"\/><\/source><\/source><\/source><\/source><\/picture><\/div>\n<div class=\"info\">\n<div class=\"caption\">\n<p><span>El ciudadano estadounidense George Glezmann se encuentra en el aeropuerto de Kabul despu\u00e9s de su liberaci\u00f3n de la custodia de Afganist\u00e1n, con el enviado de rehenes de los Estados Unidos Adam Boehler, ex representante especial de los Estados Unidos para la Reconciliaci\u00f3n Afganist\u00e1n Zalmay Khalilzad y los diplom\u00e1ticos de Qatari, antes de partir hacia Doha, Qatar, en Kabul, afganist\u00e1n, el 20 de marzo de 2025.<\/span> <span>(Ministerio de Asuntos Exteriores\/Folleto de Qatar a trav\u00e9s de Reuters)<\/span><\/p>\n<\/div>\n<\/div>\n<\/div>\n<p><strong>Los talibanes liberan a los rehenes estadounidenses George Glezmann despu\u00e9s de las negociaciones con nosotros, Qatar<\/strong><\/p>\n<p>\u00abPero tambi\u00e9n otros problemas que pueden ser muy beneficiosos para el pueblo afgano y para la gente de los Estados Unidos, y brindar seguridad regionalmente para Afganist\u00e1n, pero tambi\u00e9n en general\u00bb, agreg\u00f3. \u00abFue un buen primer paso que ayudamos a facilitar\u00bb.<\/p>\n<p>La Casa Blanca no devolvi\u00f3 las preguntas de Fox News Digital sobre si la reuni\u00f3n en persona de Boehler sugiere que la administraci\u00f3n Trump puede buscar establecer lazos con el gobierno talib\u00e1n, un tema que ha sido tab\u00fa entre las naciones occidentales despu\u00e9s del derribo del gobierno elegido democr\u00e1ticamente y las posteriores violaciones severas de los derechos humanos, incluida la eliminaci\u00f3n de los derechos de todas las mujeres. <\/p>\n<p>Al-Ansari confirm\u00f3 que, si bien Qatar ha estado trabajando con los Estados Unidos desde 2022 para facilitar el di\u00e1logo entre Washington y Kabul en los m\u00e1s de tres a\u00f1os desde la adquisici\u00f3n mortal, esta es la primera vez que la Casa Blanca se ha comprometido directamente con el gobierno talib\u00e1n. <\/p>\n<div class=\"image-ct inline\">\n<div class=\"m\"><picture><source media=\"(max-width: 767px)\" srcset=\"https:\/\/a57.foxnews.com\/static.foxnews.com\/foxnews.com\/content\/uploads\/2025\/03\/343\/192\/boehler.jpg?ve=1&amp;tl=1, https:\/\/a57.foxnews.com\/static.foxnews.com\/foxnews.com\/content\/uploads\/2025\/03\/686\/384\/boehler.jpg?ve=1&amp;tl=1 2x\" height=\"192\" width=\"343\"><source media=\"(min-width: 768px) and (max-width: 1023px)\" srcset=\"https:\/\/a57.foxnews.com\/static.foxnews.com\/foxnews.com\/content\/uploads\/2025\/03\/672\/378\/boehler.jpg?ve=1&amp;tl=1, https:\/\/a57.foxnews.com\/static.foxnews.com\/foxnews.com\/content\/uploads\/2025\/03\/1344\/756\/boehler.jpg?ve=1&amp;tl=1 2x\" height=\"378\" width=\"672\"><source media=\"(min-width: 1024px) and (max-width: 1279px)\" srcset=\"https:\/\/a57.foxnews.com\/static.foxnews.com\/foxnews.com\/content\/uploads\/2025\/03\/931\/523\/boehler.jpg?ve=1&amp;tl=1, https:\/\/a57.foxnews.com\/static.foxnews.com\/foxnews.com\/content\/uploads\/2025\/03\/1862\/1046\/boehler.jpg?ve=1&amp;tl=1 2x\" height=\"523\" width=\"931\"><source media=\"(min-width: 1280px)\" srcset=\"https:\/\/a57.foxnews.com\/static.foxnews.com\/foxnews.com\/content\/uploads\/2025\/03\/720\/405\/boehler.jpg?ve=1&amp;tl=1, https:\/\/a57.foxnews.com\/static.foxnews.com\/foxnews.com\/content\/uploads\/2025\/03\/1440\/810\/boehler.jpg?ve=1&amp;tl=1 2x\" height=\"405\" width=\"720\"><img loading=\"lazy\" decoding=\"async\" src=\"https:\/\/a57.foxnews.com\/static.foxnews.com\/foxnews.com\/content\/uploads\/2025\/03\/1200\/675\/boehler.jpg?ve=1&amp;tl=1\" alt=\"Trump con Adam Boehler\" width=\"1200\" height=\"675\"\/><\/source><\/source><\/source><\/source><\/picture><\/div>\n<div class=\"info\">\n<div class=\"caption\">\n<p><span>El presidente Donald Trump, a la izquierda, escucha como Adam Boehler, CEO de la Corporaci\u00f3n de Finanzas de Desarrollo Internacional de EE. UU., Se dirige a la sesi\u00f3n informativa diaria de la Fuerza de Tarea del Coronavirus en el Jard\u00edn de Rosas en la Casa Blanca en Washington, DC, 14 de abril de 2020.<\/span> <span>(Reuters\/Leah Millis)<\/span><\/p>\n<\/div>\n<\/div>\n<\/div>\n<p><strong>Familia de tercer estadounidense en poder de Taliban pide su lanzamiento inmediato: \u00abEstamos preocupados\u00bb<\/strong><\/p>\n<p>\u00abSiempre decimos que la forma de resolver todos estos problemas en todo el mundo es a trav\u00e9s del di\u00e1logo, es a trav\u00e9s de hablar, y es a trav\u00e9s de un modo de compromiso que es positivo y que generar\u00eda m\u00e1s confianza entre las partes, y generar\u00eda resultados positivos\u00bb, agreg\u00f3 Al-Ansari, asintiendo hacia la gran participaci\u00f3n de Qatar en las negociaciones entre Israel y Hamas. <\/p>\n<p>Boehler, quien no ha sido confirmado por el Senado despu\u00e9s de que elimin\u00f3 su nominaci\u00f3n como enviado especial para evitar estipulaciones de desinversi\u00f3n, sirve como un \u00abempleado especial del gobierno centrado en las negociaciones de rehenes\u00bb, seg\u00fan un comunicado de la secretaria de prensa de la Casa Blanca, Anna Kelly.<\/p>\n<p>La libertad de Glezmann es el segundo lanzamiento importante que Boehler asegur\u00f3 este mes despu\u00e9s de que Marc Fogel fue devuelto de Rusia luego de su arresto en agosto de 2021. <\/p>\n<div class=\"image-ct inline\">\n<div class=\"m\"><picture><source media=\"(max-width: 767px)\" srcset=\"https:\/\/a57.foxnews.com\/static.foxnews.com\/foxnews.com\/content\/uploads\/2025\/02\/343\/192\/gettyimages-2199017114.jpg?ve=1&amp;tl=1, https:\/\/a57.foxnews.com\/static.foxnews.com\/foxnews.com\/content\/uploads\/2025\/02\/686\/384\/gettyimages-2199017114.jpg?ve=1&amp;tl=1 2x\" height=\"192\" width=\"343\"><source media=\"(min-width: 768px) and (max-width: 1023px)\" srcset=\"https:\/\/a57.foxnews.com\/static.foxnews.com\/foxnews.com\/content\/uploads\/2025\/02\/672\/378\/gettyimages-2199017114.jpg?ve=1&amp;tl=1, https:\/\/a57.foxnews.com\/static.foxnews.com\/foxnews.com\/content\/uploads\/2025\/02\/1344\/756\/gettyimages-2199017114.jpg?ve=1&amp;tl=1 2x\" height=\"378\" width=\"672\"><source media=\"(min-width: 1024px) and (max-width: 1279px)\" srcset=\"https:\/\/a57.foxnews.com\/static.foxnews.com\/foxnews.com\/content\/uploads\/2025\/02\/931\/523\/gettyimages-2199017114.jpg?ve=1&amp;tl=1, https:\/\/a57.foxnews.com\/static.foxnews.com\/foxnews.com\/content\/uploads\/2025\/02\/1862\/1046\/gettyimages-2199017114.jpg?ve=1&amp;tl=1 2x\" height=\"523\" width=\"931\"><source media=\"(min-width: 1280px)\" srcset=\"https:\/\/a57.foxnews.com\/static.foxnews.com\/foxnews.com\/content\/uploads\/2025\/02\/720\/405\/gettyimages-2199017114.jpg?ve=1&amp;tl=1, https:\/\/a57.foxnews.com\/static.foxnews.com\/foxnews.com\/content\/uploads\/2025\/02\/1440\/810\/gettyimages-2199017114.jpg?ve=1&amp;tl=1 2x\" height=\"405\" width=\"720\"><img loading=\"lazy\" decoding=\"async\" src=\"https:\/\/a57.foxnews.com\/static.foxnews.com\/foxnews.com\/content\/uploads\/2025\/02\/1200\/675\/gettyimages-2199017114.jpg?ve=1&amp;tl=1\" alt=\"Fogel se re\u00fane con Trump\" width=\"1200\" height=\"675\"\/><\/source><\/source><\/source><\/source><\/picture><\/div>\n<div class=\"info\">\n<div class=\"caption\">\n<p><span>El presidente Donald Trump, a la izquierda, le da la bienvenida a Marc Fogel al United declarado despu\u00e9s de ser liberado de la custodia rusa, en la Casa Blanca el 11 de febrero de 2025 en Washington, DC<\/span> <span>(Foto de Win McNamee\/Getty Images)<\/span><\/p>\n<\/div>\n<\/div>\n<\/div>\n<p><strong>Haga clic aqu\u00ed para obtener la aplicaci\u00f3n Fox News<\/strong><\/p>\n<p>Boehler, quien ayud\u00f3 a asegurar los acuerdos de Abraham como negociador principal durante la primera administraci\u00f3n de Trump, se dirigi\u00f3 a los jefes tras la revelaci\u00f3n que se reuni\u00f3 con otra organizaci\u00f3n terrorista a principios de este mes: Hamas.<\/p>\n<p>El enviado de rehenes se reuni\u00f3 directamente con los funcionarios de Hamas en un intento por asegurar el lanzamiento de los cinco rehenes estadounidenses que a\u00fan se celebran en la Franja de Gaza, incluido Edan Alexander, quien es el \u00fanico reh\u00e9n estadounidense restante que todav\u00eda est\u00e1 vivo. <\/p>\n<p> <!----> <\/p>\n<div class=\"article-meta\">\n<div class=\"author-bio\">\n<p>Caitlin McFall es reportero de Fox News Digital Cubting Politics, US y World News.<\/p>\n<\/div>\n<\/div>\n<\/div>\n\n","protected":false},"excerpt":{"rendered":"<p>Primero en Fox: El enviado de rehenes Adam Boehler se conoci\u00f3 en persona con funcionarios talibanes en el aeropuerto internacional de Kabul, dijeron fuentes de Qatari a Fox News Digital, que marc\u00f3 la primera vez conocida que la Casa Blanca se ha involucrado con el \u00abgobierno interino\u00bb de Afganist\u00e1n despu\u00e9s de la adquisici\u00f3n de 2021 &hellip;<\/p>\n","protected":false},"author":1,"featured_media":19572,"comment_status":"open","ping_status":"open","sticky":false,"template":"","format":"standard","meta":{"fifu_image_url":"https:\/\/static.foxnews.com\/foxnews.com\/content\/uploads\/2025\/03\/qatar.jpg","fifu_image_alt":"","footnotes":""},"categories":[13],"tags":[],"class_list":["post-19570","post","type-post","status-publish","format-standard","has-post-thumbnail","","category-mundo"],"_links":{"self":[{"href":"https:\/\/noticiasveraces.com\/index.php?rest_route=\/wp\/v2\/posts\/19570","targetHints":{"allow":["GET"]}}],"collection":[{"href":"https:\/\/noticiasveraces.com\/index.php?rest_route=\/wp\/v2\/posts"}],"about":[{"href":"https:\/\/noticiasveraces.com\/index.php?rest_route=\/wp\/v2\/types\/post"}],"author":[{"embeddable":true,"href":"https:\/\/noticiasveraces.com\/index.php?rest_route=\/wp\/v2\/users\/1"}],"replies":[{"embeddable":true,"href":"https:\/\/noticiasveraces.com\/index.php?rest_route=%2Fwp%2Fv2%2Fcomments&post=19570"}],"version-history":[{"count":0,"href":"https:\/\/noticiasveraces.com\/index.php?rest_route=\/wp\/v2\/posts\/19570\/revisions"}],"wp:featuredmedia":[{"embeddable":true,"href":"https:\/\/noticiasveraces.com\/index.php?rest_route=\/wp\/v2\/media\/19572"}],"wp:attachment":[{"href":"https:\/\/noticiasveraces.com\/index.php?rest_route=%2Fwp%2Fv2%2Fmedia&parent=19570"}],"wp:term":[{"taxonomy":"category","embeddable":true,"href":"https:\/\/noticiasveraces.com\/index.php?rest_route=%2Fwp%2Fv2%2Fcategories&post=19570"},{"taxonomy":"post_tag","embeddable":true,"href":"https:\/\/noticiasveraces.com\/index.php?rest_route=%2Fwp%2Fv2%2Ftags&post=19570"}],"curies":[{"name":"wp","href":"https:\/\/api.w.org\/{rel}","templated":true}]}}