{"id":19560,"date":"2025-03-21T06:03:54","date_gmt":"2025-03-21T10:03:54","guid":{"rendered":"https:\/\/noticiasveraces.com\/?p=19560"},"modified":"2025-03-21T06:03:54","modified_gmt":"2025-03-21T10:03:54","slug":"ivan-mejia-analizo-derrota-de-colombia-con-brasil-urgente-recuperar-nivel-mensaje-a-nestor-lorenzo-seleccion-colombia","status":"publish","type":"post","link":"https:\/\/noticiasveraces.com\/?p=19560","title":{"rendered":"Iv\u00e1n Mej\u00eda analiz\u00f3 derrota de Colombia con Brasil: urgente recuperar nivel, mensaje a N\u00e9stor Lorenzo | Selecci\u00f3n Colombia"},"content":{"rendered":"<p> \n<br \/><img decoding=\"async\" src=\"https:\/\/www.futbolred.com\/files\/article_graphic\/uploads\/2025\/03\/20\/67dceb7009163.jpeg\" \/><\/p>\n<div id=\"cuerpoArticulo\">\n<p class=\"texto intro\" id=\"p239548-m786-785-787\">Crudo y sin pelos en la lengua, as\u00ed fue siempre Iv\u00e1n Mej\u00eda \u00c1lvarez, reconocido analista que brill\u00f3 en la radio y la tv colombiana, pero que hoy disfruta del retiro y sigue con sus mordaces comentarios en las redes sociales.<\/p>\n<p class=\"texto contenido-parrafo-articulo\" id=\"p239548-m804-2-805\">Colombia empez\u00f3 cuarta y cay\u00f3 al sexto lugar de la tabla de posiciones de las Clasificatorias de la Conmebol, algo que ya preocupa, pues son tres derrotas consecutivas en el camino al Mundial de M\u00e9xico, Estados Unidos y Canad\u00e1.<\/p>\n<p>As\u00ed, Iv\u00e1n Mej\u00eda reaccion\u00f3 durante el partido en el Man\u00e9 Garrincha. Primero habl\u00f3 de un partido \u201ctenso y con muchas fricciones\u201d, en los que Colombia tuvo \u201cp\u00e9simos 15 minutos iniciales\u201d, pero que \u201cdespu\u00e9s lograron compensar e igualar el tr\u00e1mite. Cost\u00f3 mucho tener la pelota y circular la pelota\u201d.<\/p>\n<div id=\"p239548-m912-4-913\" class=\"\">\n<blockquote class=\"twitter-tweet\">\n<p lang=\"es\" dir=\"ltr\">Colombia empata con Brasil en un juego tenso y con muchas fricciones. P\u00e9simos 15 iniciales y despu\u00e9s lograron compensar e igualar el tr\u00e1mite. Costo mucho tener la pelota y circular la pelota. Lucho es el pap\u00e1 de Allysin: tres goles en la eliminatoria.<\/p>\n<p>\u2014 Iv\u00e1n Mej\u00eda \u00c1lvarez (@PajaritoDeIvan) <a href=\"https:\/\/twitter.com\/PajaritoDeIvan\/status\/1902897716323320165?ref_src=twsrc%5Etfw\">21 de marzo de 2025<\/a><\/p><\/blockquote><\/div>\n<p class=\"texto contenido-parrafo-articulo\" id=\"p239548-m855-4-856\">Ya sobre la \u201cdolorosa\u201d derrota, el analista coment\u00f3: \u201cNo se pod\u00eda darle esos metros  al delantero (Vinicius). Colombia lo pele\u00f3, lo luch\u00f3, apost\u00f3  todo al enredo y termin\u00f3 perdiendo su segundo partido en los \u00faltimos minutos. Ahora es imprescindible ganarle a Paraguay y recuperar el juego, tan perdido\u201d.<\/p>\n<p>Adem\u00e1s critic\u00f3 un par de sustituciones que hizo N\u00e9stor Lorenzo: \u201c\u00bfCarrascal y Casta\u00f1o no fueron los cambios que hizo en la final de Copa Am\u00e9rica? Hmmm, al perro si le hacen la cirug\u00eda dos veces\u201d.<\/p>\n<p>Finalmente, Iv\u00e1n Mej\u00eda sentenci\u00f3 a la Selecci\u00f3n, pues muestra \u201ccada vez menos juego y cada vez con m\u00e1s errores en la conducci\u00f3n. Hay que recuperar el f\u00fatbol y la orientaci\u00f3n\u00a0t\u00e1ctica\u201d.<\/p>\n<\/p><\/div>\n<p><script async src=\"https:\/\/platform.twitter.com\/widgets.js\" charset=\"utf-8\"><\/script><br \/>\n<br \/>\n","protected":false},"excerpt":{"rendered":"<p>Crudo y sin pelos en la lengua, as\u00ed fue siempre Iv\u00e1n Mej\u00eda \u00c1lvarez, reconocido analista que brill\u00f3 en la radio y la tv colombiana, pero que hoy disfruta del retiro y sigue con sus mordaces comentarios en las redes sociales. Colombia empez\u00f3 cuarta y cay\u00f3 al sexto lugar de la tabla de posiciones de las &hellip;<\/p>\n","protected":false},"author":1,"featured_media":19562,"comment_status":"open","ping_status":"open","sticky":false,"template":"","format":"standard","meta":{"fifu_image_url":"https:\/\/www.futbolred.com\/files\/og_thumbnail\/uploads\/2025\/03\/20\/67dceb7009163.jpeg","fifu_image_alt":"","footnotes":""},"categories":[6],"tags":[],"class_list":["post-19560","post","type-post","status-publish","format-standard","has-post-thumbnail","","category-deportes"],"_links":{"self":[{"href":"https:\/\/noticiasveraces.com\/index.php?rest_route=\/wp\/v2\/posts\/19560","targetHints":{"allow":["GET"]}}],"collection":[{"href":"https:\/\/noticiasveraces.com\/index.php?rest_route=\/wp\/v2\/posts"}],"about":[{"href":"https:\/\/noticiasveraces.com\/index.php?rest_route=\/wp\/v2\/types\/post"}],"author":[{"embeddable":true,"href":"https:\/\/noticiasveraces.com\/index.php?rest_route=\/wp\/v2\/users\/1"}],"replies":[{"embeddable":true,"href":"https:\/\/noticiasveraces.com\/index.php?rest_route=%2Fwp%2Fv2%2Fcomments&post=19560"}],"version-history":[{"count":0,"href":"https:\/\/noticiasveraces.com\/index.php?rest_route=\/wp\/v2\/posts\/19560\/revisions"}],"wp:featuredmedia":[{"embeddable":true,"href":"https:\/\/noticiasveraces.com\/index.php?rest_route=\/wp\/v2\/media\/19562"}],"wp:attachment":[{"href":"https:\/\/noticiasveraces.com\/index.php?rest_route=%2Fwp%2Fv2%2Fmedia&parent=19560"}],"wp:term":[{"taxonomy":"category","embeddable":true,"href":"https:\/\/noticiasveraces.com\/index.php?rest_route=%2Fwp%2Fv2%2Fcategories&post=19560"},{"taxonomy":"post_tag","embeddable":true,"href":"https:\/\/noticiasveraces.com\/index.php?rest_route=%2Fwp%2Fv2%2Ftags&post=19560"}],"curies":[{"name":"wp","href":"https:\/\/api.w.org\/{rel}","templated":true}]}}