{"id":19558,"date":"2025-03-21T05:55:14","date_gmt":"2025-03-21T09:55:14","guid":{"rendered":"https:\/\/noticiasveraces.com\/?p=19558"},"modified":"2025-03-21T05:55:14","modified_gmt":"2025-03-21T09:55:14","slug":"ejercito-de-sudan-retoma-palacio-presidencial-en-jartum-dw-21-03-2025","status":"publish","type":"post","link":"https:\/\/noticiasveraces.com\/?p=19558","title":{"rendered":"Ej\u00e9rcito de Sud\u00e1n retoma palacio presidencial en Jartum \u2013 DW \u2013 21\/03\/2025"},"content":{"rendered":"<p> \n<\/p>\n<div>\n<p>\u00abNuestras fuerzas destruyeron por completo a los combatientes y el material del enemigo, y se apoderaron de grandes cantidades de equipos y armas\u00bb, asegur\u00f3\u00a0Nabil Abdal\u00e1,\u00a0portavoz del Ej\u00e9rcito de Sud\u00e1n.<\/p>\n<p>El ej\u00e9rcito \u00abseguir\u00e1 avanzando en todos los frentes hasta que la victoria sea completa y cada cent\u00edmetro de nuestro pa\u00eds est\u00e9 purgado de la milicia y sus partidarios\u00bb, agreg\u00f3 Abdal\u00e1.<\/p>\n<p>Poco antes, una fuente militar hab\u00eda dicho a la agencia de noticias\u00a0AFP que las tropas \u00abasaltaron el palacio y tomaron su control despu\u00e9s de haber aplastado los restos de la milicia\u00bb.<\/p>\n<p>El palacio presidencial en Jartum, la capital de Sud\u00e1n, estaba ocupado por la facci\u00f3n paramilitar desde el inicio del conflicto. Tras la conquista del recinto, las FAR tomaron r\u00e1pidamente el control de las calles de Jartum, lo que oblig\u00f3 al gobierno alineado con el ej\u00e9rcito a huir a Puerto Sud\u00e1n, en la orilla del mar Rojo.<\/p>\n<p>Al comienzo de la semana, el Ej\u00e9rcito indic\u00f3 que hab\u00eda hecho converger sus fuerzas provenientes del sur con las que estaban en el centro de la capital, aumentando la presi\u00f3n sobre las FAR.<\/p>\n<figure class=\"placeholder-image master_landscape big\"><img data-format=\"MASTER_LANDSCAPE\" data-id=\"71993076\" data-url=\"https:\/\/static.dw.com\/image\/71993076_${formatId}.jpg\" data-aspect-ratio=\"16\/9\" alt=\"Un ni\u00f1o sudan\u00e9s observa mientras una mujer pasa junto a un edificio da\u00f1ado en Omdurman, la ciudad gemela de Jartum, el 20 de marzo de 2025.\" style=\"padding-bottom: 56.25%; height: 0; max-height: 0;\"\/><figcaption class=\"img-caption\">En el Gran Jartum, al menos 3,5 millones de personas tuvieron que abandonar sus hogares como consecuencia de la violencia.<small class=\"copyright\">Imagen: Ebrahim en medio\/AFP<\/small><\/figcaption><\/figure>\n<p>La guerra caus\u00f3 decenas de miles de muertos y el desplazamiento de 12 millones de personas, provocando la mayor crisis alimentaria y de desplazamiento en el mundo.<\/p>\n<p>En el Gran Jartum, al menos 3,5 millones de personas tuvieron que abandonar sus hogares como consecuencia de la violencia, y al menos 100.000 personas se enfrentan a la desnutrici\u00f3n, seg\u00fan datos de la ONU.<\/p>\n<p>RML (AFP, DPA, Reuters)<\/p>\n<\/div>\n\n","protected":false},"excerpt":{"rendered":"<p>\u00abNuestras fuerzas destruyeron por completo a los combatientes y el material del enemigo, y se apoderaron de grandes cantidades de equipos y armas\u00bb, asegur\u00f3\u00a0Nabil Abdal\u00e1,\u00a0portavoz del Ej\u00e9rcito de Sud\u00e1n. El ej\u00e9rcito \u00abseguir\u00e1 avanzando en todos los frentes hasta que la victoria sea completa y cada cent\u00edmetro de nuestro pa\u00eds est\u00e9 purgado de la milicia y &hellip;<\/p>\n","protected":false},"author":1,"featured_media":19559,"comment_status":"open","ping_status":"open","sticky":false,"template":"","format":"standard","meta":{"fifu_image_url":"https:\/\/static.dw.com\/image\/71992546_6.jpg","fifu_image_alt":"","footnotes":""},"categories":[13],"tags":[],"class_list":["post-19558","post","type-post","status-publish","format-standard","has-post-thumbnail","","category-mundo"],"_links":{"self":[{"href":"https:\/\/noticiasveraces.com\/index.php?rest_route=\/wp\/v2\/posts\/19558","targetHints":{"allow":["GET"]}}],"collection":[{"href":"https:\/\/noticiasveraces.com\/index.php?rest_route=\/wp\/v2\/posts"}],"about":[{"href":"https:\/\/noticiasveraces.com\/index.php?rest_route=\/wp\/v2\/types\/post"}],"author":[{"embeddable":true,"href":"https:\/\/noticiasveraces.com\/index.php?rest_route=\/wp\/v2\/users\/1"}],"replies":[{"embeddable":true,"href":"https:\/\/noticiasveraces.com\/index.php?rest_route=%2Fwp%2Fv2%2Fcomments&post=19558"}],"version-history":[{"count":0,"href":"https:\/\/noticiasveraces.com\/index.php?rest_route=\/wp\/v2\/posts\/19558\/revisions"}],"wp:featuredmedia":[{"embeddable":true,"href":"https:\/\/noticiasveraces.com\/index.php?rest_route=\/wp\/v2\/media\/19559"}],"wp:attachment":[{"href":"https:\/\/noticiasveraces.com\/index.php?rest_route=%2Fwp%2Fv2%2Fmedia&parent=19558"}],"wp:term":[{"taxonomy":"category","embeddable":true,"href":"https:\/\/noticiasveraces.com\/index.php?rest_route=%2Fwp%2Fv2%2Fcategories&post=19558"},{"taxonomy":"post_tag","embeddable":true,"href":"https:\/\/noticiasveraces.com\/index.php?rest_route=%2Fwp%2Fv2%2Ftags&post=19558"}],"curies":[{"name":"wp","href":"https:\/\/api.w.org\/{rel}","templated":true}]}}