{"id":19517,"date":"2025-03-20T23:45:17","date_gmt":"2025-03-21T03:45:17","guid":{"rendered":"https:\/\/noticiasveraces.com\/?p=19517"},"modified":"2025-03-20T23:45:17","modified_gmt":"2025-03-21T03:45:17","slug":"aprobada-la-ley-contra-el-desperdicio-alimentario-los-bares-daran-envases-para-las-sobras-y-los-super-venderan-productos-feos-clima-y-medio-ambiente","status":"publish","type":"post","link":"https:\/\/noticiasveraces.com\/?p=19517","title":{"rendered":"Aprobada la ley contra el desperdicio alimentario: los bares dar\u00e1n envases para las sobras y los s\u00faper vender\u00e1n productos \u201cfeos\u201d | Clima y Medio Ambiente"},"content":{"rendered":"<p> \n<\/p>\n<div data-dtm-region=\"articulo_cuerpo\">\n<p class=\"\">El Congreso ha aprobado este jueves la ley contra el desperdicio alimentario, que incluye medidas como la obligaci\u00f3n de que bares y restaurantes ofrezcan envases para llevarse las sobras, la exigencia de que los supermercados donen sus excedentes, y la imposici\u00f3n de que todas las empresas de la cadena alimentaria cuenten con planes para evitar que la comida acabe en la basura. La Ley de Prevenci\u00f3n de las P\u00e9rdidas y el Desperdicio Alimentario pretende reducir la cifra global de desperdicio, que en 2023 se situ\u00f3 en Espa\u00f1a en 1,214 millones de toneladas, seg\u00fan los \u00faltimos datos del Ministerio de Agricultura. Mientras, la Organizaci\u00f3n de las Naciones Unidas para la Alimentaci\u00f3n y la Agricultura (FAO) estima que cada a\u00f1o se desperdician en el mundo unos 1.300 millones de toneladas, alrededor del 30% de los alimentos que se producen, con un alto coste ambiental.<\/p>\n<p class=\"\">La norma se aprob\u00f3 en el Congreso en primera lectura en diciembre con la mayor\u00eda de investidura, el voto en contra de Vox y la abstenci\u00f3n del PP; este jueves tan solo se han votado las enmiendas que ven\u00edan del Senado, tras las cuales la norma queda aprobada definitivamente. Las diferentes patronales y asociaciones de la cadena alimentaria coinciden en que es una ley pionera en un pa\u00eds europeo \u2014aunque ya existe una en Catalu\u00f1a\u2014. \u201cVemos positivo que se armonice el tema del desperdicio alimentario. La ley cumple tres objetivos: el social, porque se evita desperdicia comida; el ambiental, porque fabricar alimentos supone consumos de agua, energ\u00eda y gesti\u00f3n de residuos que se perder\u00edan; y tambi\u00e9n el econ\u00f3mico, porque producir para acabar en la basura es perder eficiencia en la gesti\u00f3n\u201d, apunta Paloma S\u00e1nchez Pello, directora de Competitividad de la Federaci\u00f3n Espa\u00f1ola de Industrias de Alimentaci\u00f3n y Bebidas (FIAB). Estas son algunas de las novedades legislativas.<\/p>\n<h3 class=\"\">Planes contra el desperdicio en empresas<\/h3>\n<p class=\"\">Una de las principales novedades de la norma consiste en que todas las empresas de la cadena alimentaria \u2014producci\u00f3n, transformaci\u00f3n, distribuci\u00f3n de alimentos, as\u00ed como hosteler\u00eda y restauraci\u00f3n\u2014 deber\u00e1n elaborar planes de prevenci\u00f3n de p\u00e9rdidas y desperdicios. \u201cEste tipo de planes diagnostican por qu\u00e9 se generan desperdicios y buscan alternativas viables t\u00e9cnicamente, ambientalmente y econ\u00f3micamente para reducirlas, con medidas de seguimiento peri\u00f3dicas. Hay excepciones con las peque\u00f1as empresas\u201d, explica Ignacio Garc\u00eda Magarzo, director general de la Asociaci\u00f3n Espa\u00f1ola de Empresas de Distribuidores, Autoservicios y Supermercados (Asedas).<\/p>\n<figure class=\"a_m a_m-h \"><span class=\"_db a_m_w _pr lb_btn\"><img alt=\"Comida tirada en la basura junto a un supermercado. \" decoding=\"auto\" class=\"_re lazyload a_m-h\" height=\"276\" srcset=\"https:\/\/imagenes.elpais.com\/resizer\/v2\/LRTFUBAJ7BHMPHMFYDUDR6GMFY.jpg?auth=80c99f4ca3584c20a319487d42a8c8dd780020aba249498cd69fa479787b0e4c&amp;width=414 414w,https:\/\/imagenes.elpais.com\/resizer\/v2\/LRTFUBAJ7BHMPHMFYDUDR6GMFY.jpg?auth=80c99f4ca3584c20a319487d42a8c8dd780020aba249498cd69fa479787b0e4c&amp;width=828 640w,https:\/\/imagenes.elpais.com\/resizer\/v2\/LRTFUBAJ7BHMPHMFYDUDR6GMFY.jpg?auth=80c99f4ca3584c20a319487d42a8c8dd780020aba249498cd69fa479787b0e4c&amp;width=980 1000w,https:\/\/imagenes.elpais.com\/resizer\/v2\/LRTFUBAJ7BHMPHMFYDUDR6GMFY.jpg?auth=80c99f4ca3584c20a319487d42a8c8dd780020aba249498cd69fa479787b0e4c&amp;width=1960 1960w\" width=\"414\" sizes=\"auto, (min-width:1199px) 1155px,(min-width:1001px) calc(100vw - 44px),(min-width:768px) 767px, 100vw\" src=\"https:\/\/imagenes.elpais.com\/resizer\/v2\/LRTFUBAJ7BHMPHMFYDUDR6GMFY.jpg?auth=80c99f4ca3584c20a319487d42a8c8dd780020aba249498cd69fa479787b0e4c&amp;width=414\" loading=\"lazy\"\/><svg aria-hidden=\"true\" class=\"icon_multimedia_ampliar | _pa a_m_i a_m_i-a _dn\" viewbox=\"0 0 40 40\"><use xlink:href=\"#svg-ampliar\"\/><\/svg><\/span><figcaption class=\"a_m_p\" aria-hidden=\"true\"><span>Comida tirada en la basura junto a un supermercado. <\/span><span class=\"a_m_m\">Kike para<\/span><\/figcaption><\/figure>\n<h3 class=\"\">La prioridad: la donaci\u00f3n de alimentos<\/h3>\n<p class=\"\">Cuando se desechen alimentos, la prioridad ser\u00e1 siempre el consumo humano, a trav\u00e9s de la donaci\u00f3n o redistribuci\u00f3n de alimentos a entidades sociales. \u201cLa industria de alimentaci\u00f3n y bebidas lleva a\u00f1os haciendo donaciones de alimentos, y esto viene a armonizar lo que ya se hac\u00eda\u201d, dice S\u00e1nchez, de (FIAB). El director de Asedas lo confirma: \u201cEn la pr\u00e1ctica ya se hace, en la mayor\u00eda de los casos en los que no se dona es porque no se puede. Tenemos 20.000 establecimientos en zonas rurales y all\u00ed suele ser m\u00e1s dif\u00edcil\u201d. Las ONG del sector, en cambio, apuntan que no siempre es as\u00ed y que mucha comida acaba en la basura. En cualquier caso, ahora pasa a ser una obligaci\u00f3n legal. Nuria Pedraza, de la patronal Aecoc, tercia: \u201cAhora todo el mundo deber\u00e1 hacer acuerdos de donaci\u00f3n, el gran desaf\u00edo es encontrar entidades receptoras con capacidad operativa para recoger y transportar esos productos en todas partes de Espa\u00f1a\u201d. Si no se puede donar, la ley pide destinar los excedentes a alimentaci\u00f3n animal, compost o biocombustibles, para lo que ser\u00e1 fundamental la colaboraci\u00f3n de los gestores de residuos.<\/p>\n<h3 class=\"\">Recipientes para las sobras en bares y restaurantes<\/h3>\n<p class=\"\">Las empresas de hosteler\u00eda tendr\u00e1n la obligaci\u00f3n de facilitar al consumidor que pueda llevarse los alimentos que no haya consumido en envases reutilizables o reciclables. El servicio ser\u00e1 gratuito, aunque si los envases son de pl\u00e1stico se deben cobrar, como indica la ley de residuos. Emilio Gallego, secretario general de Hosteler\u00eda de Espa\u00f1a, apunta: \u201cLa mayor\u00eda de establecimientos ya tienen alg\u00fan tipo de operativa para ofrecer este servicio, con bolsas, recipientes, papel de aluminio\u2026 Y siempre sugerimos que los recipientes sean reciclables y reutilizables\u201d. Patricia Estanheiro Mota, directora de Desarrollo de Hosteler\u00eda Madrid, coincide: \u201cEsto no va a ser un problema tampoco para los establecimientos peque\u00f1os, que ya pueden ofrecer medias raciones u otras soluciones para que la comida no sobre. Y si sobra, casi todos est\u00e1n sensibilizados\u201d. En cualquier caso, ahora ninguno podr\u00e1n negarse.<\/p>\n<aside class=\"a_ei\">\n<header class=\"a_ei_h _db\">M\u00e1s informaci\u00f3n<\/header>\n<\/aside>\n<figure class=\"a_m a_m-h \"><span class=\"_db a_m_w _pr lb_btn\"><img alt=\"Recipientes de aluminio con sobras de un restaurante. \" decoding=\"auto\" class=\"_re lazyload a_m-h\" height=\"276\" srcset=\"https:\/\/imagenes.elpais.com\/resizer\/v2\/GISF5PDMN5ATRIFPZ65QKVGVOA.jpg?auth=22ed94a57cb5a265c09e4c950e4aaaf0d671738bde37d5ebd413ed9f910e11b3&amp;width=414 414w,https:\/\/imagenes.elpais.com\/resizer\/v2\/GISF5PDMN5ATRIFPZ65QKVGVOA.jpg?auth=22ed94a57cb5a265c09e4c950e4aaaf0d671738bde37d5ebd413ed9f910e11b3&amp;width=828 640w,https:\/\/imagenes.elpais.com\/resizer\/v2\/GISF5PDMN5ATRIFPZ65QKVGVOA.jpg?auth=22ed94a57cb5a265c09e4c950e4aaaf0d671738bde37d5ebd413ed9f910e11b3&amp;width=980 1000w,https:\/\/imagenes.elpais.com\/resizer\/v2\/GISF5PDMN5ATRIFPZ65QKVGVOA.jpg?auth=22ed94a57cb5a265c09e4c950e4aaaf0d671738bde37d5ebd413ed9f910e11b3&amp;width=1960 1960w\" width=\"414\" sizes=\"auto, (min-width:1199px) 1155px,(min-width:1001px) calc(100vw - 44px),(min-width:768px) 767px, 100vw\" src=\"https:\/\/imagenes.elpais.com\/resizer\/v2\/GISF5PDMN5ATRIFPZ65QKVGVOA.jpg?auth=22ed94a57cb5a265c09e4c950e4aaaf0d671738bde37d5ebd413ed9f910e11b3&amp;width=414\" loading=\"lazy\"\/><svg aria-hidden=\"true\" class=\"icon_multimedia_ampliar | _pa a_m_i a_m_i-a _dn\" viewbox=\"0 0 40 40\"><use xlink:href=\"#svg-ampliar\"\/><\/svg><\/span><figcaption class=\"a_m_p\" aria-hidden=\"true\"><span>Recipientes de aluminio con sobras de un restaurante. <\/span><span class=\"a_m_m\">Mulero (Alamy\/Cordon Press)<\/span><\/figcaption><\/figure>\n<h3 class=\"\">Incentivo a los productos de temporada, ecol\u00f3gicos y \u201cfeos\u201d<\/h3>\n<p class=\"\">Dentro de las recomendaciones, la ley pide a tiendas y supermercados que tengan l\u00edneas de venta con productos \u201cfeos\u201d, \u201cimperfectos\u201d o \u201cpoco est\u00e9ticos\u201d, siempre que cumplan las normas sanitarias, as\u00ed como que promuevan \u201clos productos de temporada, los de proximidad, los ecol\u00f3gicos y los ambientalmente sostenibles\u201d. \u201cEs muy positivo que los productos ecol\u00f3gicos tengan m\u00e1s presencia en los supermercados\u201d, dice Diego Granado, de Ecovalia. Pauline Bonnier, portavoz del supermercado cooperativo La Osa, se\u00f1ala: \u201cLos supermercados cooperativos ya priorizamos estos productos y hacemos sensibilizaci\u00f3n a los consumidores para que sepan la procedencia, de forma que es mejor para ellos y para los productores. Es positivo que esto se extienda\u201d a todo el sector. La norma pide adem\u00e1s \u201cexponer en lugar visible para las personas consumidoras informaci\u00f3n sobre la seguridad y beneficios del consumo de productos con imperfecciones o imperfectos\u201d.<\/p>\n<aside class=\"a_ei\">\n<header class=\"a_ei_h _db\">M\u00e1s informaci\u00f3n<\/header>\n<\/aside>\n<h3 class=\"\">Descuentos cuando se acerca la caducidad<\/h3>\n<p class=\"\">La legislaci\u00f3n propone incentivar la venta de productos con la fecha de consumo preferente o de caducidad pr\u00f3xima. \u201cEsto no plantea problemas, la mayor\u00eda de establecimientos ya hacen liquidaciones al final del d\u00eda rebajando precios para evitar el desperdicio\u201d, apunta el director de Asedas. Bonnier, de La Osa, coincide: \u201cCuando la fruta y verdura empiezan a ponerse feas, las vendemos a un euro el kilo, muy barato cuando son ecol\u00f3gicas y de proximidad. Y el pan del d\u00eda anterior se mantiene con un gran descuento\u201d. Algunas grandes superficies ya disponen de estanter\u00edas espec\u00edficas para estos productos, algo que se espera que se generalice.<\/p>\n<figure class=\"a_m a_m-h \"><span class=\"_db a_m_w _pr lb_btn\"><img alt=\"Productos con fecha cercana a la caducidad ofrecidos con descuento a los consumidores en un supermercado espa\u00f1ol. &#10;\" decoding=\"auto\" class=\"_re lazyload a_m-h\" height=\"276\" srcset=\"https:\/\/imagenes.elpais.com\/resizer\/v2\/5WKYKOHYE5B2ZJVNGEXIEXVLA4.jpg?auth=d9b3fa379d4ba7bbc8c73c07bf54367eea47a8262cea23d277e4561bac727abc&amp;width=414 414w,https:\/\/imagenes.elpais.com\/resizer\/v2\/5WKYKOHYE5B2ZJVNGEXIEXVLA4.jpg?auth=d9b3fa379d4ba7bbc8c73c07bf54367eea47a8262cea23d277e4561bac727abc&amp;width=828 640w,https:\/\/imagenes.elpais.com\/resizer\/v2\/5WKYKOHYE5B2ZJVNGEXIEXVLA4.jpg?auth=d9b3fa379d4ba7bbc8c73c07bf54367eea47a8262cea23d277e4561bac727abc&amp;width=980 1000w,https:\/\/imagenes.elpais.com\/resizer\/v2\/5WKYKOHYE5B2ZJVNGEXIEXVLA4.jpg?auth=d9b3fa379d4ba7bbc8c73c07bf54367eea47a8262cea23d277e4561bac727abc&amp;width=1960 1960w\" width=\"414\" sizes=\"auto, (min-width:1199px) 1155px,(min-width:1001px) calc(100vw - 44px),(min-width:768px) 767px, 100vw\" src=\"https:\/\/imagenes.elpais.com\/resizer\/v2\/5WKYKOHYE5B2ZJVNGEXIEXVLA4.jpg?auth=d9b3fa379d4ba7bbc8c73c07bf54367eea47a8262cea23d277e4561bac727abc&amp;width=414\" loading=\"lazy\"\/><svg aria-hidden=\"true\" class=\"icon_multimedia_ampliar | _pa a_m_i a_m_i-a _dn\" viewbox=\"0 0 40 40\"><use xlink:href=\"#svg-ampliar\"\/><\/svg><\/span><figcaption class=\"a_m_p\" aria-hidden=\"true\"><span>Productos con fecha cercana a la caducidad ofrecidos con descuento a los consumidores en un supermercado espa\u00f1ol.<br \/>\n<\/span><span class=\"a_m_m\">Press Europa<\/span><\/figcaption><\/figure>\n<h3 class=\"\">Sanciones a los incumplidores<\/h3>\n<p class=\"\">El esp\u00edritu de la ley es, sobre todo, promover e impulsar la prevenci\u00f3n y la disminuci\u00f3n del desperdicio alimentario, tambi\u00e9n incluye sanciones, cuya cuant\u00eda va de los 2.000 euros para las leves hasta los 500.000 para las graves. La industria alimentaria critica este aspecto. \u201cPreferimos los incentivos a las sanciones. Sin embargo, la ley da flexibilidad a las pymes, as\u00ed que creemos que va a haber un alt\u00edsimo cumplimento\u201d, apunta Gallego, de Hosteler\u00eda de Espa\u00f1a. Su hom\u00f3loga de Hosteler\u00eda Madrid tercia: \u201cLas asociaciones ofreceremos herramientas y soluciones a la restauraci\u00f3n para que se centren en la prevenci\u00f3n y las sanciones no les supongan un problema\u201d.<\/p>\n<h3 class=\"\">Plan nacional contra el desperdicio<\/h3>\n<p class=\"\">El Ministerio de Agricultura, Pesca y Alimentaci\u00f3n, impulsor de la normativa, deber\u00e1 elaborar un Plan Nacional de Control de las P\u00e9rdidas y Desperdicio Alimentario, que contendr\u00e1 objetivos generales y prioridades para las tareas de control. El documento se realizar\u00e1 en consulta con otros ministerios y pretende ser la hoja de ruta para continuar en la senda de la prevenci\u00f3n. En cualquier caso, el departamento de Luis Planas ya elabora cada a\u00f1o.<\/p>\n<figure class=\"a_m a_m-h \"><span class=\"_db a_m_w _pr lb_btn\"><img alt=\"Un hombre tira unos filetes caducados al cubo de basura de su cocina. \" decoding=\"auto\" class=\"_re lazyload a_m-h\" height=\"276\" srcset=\"https:\/\/imagenes.elpais.com\/resizer\/v2\/7MQJ6FX3E5CGNNLASBFAFWAK34.jpg?auth=8c5678fe06287c5adc69d1d74f3e5984f4d2a60153908353fd314881ab9ef8aa&amp;width=414 414w,https:\/\/imagenes.elpais.com\/resizer\/v2\/7MQJ6FX3E5CGNNLASBFAFWAK34.jpg?auth=8c5678fe06287c5adc69d1d74f3e5984f4d2a60153908353fd314881ab9ef8aa&amp;width=828 640w,https:\/\/imagenes.elpais.com\/resizer\/v2\/7MQJ6FX3E5CGNNLASBFAFWAK34.jpg?auth=8c5678fe06287c5adc69d1d74f3e5984f4d2a60153908353fd314881ab9ef8aa&amp;width=980 1000w,https:\/\/imagenes.elpais.com\/resizer\/v2\/7MQJ6FX3E5CGNNLASBFAFWAK34.jpg?auth=8c5678fe06287c5adc69d1d74f3e5984f4d2a60153908353fd314881ab9ef8aa&amp;width=1960 1960w\" width=\"414\" sizes=\"auto, (min-width:1199px) 1155px,(min-width:1001px) calc(100vw - 44px),(min-width:768px) 767px, 100vw\" src=\"https:\/\/imagenes.elpais.com\/resizer\/v2\/7MQJ6FX3E5CGNNLASBFAFWAK34.jpg?auth=8c5678fe06287c5adc69d1d74f3e5984f4d2a60153908353fd314881ab9ef8aa&amp;width=414\" loading=\"lazy\"\/><svg aria-hidden=\"true\" class=\"icon_multimedia_ampliar | _pa a_m_i a_m_i-a _dn\" viewbox=\"0 0 40 40\"><use xlink:href=\"#svg-ampliar\"\/><\/svg><\/span><figcaption class=\"a_m_p\" aria-hidden=\"true\"><span>Un hombre tira unos filetes caducados al cubo de basura de su cocina. <\/span><span class=\"a_m_m\">Aitor Sol<\/span><\/figcaption><\/figure>\n<h3 class=\"\">Retos pendientes<\/h3>\n<p class=\"\">\u201cEs una pena que la ley no incluya medidas de cara al consumidor m\u00e1s all\u00e1 de medidas de formaci\u00f3n, porque es en los hogares donde m\u00e1s alimentos se desperdician\u201d, critica el director de Asedas. Raquel D\u00edaz, directora de la Fundaci\u00f3n Espigoladors \u2014que lucha contra el desperdicio\u2014, critica que en la tramitaci\u00f3n parlamentaria se han incorporado tantas excepciones a las obligaciones con lo que no est\u00e1 claro qui\u00e9n va a tener que cumplir la ley. \u201cLa norma que se qued\u00f3 en el caj\u00f3n en la anterior legislatura era mucho m\u00e1s ambiciosa\u201d, resume. En cambio, se ha rechazado la enmienda que consideraba que los excedentes agr\u00edcolas se deber\u00edan convertir autom\u00e1ticamente en residuos, por lo que se sigue favoreciendo la donaci\u00f3n de frutas y hortalizas y el espigue, es decir, la rebusca de alimentos que pueden destinarse al consumo humano. Desde la ONG Enra\u00edza Derechos apuntan: \u201cUno de los grandes fallos de la norma es la falta de obligatoriedad en la medici\u00f3n y el an\u00e1lisis del desperdicio en todos los eslabones de la cadena alimentaria, sin ello ser\u00e1 dif\u00edcil que haya soluciones efectivas\u201d.<\/p>\n<\/div>\n\n","protected":false},"excerpt":{"rendered":"<p>El Congreso ha aprobado este jueves la ley contra el desperdicio alimentario, que incluye medidas como la obligaci\u00f3n de que bares y restaurantes ofrezcan envases para llevarse las sobras, la exigencia de que los supermercados donen sus excedentes, y la imposici\u00f3n de que todas las empresas de la cadena alimentaria cuenten con planes para evitar &hellip;<\/p>\n","protected":false},"author":1,"featured_media":19518,"comment_status":"open","ping_status":"open","sticky":false,"template":"","format":"standard","meta":{"fifu_image_url":"https:\/\/imagenes.elpais.com\/resizer\/v2\/3BUK3UDX2VDQBOCGII3WLVIKCM.JPG?auth=34fd389c1a9d183d82928ef6573741a020490b68ee65111d3cae431be347e803&width=1200","fifu_image_alt":"","footnotes":""},"categories":[11],"tags":[],"class_list":["post-19517","post","type-post","status-publish","format-standard","has-post-thumbnail","","category-viaje"],"_links":{"self":[{"href":"https:\/\/noticiasveraces.com\/index.php?rest_route=\/wp\/v2\/posts\/19517","targetHints":{"allow":["GET"]}}],"collection":[{"href":"https:\/\/noticiasveraces.com\/index.php?rest_route=\/wp\/v2\/posts"}],"about":[{"href":"https:\/\/noticiasveraces.com\/index.php?rest_route=\/wp\/v2\/types\/post"}],"author":[{"embeddable":true,"href":"https:\/\/noticiasveraces.com\/index.php?rest_route=\/wp\/v2\/users\/1"}],"replies":[{"embeddable":true,"href":"https:\/\/noticiasveraces.com\/index.php?rest_route=%2Fwp%2Fv2%2Fcomments&post=19517"}],"version-history":[{"count":0,"href":"https:\/\/noticiasveraces.com\/index.php?rest_route=\/wp\/v2\/posts\/19517\/revisions"}],"wp:featuredmedia":[{"embeddable":true,"href":"https:\/\/noticiasveraces.com\/index.php?rest_route=\/wp\/v2\/media\/19518"}],"wp:attachment":[{"href":"https:\/\/noticiasveraces.com\/index.php?rest_route=%2Fwp%2Fv2%2Fmedia&parent=19517"}],"wp:term":[{"taxonomy":"category","embeddable":true,"href":"https:\/\/noticiasveraces.com\/index.php?rest_route=%2Fwp%2Fv2%2Fcategories&post=19517"},{"taxonomy":"post_tag","embeddable":true,"href":"https:\/\/noticiasveraces.com\/index.php?rest_route=%2Fwp%2Fv2%2Ftags&post=19517"}],"curies":[{"name":"wp","href":"https:\/\/api.w.org\/{rel}","templated":true}]}}