{"id":19512,"date":"2025-03-20T23:25:01","date_gmt":"2025-03-21T03:25:01","guid":{"rendered":"https:\/\/noticiasveraces.com\/?p=19512"},"modified":"2025-03-20T23:25:01","modified_gmt":"2025-03-21T03:25:01","slug":"siguen-protestas-por-arresto-de-alcalde-de-estambul-dw-21-03-2025","status":"publish","type":"post","link":"https:\/\/noticiasveraces.com\/?p=19512","title":{"rendered":"siguen protestas por arresto de alcalde de Estambul \u2013 DW \u2013 21\/03\/2025"},"content":{"rendered":"<p> \n<\/p>\n<div>\n<p>Las protestas contra la detenci\u00f3n del alcalde de Estambul, Ekrem Imamoglu, uno de los pol\u00edticos m\u00e1s populares de la oposici\u00f3n socialdem\u00f3crata (CHP), continuaron el jueves (20.03.2025) pese a estar prohibidas, y el partido ha pedido que contin\u00faen en los pr\u00f3ximos d\u00edas.<\/p>\n<p>Al igual que en la v\u00edspera, m\u00e1s de quince mil personas se congregaron al atardecer ante la alcald\u00eda de Estambul para escuchar el discurso de las m\u00e1ximas figuras del partido CHP, el mayor de la oposici\u00f3n, pese a la prohibici\u00f3n de toda protesta que rige en la ciudad desde ayer y hasta el domingo.<\/p>\n<p>El veto fue dictado el mi\u00e9rcoles, d\u00eda del controvertido arresto de Imamoglu, el probable rival del presidente turco, el islamista Recep Tayyip Erdogan, en las pr\u00f3ximas elecciones.<\/p>\n<h2>Apoyo al alcalde arrestado<\/h2>\n<p>Su partido ha hecho un llamamiento para continuar con las manifestaciones en los pr\u00f3ximos d\u00edas.<\/p>\n<p>\u00abA partir de ahora, el CHP no har\u00e1 pol\u00edtica de sal\u00f3n: estaremos en las calles y las plazas. Erdogan, t\u00fa tienes miedo a las calles, pero nosotros no\u00bb, proclam\u00f3 el dirigente de la formaci\u00f3n, \u00d6zg\u00fcr \u00d6zel.<\/p>\n<p>Tambi\u00e9n el alcalde de Ankara, Mansur Yavas, acudi\u00f3 a la cita para respaldar a Imamoglu, pese a su conocida aspiraci\u00f3n de ser \u00e9l, en lugar de su colega, el candidato presidencial del CHP.<\/p>\n<p>La formaci\u00f3n -segunda del Parlamento- anunci\u00f3 que el domingo colocar\u00e1 4.000 urnas en todo el pa\u00eds para que los afiliados acudan a votar simb\u00f3licamente por Imamoglu, \u00fanico nombre en la papeleta, y Yavas avanz\u00f3 que se sumar\u00e1 a este gesto.<\/p>\n<figure class=\"placeholder-image master_landscape right\"><img data-format=\"MASTER_LANDSCAPE\" data-id=\"71990509\" data-url=\"https:\/\/static.dw.com\/image\/71990509_${formatId}.jpg\" data-aspect-ratio=\"16\/9\" alt=\"Los manifestantes que protestaban contra el arresto del alcalde de Estambul se enfrentan con la polic\u00eda.  Las autoridades turcas prohibieron cualquier tipo de protestas por varios d\u00edas.\" style=\"padding-bottom: 56.25%; height: 0; max-height: 0;\"\/><figcaption class=\"img-caption\">Los manifestantes que protestaban contra el arresto del alcalde de Estambul se enfrentan con la polic\u00eda.  Las autoridades turcas prohibieron cualquier tipo de protestas por varios d\u00edas.<small class=\"copyright\">Imagen: Khalil Hamra\/AP\/dpa\/picture alliance<\/small><\/figcaption><\/figure>\n<p>Tambi\u00e9n en Ankara tuvieron lugar numerosas protestas hoy, tanto de diputados del CHP como de estudiantes de varias universidades, cuyas marchas fueron dispersadas por cargas de la polic\u00eda con gas lacrim\u00f3geno y balas de pl\u00e1stico, causando varios heridos.<\/p>\n<h2>Libertad de opini\u00f3n reprimida<\/h2>\n<p>Adem\u00e1s, 37 personas fueron detenidas por difundir en redes sociales mensajes cr\u00edticos sobre la detenci\u00f3n de Imamoglu, seg\u00fan inform\u00f3 el ministro del Interior, Ali Yerlikaya.<\/p>\n<p>Por su parte, el Consejo de Radiotelevisi\u00f3n (RT\u00dcK) mult\u00f3 a cuatro emisoras por sus informaciones sobre el arresto del alcalde.<\/p>\n<p>Imamoglu, que fue detenido a primera hora del mi\u00e9rcoles, contin\u00faa en la comisar\u00eda central de Estambul, junto a otros 86 detenidos en la misma redada, casi todos colaboradores suyos o cargos del CHP.<\/p>\n<p>La mayor parte de los detenidos, entre ellos el alcalde, est\u00e1n acusados de formar parte de una trama de corrupci\u00f3n, sobornos y desv\u00edo de fondos municipales, y algunos medios turcos han publicado supuestos detalles de chantajes y dinero hallado en la redada.<\/p>\n<p>En un comunicado, la municipalidad, que de forma interina dirige el concejal Nuri Aslan, del CHP, rechaz\u00f3 todas las acusaciones, subrayando que el Tribunal de Cuentas turco verifica todas las transacciones y nunca ha encontrado irregularidades.<\/p>\n<figure class=\"placeholder-image master_landscape left\"><img data-format=\"MASTER_LANDSCAPE\" data-id=\"71990484\" data-url=\"https:\/\/static.dw.com\/image\/71990484_${formatId}.jpg\" data-aspect-ratio=\"16\/9\" alt=\"Pese a la prohibici\u00f3n de las protestas, miles de personas volvieron a manifestarse en las calles en Turqu\u00eda.\" style=\"padding-bottom: 56.25%; height: 0; max-height: 0;\"\/><figcaption class=\"img-caption\">Pese a la prohibici\u00f3n de las protestas, miles de personas volvieron a manifestarse en las calles en Turqu\u00eda.<small class=\"copyright\">Imagen: Emrah Gurel\/AP\/Picture Alliance<\/small><\/figcaption><\/figure>\n<p>Otra investigaci\u00f3n acusa a Imamoglu y otras seis personas de v\u00ednculos con la guerrilla kurda, el proscrito Partido de los Trabajadores del Kurdist\u00e1n (PKK), por un acuerdo concluido poco antes de las elecciones municipales de marzo de 2024, por el que figuras de la izquierda kurda se integraron en listas del CHP, atrayendo el voto kurdo.<\/p>\n<p>La municipalidad recuerda que ya en el primer mandato de Imamoglu como alcalde de Estambul, de 2019 a 2024, se difund\u00eda la acusaci\u00f3n de que la municipalidad \u00abdaba cobijo a 700 terroristas\u00bb, pero que solo fueron acusadas 41 personas, y que todas ellas fueron finalmente absueltas.<\/p>\n<p><span data-slot-id=\"Article_InContent-1\" class=\"rich-text-ad\"\/><\/p>\n<h2>Alcalde pide a la justicia no acatar \u00f3rdenes de Erdogan<\/h2>\n<p>En un mensaje difundido en la red X, Imamoglu pidi\u00f3 hoy a la Judicatura turca dejar de actuar a las \u00f3rdenes del Gobierno.<\/p>\n<p>\u00abDeb\u00e9is levantaros y actuar contra el pu\u00f1ado de colegas que han devastado la judicatura turca, nos han deshonrado ante el mundo entero y han aplastado nuestra reputaci\u00f3n\u00bb, escribi\u00f3 el alcalde desde la comisar\u00eda.<\/p>\n<p>La ley turca permite mantener a un acusado hasta cuatros d\u00edas en las dependencias policiales, y dado el alto n\u00famero de detenidos se da por hecho que Imamoglu no comparecer\u00e1 ante el juez hasta el domingo.<\/p>\n<p>En su primer comentario al conflicto, que mantiene en vilo a Turqu\u00eda\u00a0desde ayer, Erdogan acus\u00f3 hoy al CHP de \u00abenga\u00f1ar al pueblo\u00bb con su llamamiento a las protestas, en lugar de desmentir las acusaciones judiciales.<\/p>\n<p>JC (AFP, Efe)<\/p>\n<\/p>\n<\/div>\n\n","protected":false},"excerpt":{"rendered":"<p>Las protestas contra la detenci\u00f3n del alcalde de Estambul, Ekrem Imamoglu, uno de los pol\u00edticos m\u00e1s populares de la oposici\u00f3n socialdem\u00f3crata (CHP), continuaron el jueves (20.03.2025) pese a estar prohibidas, y el partido ha pedido que contin\u00faen en los pr\u00f3ximos d\u00edas. Al igual que en la v\u00edspera, m\u00e1s de quince mil personas se congregaron al &hellip;<\/p>\n","protected":false},"author":1,"featured_media":19513,"comment_status":"open","ping_status":"open","sticky":false,"template":"","format":"standard","meta":{"fifu_image_url":"https:\/\/static.dw.com\/image\/71990496_6.jpg","fifu_image_alt":"","footnotes":""},"categories":[13],"tags":[],"class_list":["post-19512","post","type-post","status-publish","format-standard","has-post-thumbnail","","category-mundo"],"_links":{"self":[{"href":"https:\/\/noticiasveraces.com\/index.php?rest_route=\/wp\/v2\/posts\/19512","targetHints":{"allow":["GET"]}}],"collection":[{"href":"https:\/\/noticiasveraces.com\/index.php?rest_route=\/wp\/v2\/posts"}],"about":[{"href":"https:\/\/noticiasveraces.com\/index.php?rest_route=\/wp\/v2\/types\/post"}],"author":[{"embeddable":true,"href":"https:\/\/noticiasveraces.com\/index.php?rest_route=\/wp\/v2\/users\/1"}],"replies":[{"embeddable":true,"href":"https:\/\/noticiasveraces.com\/index.php?rest_route=%2Fwp%2Fv2%2Fcomments&post=19512"}],"version-history":[{"count":0,"href":"https:\/\/noticiasveraces.com\/index.php?rest_route=\/wp\/v2\/posts\/19512\/revisions"}],"wp:featuredmedia":[{"embeddable":true,"href":"https:\/\/noticiasveraces.com\/index.php?rest_route=\/wp\/v2\/media\/19513"}],"wp:attachment":[{"href":"https:\/\/noticiasveraces.com\/index.php?rest_route=%2Fwp%2Fv2%2Fmedia&parent=19512"}],"wp:term":[{"taxonomy":"category","embeddable":true,"href":"https:\/\/noticiasveraces.com\/index.php?rest_route=%2Fwp%2Fv2%2Fcategories&post=19512"},{"taxonomy":"post_tag","embeddable":true,"href":"https:\/\/noticiasveraces.com\/index.php?rest_route=%2Fwp%2Fv2%2Ftags&post=19512"}],"curies":[{"name":"wp","href":"https:\/\/api.w.org\/{rel}","templated":true}]}}