{"id":19508,"date":"2025-03-20T21:22:55","date_gmt":"2025-03-21T01:22:55","guid":{"rendered":"https:\/\/noticiasveraces.com\/?p=19508"},"modified":"2025-03-20T21:22:55","modified_gmt":"2025-03-21T01:22:55","slug":"paris-prepara-nueva-cumbre-con-zelenski-y-aliados-de-ucrania-dw-21-03-2025","status":"publish","type":"post","link":"https:\/\/noticiasveraces.com\/?p=19508","title":{"rendered":"Par\u00eds prepara nueva cumbre con Zelenski y aliados de Ucrania \u2013 DW \u2013 21\/03\/2025"},"content":{"rendered":"<p> \n<\/p>\n<div>\n<p>El presidente\u00a0 de Francia\u00a0Emmanuel Macron\u00a0anunci\u00f3 el jueves (20.03.2025)\u00a0que su hom\u00f3logo ucraniano, Volodimir Zelenski, y dirigentes aliados de Ucrania se reunir\u00e1n el 27 de marzo en Par\u00eds, con la esperanza de finalizar los planes para asegurar una esperada tregua en la guerra con Rusia.<\/p>\n<p>\u00abCelebraremos otra reuni\u00f3n de la coalici\u00f3n de los dispuestos el pr\u00f3ximo jueves en Par\u00eds en presencia del presidente Zelenski\u00bb, declar\u00f3 Macron a la prensa tras una cumbre de la UE.<\/p>\n<p>\u00abEl objetivo para m\u00ed el jueves es, en primer lugar, que haya un compromiso reiterado y expl\u00edcito y quiz\u00e1s un poco m\u00e1s espec\u00edfico sobre los apoyos a corto plazo a Ucrania\u00bb, afirm\u00f3 el dirigente franc\u00e9s en declaraciones a los medios despu\u00e9s de participar en el encuentro de jefes de Estado y de Gobierno de la Uni\u00f3n Europea en Bruselas.<\/p>\n<p>Macron explic\u00f3 que este nuevo encuentro tendr\u00e1 el objetivo de \u00abfinalizar\u00bb los trabajos en apoyo a \u00abcorto plazo\u00bb al Ej\u00e9rcito ucraniano, de definir un \u00abmodelo\u00bb para las fuerzas armadas de Ucrania que sea \u00abduradero y sostenible\u00bb para \u00abevitar invasiones rusas\u00bb y concretar las \u00abgarant\u00edas de seguridad que pueden aportar los ej\u00e9rcitos europeos\u00bb.<\/p>\n<p>Esta nueva cumbre, que sigue a una primera celebrada en Londres a principios de marzo, tendr\u00e1 lugar despu\u00e9s de las conversaciones lideradas por Estados Unidos con Rusia y Ucrania con vistas a garantizar una tregua limitada, previstas para el lunes en Arabia Saudita.<\/p>\n<p>Emmanuel Macron y el primer ministro brit\u00e1nico, Keir Starmer, tratan de establecer esta coalici\u00f3n de pa\u00edses que apoyan a Ucrania desde que el presidente estadounidense, Donald Trump, inici\u00f3 conversaciones directas con Rusia el mes pasado en un intento de poner fin a tres a\u00f1os de guerra.<\/p>\n<p>JC (AFP, Efe)<\/p>\n<\/div>\n\n","protected":false},"excerpt":{"rendered":"<p>El presidente\u00a0 de Francia\u00a0Emmanuel Macron\u00a0anunci\u00f3 el jueves (20.03.2025)\u00a0que su hom\u00f3logo ucraniano, Volodimir Zelenski, y dirigentes aliados de Ucrania se reunir\u00e1n el 27 de marzo en Par\u00eds, con la esperanza de finalizar los planes para asegurar una esperada tregua en la guerra con Rusia. \u00abCelebraremos otra reuni\u00f3n de la coalici\u00f3n de los dispuestos el pr\u00f3ximo jueves &hellip;<\/p>\n","protected":false},"author":1,"featured_media":19509,"comment_status":"open","ping_status":"open","sticky":false,"template":"","format":"standard","meta":{"fifu_image_url":"https:\/\/static.dw.com\/image\/71846316_6.jpg","fifu_image_alt":"","footnotes":""},"categories":[13],"tags":[],"class_list":["post-19508","post","type-post","status-publish","format-standard","has-post-thumbnail","","category-mundo"],"_links":{"self":[{"href":"https:\/\/noticiasveraces.com\/index.php?rest_route=\/wp\/v2\/posts\/19508","targetHints":{"allow":["GET"]}}],"collection":[{"href":"https:\/\/noticiasveraces.com\/index.php?rest_route=\/wp\/v2\/posts"}],"about":[{"href":"https:\/\/noticiasveraces.com\/index.php?rest_route=\/wp\/v2\/types\/post"}],"author":[{"embeddable":true,"href":"https:\/\/noticiasveraces.com\/index.php?rest_route=\/wp\/v2\/users\/1"}],"replies":[{"embeddable":true,"href":"https:\/\/noticiasveraces.com\/index.php?rest_route=%2Fwp%2Fv2%2Fcomments&post=19508"}],"version-history":[{"count":0,"href":"https:\/\/noticiasveraces.com\/index.php?rest_route=\/wp\/v2\/posts\/19508\/revisions"}],"wp:featuredmedia":[{"embeddable":true,"href":"https:\/\/noticiasveraces.com\/index.php?rest_route=\/wp\/v2\/media\/19509"}],"wp:attachment":[{"href":"https:\/\/noticiasveraces.com\/index.php?rest_route=%2Fwp%2Fv2%2Fmedia&parent=19508"}],"wp:term":[{"taxonomy":"category","embeddable":true,"href":"https:\/\/noticiasveraces.com\/index.php?rest_route=%2Fwp%2Fv2%2Fcategories&post=19508"},{"taxonomy":"post_tag","embeddable":true,"href":"https:\/\/noticiasveraces.com\/index.php?rest_route=%2Fwp%2Fv2%2Ftags&post=19508"}],"curies":[{"name":"wp","href":"https:\/\/api.w.org\/{rel}","templated":true}]}}