{"id":19459,"date":"2025-03-20T11:59:46","date_gmt":"2025-03-20T15:59:46","guid":{"rendered":"https:\/\/noticiasveraces.com\/?p=19459"},"modified":"2025-03-20T11:59:46","modified_gmt":"2025-03-20T15:59:46","slug":"mette-frederiksen-de-dinamarca-se-hace-eco-de-trump-admin-con-politicas-antimigrantes-en-europa","status":"publish","type":"post","link":"https:\/\/noticiasveraces.com\/?p=19459","title":{"rendered":"Mette Frederiksen de Dinamarca se hace eco de Trump Admin con pol\u00edticas antimigrantes en Europa"},"content":{"rendered":"<p> \n<\/p>\n<div>\n<p class=\"speakable\">El primer ministro dan\u00e9s, Mette Frederiksen, dice que est\u00e1 de acuerdo con los comentarios recientes del vicepresidente JD Vance de que la migraci\u00f3n masiva a Europa es un problema importante.<\/p>\n<p class=\"speakable\">Frederiksen hizo el comentario durante una entrevista con Politico publicada el jueves, diciendo que es fundamental que Europa comience a detener el flujo de migrantes extranjeros.<\/p>\n<p>\u00abConsidero esta migraci\u00f3n masiva a Europa como una amenaza para la vida diaria en Europa\u00bb, dijo Frederiksen en un retroceso al discurso del 14 de febrero de Vance en la Conferencia de Seguridad de Munich en Alemania.<\/p>\n<p>Frederiksen tambi\u00e9n ha respaldado su ret\u00f3rica con la pol\u00edtica, con su administraci\u00f3n bas\u00e1ndose en pol\u00edticas antimigrantes. Dinamarca ahora confisiona los objetos de valor de los migrantes para reembolsar el costo de alojarlos, y las leyes de \u00abno ghetto\u00bb del pa\u00eds aseguran que ning\u00fan vecindario tenga una concentraci\u00f3n descomunal de migrantes, inform\u00f3 Politico.<\/p>\n<p><strong><u>El gobierno de MD defiende $ 190k por el contrato de consultores irlandeses centrados en Trump mientras POTUS se mueve en al lado<\/u><\/strong><\/p>\n<div class=\"image-ct inline\">\n<div class=\"m\"><picture><source media=\"(max-width: 767px)\" srcset=\"https:\/\/a57.foxnews.com\/static.foxnews.com\/foxnews.com\/content\/uploads\/2025\/01\/343\/192\/denmark.png?ve=1&amp;tl=1, https:\/\/a57.foxnews.com\/static.foxnews.com\/foxnews.com\/content\/uploads\/2025\/01\/686\/384\/denmark.png?ve=1&amp;tl=1 2x\" height=\"192\" width=\"343\"><source media=\"(min-width: 768px) and (max-width: 1023px)\" srcset=\"https:\/\/a57.foxnews.com\/static.foxnews.com\/foxnews.com\/content\/uploads\/2025\/01\/672\/378\/denmark.png?ve=1&amp;tl=1, https:\/\/a57.foxnews.com\/static.foxnews.com\/foxnews.com\/content\/uploads\/2025\/01\/1344\/756\/denmark.png?ve=1&amp;tl=1 2x\" height=\"378\" width=\"672\"><source media=\"(min-width: 1024px) and (max-width: 1279px)\" srcset=\"https:\/\/a57.foxnews.com\/static.foxnews.com\/foxnews.com\/content\/uploads\/2025\/01\/931\/523\/denmark.png?ve=1&amp;tl=1, https:\/\/a57.foxnews.com\/static.foxnews.com\/foxnews.com\/content\/uploads\/2025\/01\/1862\/1046\/denmark.png?ve=1&amp;tl=1 2x\" height=\"523\" width=\"931\"><source media=\"(min-width: 1280px)\" srcset=\"https:\/\/a57.foxnews.com\/static.foxnews.com\/foxnews.com\/content\/uploads\/2025\/01\/720\/405\/denmark.png?ve=1&amp;tl=1, https:\/\/a57.foxnews.com\/static.foxnews.com\/foxnews.com\/content\/uploads\/2025\/01\/1440\/810\/denmark.png?ve=1&amp;tl=1 2x\" height=\"405\" width=\"720\"><img loading=\"lazy\" decoding=\"async\" src=\"https:\/\/a57.foxnews.com\/static.foxnews.com\/foxnews.com\/content\/uploads\/2025\/01\/1200\/675\/denmark.png?ve=1&amp;tl=1\" alt=\"Primer ministro dan\u00e9s Frederiksen\" width=\"1200\" height=\"675\"\/><\/source><\/source><\/source><\/source><\/picture><\/div>\n<div class=\"info\">\n<div class=\"caption\">\n<p><span>El primer ministro dan\u00e9s, Mette Frederiksen, habla con los medios de comunicaci\u00f3n despu\u00e9s de las conversaciones con el canciller alem\u00e1n Olaf Scholz (no visto) en la Canciller\u00eda el 28 de enero de 2025 en Berl\u00edn, Alemania.<\/span> <span>(Maja Hitij\/Getty Images)<\/span><\/p>\n<\/div>\n<\/div>\n<\/div>\n<p>\u00abCreo totalmente en la igualdad de oportunidades y en un modelo de bienestar escandinavo con una educaci\u00f3n pagada por impuestos, beneficios sociales y atenci\u00f3n m\u00e9dica. Pero para m\u00ed ese es solo un pilar tradicional de ser socialdem\u00f3crata\u00bb, argument\u00f3 a Politico.<\/p>\n<p>\u00abCon el control de la migraci\u00f3n es el segundo pilar\u00bb, agreg\u00f3.<\/p>\n<p><strong><u>Los legisladores del estado con la mayor\u00eda de los trabajadores federales per c\u00e1pita advierten contra la oferta de compra de Trump<\/u><\/strong><\/p>\n<p>El discurso de Vance en Munich sirvi\u00f3 como un llamado general de atenci\u00f3n a Europa de la administraci\u00f3n del presidente Donald Trump, amonestando a los l\u00edderes en todo el continente por desviarse de los valores tradicionales y anular la disidencia.<\/p>\n<div class=\"image-ct inline\">\n<div class=\"m\"><picture><source media=\"(max-width: 767px)\" srcset=\"https:\/\/a57.foxnews.com\/static.foxnews.com\/foxnews.com\/content\/uploads\/2025\/02\/343\/192\/ap25045514841147.jpg?ve=1&amp;tl=1, https:\/\/a57.foxnews.com\/static.foxnews.com\/foxnews.com\/content\/uploads\/2025\/02\/686\/384\/ap25045514841147.jpg?ve=1&amp;tl=1 2x\" height=\"192\" width=\"343\"><source media=\"(min-width: 768px) and (max-width: 1023px)\" srcset=\"https:\/\/a57.foxnews.com\/static.foxnews.com\/foxnews.com\/content\/uploads\/2025\/02\/672\/378\/ap25045514841147.jpg?ve=1&amp;tl=1, https:\/\/a57.foxnews.com\/static.foxnews.com\/foxnews.com\/content\/uploads\/2025\/02\/1344\/756\/ap25045514841147.jpg?ve=1&amp;tl=1 2x\" height=\"378\" width=\"672\"><source media=\"(min-width: 1024px) and (max-width: 1279px)\" srcset=\"https:\/\/a57.foxnews.com\/static.foxnews.com\/foxnews.com\/content\/uploads\/2025\/02\/931\/523\/ap25045514841147.jpg?ve=1&amp;tl=1, https:\/\/a57.foxnews.com\/static.foxnews.com\/foxnews.com\/content\/uploads\/2025\/02\/1862\/1046\/ap25045514841147.jpg?ve=1&amp;tl=1 2x\" height=\"523\" width=\"931\"><source media=\"(min-width: 1280px)\" srcset=\"https:\/\/a57.foxnews.com\/static.foxnews.com\/foxnews.com\/content\/uploads\/2025\/02\/720\/405\/ap25045514841147.jpg?ve=1&amp;tl=1, https:\/\/a57.foxnews.com\/static.foxnews.com\/foxnews.com\/content\/uploads\/2025\/02\/1440\/810\/ap25045514841147.jpg?ve=1&amp;tl=1 2x\" height=\"405\" width=\"720\"><img loading=\"lazy\" decoding=\"async\" src=\"https:\/\/a57.foxnews.com\/static.foxnews.com\/foxnews.com\/content\/uploads\/2025\/02\/1200\/675\/ap25045514841147.jpg?ve=1&amp;tl=1\" alt=\"Vance en la conferencia de seguridad de Munich\" width=\"1200\" height=\"675\"\/><\/source><\/source><\/source><\/source><\/picture><\/div>\n<div class=\"info\">\n<div class=\"caption\">\n<p><span>El vicepresidente de los Estados Unidos, JD Vance, se dirige a la audiencia durante la Conferencia de Seguridad de Munich en el Hotel Bayerischer HOF en Munich, Alemania, el viernes 14 de febrero de 2025. <\/span> <span>(AP Photo\/Matthias Schrader)<\/span><\/p>\n<\/div>\n<\/div>\n<\/div>\n<p>\u00abLa amenaza que m\u00e1s me preocupa por la Europa es <u>No Rusia,<\/u> No es China. No es ning\u00fan otro actor externo \u00ab, dijo Vance en ese momento.\u00bb Lo que me preocupa es la amenaza desde el retiro de Europa de algunos de sus valores m\u00e1s fundamentales, valores compartidos con los Estados Unidos de Am\u00e9rica \u00ab.<\/p>\n<p>Vance pas\u00f3 a referencia a los esfuerzos en Rumania y Alemania para evitar que los movimientos antimigrantes ganen poder.<\/p>\n<div class=\"image-ct inline\">\n<div class=\"m\"><picture><source media=\"(max-width: 767px)\" srcset=\"https:\/\/a57.foxnews.com\/static.foxnews.com\/foxnews.com\/content\/uploads\/2024\/08\/343\/192\/Denmark-Assault.jpg?ve=1&amp;tl=1, https:\/\/a57.foxnews.com\/static.foxnews.com\/foxnews.com\/content\/uploads\/2024\/08\/686\/384\/Denmark-Assault.jpg?ve=1&amp;tl=1 2x\" height=\"192\" width=\"343\"><source media=\"(min-width: 768px) and (max-width: 1023px)\" srcset=\"https:\/\/a57.foxnews.com\/static.foxnews.com\/foxnews.com\/content\/uploads\/2024\/08\/672\/378\/Denmark-Assault.jpg?ve=1&amp;tl=1, https:\/\/a57.foxnews.com\/static.foxnews.com\/foxnews.com\/content\/uploads\/2024\/08\/1344\/756\/Denmark-Assault.jpg?ve=1&amp;tl=1 2x\" height=\"378\" width=\"672\"><source media=\"(min-width: 1024px) and (max-width: 1279px)\" srcset=\"https:\/\/a57.foxnews.com\/static.foxnews.com\/foxnews.com\/content\/uploads\/2024\/08\/931\/523\/Denmark-Assault.jpg?ve=1&amp;tl=1, https:\/\/a57.foxnews.com\/static.foxnews.com\/foxnews.com\/content\/uploads\/2024\/08\/1862\/1046\/Denmark-Assault.jpg?ve=1&amp;tl=1 2x\" height=\"523\" width=\"931\"><source media=\"(min-width: 1280px)\" srcset=\"https:\/\/a57.foxnews.com\/static.foxnews.com\/foxnews.com\/content\/uploads\/2024\/08\/720\/405\/Denmark-Assault.jpg?ve=1&amp;tl=1, https:\/\/a57.foxnews.com\/static.foxnews.com\/foxnews.com\/content\/uploads\/2024\/08\/1440\/810\/Denmark-Assault.jpg?ve=1&amp;tl=1 2x\" height=\"405\" width=\"720\"><img loading=\"lazy\" decoding=\"async\" src=\"https:\/\/a57.foxnews.com\/static.foxnews.com\/foxnews.com\/content\/uploads\/2024\/08\/1200\/675\/Denmark-Assault.jpg?ve=1&amp;tl=1\" alt=\"Asalto de Dinamarca\" width=\"1200\" height=\"675\"\/><\/source><\/source><\/source><\/source><\/picture><\/div>\n<div class=\"info\">\n<div class=\"caption\">\n<p><span>La primera ministra de Dinamarca, Mette Frederiksen, ha adoptado una postura antimigrante que refleja la administraci\u00f3n del presidente Donald Trump.<\/span> <span>(AP Photo\/Jeremias Gonz\u00e1lez)<\/span><\/p>\n<\/div>\n<\/div>\n<\/div>\n<p><strong><u>Haga clic aqu\u00ed para obtener la aplicaci\u00f3n Fox News<\/u><\/strong><\/p>\n<p>\u00abLa crisis que enfrenta este continente en este momento, la crisis que creo que todos enfrentamos juntos, es una de nuestras propias creaciones. Si est\u00e1s corriendo por temor a tus propios votantes, no hay nada que Estados Unidos pueda hacer por ti\u00bb, dijo Vance.<\/p>\n<p> <!----> <\/p>\n<div class=\"article-meta\">\n<div class=\"author-bio\">\n<p>Anders Hagstrom es un reportero de Fox News Digital que cubre la pol\u00edtica nacional y los principales eventos de noticias de \u00faltima hora. Env\u00ede consejos a Anders.hagstrom@fox.com, o en Twitter: @hagstrom_anders.<\/p>\n<\/div>\n<\/div>\n<\/div>\n\n","protected":false},"excerpt":{"rendered":"<p>El primer ministro dan\u00e9s, Mette Frederiksen, dice que est\u00e1 de acuerdo con los comentarios recientes del vicepresidente JD Vance de que la migraci\u00f3n masiva a Europa es un problema importante. Frederiksen hizo el comentario durante una entrevista con Politico publicada el jueves, diciendo que es fundamental que Europa comience a detener el flujo de migrantes &hellip;<\/p>\n","protected":false},"author":1,"featured_media":19461,"comment_status":"open","ping_status":"open","sticky":false,"template":"","format":"standard","meta":{"fifu_image_url":"https:\/\/static.foxnews.com\/foxnews.com\/content\/uploads\/2025\/01\/denmark.png","fifu_image_alt":"","footnotes":""},"categories":[13],"tags":[],"class_list":["post-19459","post","type-post","status-publish","format-standard","has-post-thumbnail","","category-mundo"],"_links":{"self":[{"href":"https:\/\/noticiasveraces.com\/index.php?rest_route=\/wp\/v2\/posts\/19459","targetHints":{"allow":["GET"]}}],"collection":[{"href":"https:\/\/noticiasveraces.com\/index.php?rest_route=\/wp\/v2\/posts"}],"about":[{"href":"https:\/\/noticiasveraces.com\/index.php?rest_route=\/wp\/v2\/types\/post"}],"author":[{"embeddable":true,"href":"https:\/\/noticiasveraces.com\/index.php?rest_route=\/wp\/v2\/users\/1"}],"replies":[{"embeddable":true,"href":"https:\/\/noticiasveraces.com\/index.php?rest_route=%2Fwp%2Fv2%2Fcomments&post=19459"}],"version-history":[{"count":0,"href":"https:\/\/noticiasveraces.com\/index.php?rest_route=\/wp\/v2\/posts\/19459\/revisions"}],"wp:featuredmedia":[{"embeddable":true,"href":"https:\/\/noticiasveraces.com\/index.php?rest_route=\/wp\/v2\/media\/19461"}],"wp:attachment":[{"href":"https:\/\/noticiasveraces.com\/index.php?rest_route=%2Fwp%2Fv2%2Fmedia&parent=19459"}],"wp:term":[{"taxonomy":"category","embeddable":true,"href":"https:\/\/noticiasveraces.com\/index.php?rest_route=%2Fwp%2Fv2%2Fcategories&post=19459"},{"taxonomy":"post_tag","embeddable":true,"href":"https:\/\/noticiasveraces.com\/index.php?rest_route=%2Fwp%2Fv2%2Ftags&post=19459"}],"curies":[{"name":"wp","href":"https:\/\/api.w.org\/{rel}","templated":true}]}}