{"id":19438,"date":"2025-03-20T11:24:07","date_gmt":"2025-03-20T15:24:07","guid":{"rendered":"https:\/\/noticiasveraces.com\/?p=19438"},"modified":"2025-03-20T11:24:07","modified_gmt":"2025-03-20T15:24:07","slug":"los-movimientos-liderados-por-mujeres-temen-ante-el-futuro","status":"publish","type":"post","link":"https:\/\/noticiasveraces.com\/?p=19438","title":{"rendered":"Los movimientos liderados por mujeres temen ante el futuro"},"content":{"rendered":"<p> \n<\/p>\n<div>\n<p>Las defensoras de los derechos de la mujer reunidas en el mayor encuentro mundial sobre igualdad de g\u00e9nero est\u00e1n compartiendo estos d\u00edas sus <strong>preocupaciones sobre la creciente reacci\u00f3n contra el feminismo<\/strong> y c\u00f3mo los importantes recortes de financiaci\u00f3n de los pa\u00edses donantes podr\u00edan amenazar los programas destinados a mejorar la vida de las mujeres y las ni\u00f1as.<\/p>\n<p>Ellas han acudido de todo el mundo a la Comisi\u00f3n de la Condici\u00f3n Jur\u00eddica y Social de la Mujer (CSW, por sus siglas en ingl\u00e9s), dos semanas de debates, charlas y el establecimiento de contactos en la sede de la ONU en Nueva York.<\/p>\n<p>Sima Bahous, directora de ONU Mujeres, la agencia de Naciones Unidas para la igualdad de g\u00e9nero, les dijo que <strong>\u201cla misoginia va en aumento\u201d<\/strong> en la sesi\u00f3n inaugural la semana pasada y afirm\u00f3 que una \u201cfuriosa reacci\u00f3n\u201d amenaza con \u201chacer retroceder el progreso\u201d.<\/p>\n<p>Noticias ONU se reuni\u00f3 para entrevistar* a algunas de las delegadas y averiguar c\u00f3mo se sienten ante la reacci\u00f3n contra el feminismo se\u00f1alada por Bahous, y lo que la <strong>amenaza de los recortes masivos de financiaci\u00f3n<\/strong> por parte de algunos de los principales pa\u00edses donantes podr\u00eda significar para sus organizaciones y las personas a las que apoyan.<\/p>\n<h2>Vamos a retroceder antes de avanzar<\/h2>\n<div class=\"align-right context-un_news_large_credit type-entermedia_image media media--type-entermedia-image media--view-mode-un-news-large-credit\">\n<div class=\"field field--name-thumbnail field--type-image field--label-hidden field__item\"><img decoding=\"async\" src=\"https:\/\/global.unitednations.entermediadb.net\/assets\/mediadb\/services\/module\/asset\/downloads\/preset\/Libraries\/Production%20Library\/11-03-2025-grace-forrest.jpg\/image770x420cropped.jpg\" alt=\"Grace Forrest, fundadora de la organizaci\u00f3n contra la esclavitud Walk Free.\" title=\"Grace Forrest, fundadora de la organizaci\u00f3n contra la esclavitud Walk Free.\" loading=\"lazy\" width=\"770\" height=\"420\"\/>\n<\/div>\n<div class=\"field field--name-field-authors field--type-entity-reference field--label-hidden field__items\">\n<p>Noticias ONU\/Conor Lennon<\/p>\n<\/p><\/div>\n<\/div>\n<p>Grace Forrest es la directora fundadora de <em>Caminar libre<\/em>un grupo internacional de derechos humanos centrado en la erradicaci\u00f3n de la esclavitud moderna, que elabora el \u00cdndice Global de Esclavitud, considerado el principal conjunto de datos del mundo sobre medici\u00f3n y comprensi\u00f3n de la esclavitud moderna.<\/p>\n<p>\u201cEstamos aqu\u00ed porque <strong>las mujeres y las ni\u00f1as sufren de forma desproporcionada el impacto de casi todas las formas de esclavitud moderna<\/strong>desde el matrimonio forzado hasta los trabajos forzados, la servidumbre por deudas y la trata de seres humanos.<\/p>\n<p>Su vulnerabilidad ante la esclavitud moderna va en aumento y <strong>sus derechos corren el riesgo de retroceder en todo el mundo<\/strong>por lo que hemos querido venir aqu\u00ed para poner la esclavitud moderna en el orden del d\u00eda, en el contexto de un gobierno autoritario en Estados Unidos que intenta prohibir palabras como raza, g\u00e9nero y feminismo. <strong>No nos silenciar\u00e1n ni nos borrar\u00e1n.<\/strong><\/p>\n<p>Martillo <strong>vemos la misoginia en todo su esplendor<\/strong>a trav\u00e9s de las redes sociales y de l\u00edderes mundiales sin pelos en la lengua y de personas que eligen a dirigentes que desprecian la seguridad y el valor de las mujeres en el foro p\u00fablico.<\/p>\n<p>Estamos muy <strong>preocupadas por los recortes de financiaci\u00f3n<\/strong> de los principales donantes. Tenemos noticias de organizaciones de primera l\u00ednea, dirigidas por personas que han sobrevivido a la servidumbre por deudas y al trabajo forzoso, que tienen que pedir pr\u00e9stamos para intentar mantener sus organizaciones a flote. Algunas de las <strong>organizaciones de primera l\u00ednea m\u00e1s eficaces est\u00e1n siendo las m\u00e1s afectadas<\/strong>.<\/p>\n<p>Avanzar en los derechos de las mujeres y las ni\u00f1as es, de hecho, una tarea bastante ardua en estos momentos y da miedo pensar que, en realidad, s\u00f3lo esperamos no retroceder. Y creo que vamos a retroceder antes de avanzar.<\/p>\n<p>Es el momento de que los sistemas den un paso al frente y reclamen directamente la necesidad de financiaci\u00f3n para cuestiones como la esclavitud moderna\u201d.<\/p>\n<h2>La reacci\u00f3n contra el feminismo siempre ha existido<\/h2>\n<div class=\"align-right context-un_news_large_credit type-entermedia_image media media--type-entermedia-image media--view-mode-un-news-large-credit\">\n<div class=\"field field--name-thumbnail field--type-image field--label-hidden field__item\"><img decoding=\"async\" src=\"https:\/\/global.unitednations.entermediadb.net\/assets\/mediadb\/services\/module\/asset\/downloads\/preset\/Libraries\/Production%20Library\/11-03-2025-moufeeda-haidar.png\/image770x420cropped.jpg\" alt=\"Moufeeda Haidar, de la ONG juvenil Restless Development, habla en la sala de la Asamblea General durante la CSW69.\" title=\"Moufeeda Haidar, de la ONG juvenil Restless Development, habla en la sala de la Asamblea General durante la CSW69.\" loading=\"lazy\" width=\"770\" height=\"420\"\/>\n<\/div>\n<\/div>\n<p>Moufeeda Haidar es coordinadora regional senior de programas en <em>Desarrollo inquieto<\/em>una agencia global sin \u00e1nimo de lucro que apoya el poder colectivo de los j\u00f3venes l\u00edderes. Fue becaria global de la Juventud para la Igualdad de G\u00e9nero en 2024.<\/p>\n<p>\u201cResido en L\u00edbano y trabajo principalmente en un programa que aborda la salud y los derechos sexuales y reproductivos de mujeres j\u00f3venes con discapacidad, mujeres que viven con VIH, que se identifican como LGBTQ, y mujeres desplazadas en nueve pa\u00edses de \u00c1frica, Am\u00e9rica Central y Oriente Medio y el Norte de \u00c1frica [regi\u00f3n MENA, por sus siglas en ingles].<\/p>\n<p><strong>La reacci\u00f3n contra el feminismo siempre ha existido<\/strong>. A veces se politiza mucho y se utiliza en beneficio del patriarcado, de modo que se atacan los derechos de las mujeres y los derechos de g\u00e9nero. No cabe duda de que en L\u00edbano y en la regi\u00f3n de Oriente Medio y Norte de \u00c1frica se est\u00e1 produciendo una reacci\u00f3n violenta.<\/p>\n<p>El actual entorno pol\u00edtico no es una sorpresa para nosotros. Ya <strong>estamos muy afectados por los recortes presupuestarios en la regi\u00f3n MENA<\/strong>. Los fondos para programas de juventud llevan a\u00f1os recort\u00e1ndose. En nuestro \u00faltimo informe sobre el estado de la sociedad civil juvenil, el <strong>72%<\/strong> de los encuestados afirmaron que <strong>apenas reciben fondos para proyectos de acci\u00f3n<\/strong> por el clima.<\/p>\n<p>Nos preocupa mucho c\u00f3mo planificar. Trabajamos con organizaciones de base, organizaciones dirigidas por mujeres y movimientos feministas, y hemos creado redes en estos pa\u00edses y visto el incre\u00edble trabajo que han realizado a lo largo de los a\u00f1os. Nos preguntamos qu\u00e9 es lo siguiente. \u00bfC\u00f3mo vamos a apoyar esta red?\u201d<\/p>\n<h2>Nos preocupa ver que algunas palabras ya no est\u00e1n permitidas<\/h2>\n<div class=\"align-right context-un_news_large_credit type-entermedia_image media media--type-entermedia-image media--view-mode-un-news-large-credit\">\n<div class=\"field field--name-thumbnail field--type-image field--label-hidden field__item\"><img decoding=\"async\" src=\"https:\/\/global.unitednations.entermediadb.net\/assets\/mediadb\/services\/module\/asset\/downloads\/preset\/Libraries\/Production%20Library\/11-03-2025-linda-sestock.png\/image770x420cropped.jpg\" alt=\"Linda Sestock, presidenta de la Federaci\u00f3n Canadiense de Mujeres Universitarias, hablando en el GA Hall durante la CSW69.\" title=\"Linda Sestock, presidenta de la Federaci\u00f3n Canadiense de Mujeres Universitarias, hablando en el GA Hall durante la CSW69.\" loading=\"lazy\" width=\"770\" height=\"420\"\/>\n<\/div>\n<\/div>\n<p>Linda Sestock es presidenta de la Federaci\u00f3n Canadiense de Mujeres Universitarias, que concede becas universitarias a mujeres y promueve la participaci\u00f3n de \u00e9stas en todos los aspectos de la tecnolog\u00eda emergente y el liderazgo.<\/p>\n<p>\u201cEstamos muy preocupadas, sobre todo despu\u00e9s de ver lo que ha ocurrido con nuestros vecinos del sur: <strong>hemos notado c\u00f3mo han cambiado las alianzas en Estados Unidos<\/strong> y tenemos mucho miedo. Queremos asegurarnos de que no ocurra lo mismo en Canad\u00e1.<\/p>\n<p>La mayor\u00eda de los canadienses creemos en los derechos de nuestras compa\u00f1eras mujeres y en que vamos a poder continuar en la misma trayectoria en la que estamos, pero tenemos que tener cuidado y <strong>asegurarnos de que no retrocedemos<\/strong>.<\/p>\n<p>Tenemos que centrarnos en <strong>garantizar que las mujeres reciban educaci\u00f3n y entren en los campos de la tecnolog\u00eda<\/strong>la ingenier\u00eda, la ciencia y las matem\u00e1ticas, porque ahora mismo los algoritmos est\u00e1n sesgados hacia los hombres y pueden utilizarse contra las mujeres.<\/p>\n<p>Nos preocupa ver que algunas <strong>palabras ya no est\u00e1n permitidas<\/strong>c\u00f3mo <strong>diversidad, equidad e inclusi\u00f3n<\/strong> [al parecer, se ha elaborado y difundido una lista de palabras prohibidas o desaconsejadas por la administraci\u00f3n estadounidense]. En nuestra organizaci\u00f3n hay muchos <strong>profesores que est\u00e1n perdiendo subvenciones porque se les pide que eliminen palabras <\/strong>como \u201cmujer\u00bb y \u00abg\u00e9nero\u00bb. Se niegan y pierden financiaci\u00f3n, y tenemos que asegurarnos de que seguimos apostando por la diversidad, la equidad y la inclusi\u00f3n.<\/p>\n<p>Me deja at\u00f3nita y sin palabras\u201d.<\/p>\n<p><em>*Las entrevistas han sido editadas para mayor claridad y extensi\u00f3n.<\/em><\/p>\n<\/div>\n\n","protected":false},"excerpt":{"rendered":"<p>Las defensoras de los derechos de la mujer reunidas en el mayor encuentro mundial sobre igualdad de g\u00e9nero est\u00e1n compartiendo estos d\u00edas sus preocupaciones sobre la creciente reacci\u00f3n contra el feminismo y c\u00f3mo los importantes recortes de financiaci\u00f3n de los pa\u00edses donantes podr\u00edan amenazar los programas destinados a mejorar la vida de las mujeres y &hellip;<\/p>\n","protected":false},"author":1,"featured_media":19440,"comment_status":"open","ping_status":"open","sticky":false,"template":"","format":"standard","meta":{"fifu_image_url":"https:\/\/global.unitednations.entermediadb.net\/assets\/mediadb\/services\/module\/asset\/downloads\/preset\/Libraries\/Production%20Library\/10-02-2025_ABAAD_Lebanon_RapeLawRepeal.jpg\/image770x420cropped.jpg","fifu_image_alt":"","footnotes":""},"categories":[3],"tags":[],"class_list":["post-19438","post","type-post","status-publish","format-standard","has-post-thumbnail","","category-negocio"],"_links":{"self":[{"href":"https:\/\/noticiasveraces.com\/index.php?rest_route=\/wp\/v2\/posts\/19438","targetHints":{"allow":["GET"]}}],"collection":[{"href":"https:\/\/noticiasveraces.com\/index.php?rest_route=\/wp\/v2\/posts"}],"about":[{"href":"https:\/\/noticiasveraces.com\/index.php?rest_route=\/wp\/v2\/types\/post"}],"author":[{"embeddable":true,"href":"https:\/\/noticiasveraces.com\/index.php?rest_route=\/wp\/v2\/users\/1"}],"replies":[{"embeddable":true,"href":"https:\/\/noticiasveraces.com\/index.php?rest_route=%2Fwp%2Fv2%2Fcomments&post=19438"}],"version-history":[{"count":0,"href":"https:\/\/noticiasveraces.com\/index.php?rest_route=\/wp\/v2\/posts\/19438\/revisions"}],"wp:featuredmedia":[{"embeddable":true,"href":"https:\/\/noticiasveraces.com\/index.php?rest_route=\/wp\/v2\/media\/19440"}],"wp:attachment":[{"href":"https:\/\/noticiasveraces.com\/index.php?rest_route=%2Fwp%2Fv2%2Fmedia&parent=19438"}],"wp:term":[{"taxonomy":"category","embeddable":true,"href":"https:\/\/noticiasveraces.com\/index.php?rest_route=%2Fwp%2Fv2%2Fcategories&post=19438"},{"taxonomy":"post_tag","embeddable":true,"href":"https:\/\/noticiasveraces.com\/index.php?rest_route=%2Fwp%2Fv2%2Ftags&post=19438"}],"curies":[{"name":"wp","href":"https:\/\/api.w.org\/{rel}","templated":true}]}}