{"id":19423,"date":"2025-03-20T08:36:02","date_gmt":"2025-03-20T12:36:02","guid":{"rendered":"https:\/\/noticiasveraces.com\/?p=19423"},"modified":"2025-03-20T08:36:02","modified_gmt":"2025-03-20T12:36:02","slug":"uk-france-coalition-of-the-willing-reune-a-los-lideres-militares-para-idear-el-plan-para-ucrania","status":"publish","type":"post","link":"https:\/\/noticiasveraces.com\/?p=19423","title":{"rendered":"UK-France &#8216;Coalition of the Willing&#8217; re\u00fane a los l\u00edderes militares para idear el plan para Ucrania"},"content":{"rendered":"<p> \n<\/p>\n<div>\n<p class=\"speakable\">Una \u00abCoalici\u00f3n de Willing\u00bb dirigida por el Reino Unido, est\u00e1 reuniendo a altos oficiales militares de todo el mundo para dise\u00f1ar un plan para una fuerza de mantenimiento de la paz en Ucrania. <\/p>\n<p class=\"speakable\">Francia y el Reino Unido son los \u00fanicos dos pa\u00edses de la coalici\u00f3n que han dicho que estar\u00edan dispuestos a enviar tropas, pero se dice que Canad\u00e1, Australia, Finlandia y otras naciones europeas est\u00e1n abiertas a participar, seg\u00fan Associated Press (AP). Sin embargo, el primer ministro del Reino Unido, Keir Starmer, dijo esta semana que la coalici\u00f3n est\u00e1 entrando en su \u00abfase operativa\u00bb.<\/p>\n<p>A partir de ahora, no est\u00e1 claro exactamente cu\u00e1ntas tropas estar\u00e1n en el terreno, pero seg\u00fan la AP, las autoridades dicen que ser\u00e1 entre 10,000 y 30,000.<\/p>\n<div class=\"image-ct inline\">\n<div class=\"m\"><picture><source media=\"(max-width: 767px)\" srcset=\"https:\/\/a57.foxnews.com\/static.foxnews.com\/foxnews.com\/content\/uploads\/2024\/11\/343\/192\/putin-and-zelensky.png?ve=1&amp;tl=1, https:\/\/a57.foxnews.com\/static.foxnews.com\/foxnews.com\/content\/uploads\/2024\/11\/686\/384\/putin-and-zelensky.png?ve=1&amp;tl=1 2x\" height=\"192\" width=\"343\"><source media=\"(min-width: 768px) and (max-width: 1023px)\" srcset=\"https:\/\/a57.foxnews.com\/static.foxnews.com\/foxnews.com\/content\/uploads\/2024\/11\/672\/378\/putin-and-zelensky.png?ve=1&amp;tl=1, https:\/\/a57.foxnews.com\/static.foxnews.com\/foxnews.com\/content\/uploads\/2024\/11\/1344\/756\/putin-and-zelensky.png?ve=1&amp;tl=1 2x\" height=\"378\" width=\"672\"><source media=\"(min-width: 1024px) and (max-width: 1279px)\" srcset=\"https:\/\/a57.foxnews.com\/static.foxnews.com\/foxnews.com\/content\/uploads\/2024\/11\/931\/523\/putin-and-zelensky.png?ve=1&amp;tl=1, https:\/\/a57.foxnews.com\/static.foxnews.com\/foxnews.com\/content\/uploads\/2024\/11\/1862\/1046\/putin-and-zelensky.png?ve=1&amp;tl=1 2x\" height=\"523\" width=\"931\"><source media=\"(min-width: 1280px)\" srcset=\"https:\/\/a57.foxnews.com\/static.foxnews.com\/foxnews.com\/content\/uploads\/2024\/11\/720\/405\/putin-and-zelensky.png?ve=1&amp;tl=1, https:\/\/a57.foxnews.com\/static.foxnews.com\/foxnews.com\/content\/uploads\/2024\/11\/1440\/810\/putin-and-zelensky.png?ve=1&amp;tl=1 2x\" height=\"405\" width=\"720\"><img loading=\"lazy\" decoding=\"async\" src=\"https:\/\/a57.foxnews.com\/static.foxnews.com\/foxnews.com\/content\/uploads\/2024\/11\/1200\/675\/putin-and-zelensky.png?ve=1&amp;tl=1\" alt=\"Im\u00e1genes de Putin y Zelenskyy se muestran de lado a lado\" width=\"1200\" height=\"675\"\/><\/source><\/source><\/source><\/source><\/picture><\/div>\n<div class=\"info\">\n<div class=\"caption\">\n<p><span>El presidente ruso Vladimir Putin (izquierda), el presidente ucraniano Volodymyr Zelenskyy (derecha) se muestran.<\/span> <span>(Reuters\/AP)<\/span><\/p>\n<\/div>\n<\/div>\n<\/div>\n<p><strong>Trump, Putin acuerda comenzar las negociaciones de cese de fuego en Medio Oriente, dice la Casa Blanca.<\/strong><\/p>\n<p>El presidente Donald Trump tuvo conversaciones separadas esta semana con el Starmer y el presidente franc\u00e9s Emmanuel Macron sobre la guerra en curso de Rusia-Ukraine. <\/p>\n<p>\u00abReiter\u00f3 que todos deben trabajar juntos para poner a Ucrania en la posici\u00f3n m\u00e1s fuerte posible para asegurar una paz justa y duradera\u00bb, dijo un portavoz de Starmer a Reuters en referencia a la llamada con Trump. <\/p>\n<div class=\"image-ct inline\">\n<div class=\"m\"><picture><source media=\"(max-width: 767px)\" srcset=\"https:\/\/a57.foxnews.com\/static.foxnews.com\/foxnews.com\/content\/uploads\/2025\/03\/343\/192\/zelenskyy-starmer-macron.jpg?ve=1&amp;tl=1, https:\/\/a57.foxnews.com\/static.foxnews.com\/foxnews.com\/content\/uploads\/2025\/03\/686\/384\/zelenskyy-starmer-macron.jpg?ve=1&amp;tl=1 2x\" height=\"192\" width=\"343\"><source media=\"(min-width: 768px) and (max-width: 1023px)\" srcset=\"https:\/\/a57.foxnews.com\/static.foxnews.com\/foxnews.com\/content\/uploads\/2025\/03\/672\/378\/zelenskyy-starmer-macron.jpg?ve=1&amp;tl=1, https:\/\/a57.foxnews.com\/static.foxnews.com\/foxnews.com\/content\/uploads\/2025\/03\/1344\/756\/zelenskyy-starmer-macron.jpg?ve=1&amp;tl=1 2x\" height=\"378\" width=\"672\"><source media=\"(min-width: 1024px) and (max-width: 1279px)\" srcset=\"https:\/\/a57.foxnews.com\/static.foxnews.com\/foxnews.com\/content\/uploads\/2025\/03\/931\/523\/zelenskyy-starmer-macron.jpg?ve=1&amp;tl=1, https:\/\/a57.foxnews.com\/static.foxnews.com\/foxnews.com\/content\/uploads\/2025\/03\/1862\/1046\/zelenskyy-starmer-macron.jpg?ve=1&amp;tl=1 2x\" height=\"523\" width=\"931\"><source media=\"(min-width: 1280px)\" srcset=\"https:\/\/a57.foxnews.com\/static.foxnews.com\/foxnews.com\/content\/uploads\/2025\/03\/720\/405\/zelenskyy-starmer-macron.jpg?ve=1&amp;tl=1, https:\/\/a57.foxnews.com\/static.foxnews.com\/foxnews.com\/content\/uploads\/2025\/03\/1440\/810\/zelenskyy-starmer-macron.jpg?ve=1&amp;tl=1 2x\" height=\"405\" width=\"720\"><img loading=\"lazy\" decoding=\"async\" src=\"https:\/\/a57.foxnews.com\/static.foxnews.com\/foxnews.com\/content\/uploads\/2025\/03\/1200\/675\/zelenskyy-starmer-macron.jpg?ve=1&amp;tl=1\" alt=\"El presidente ucraniano, Volodymyr Zelenskyy, se re\u00fane con el primer ministro del Reino Unido, Keir Starmer, y el presidente franc\u00e9s Emmanuel Macron en Londres.\" width=\"1200\" height=\"675\"\/><\/source><\/source><\/source><\/source><\/picture><\/div>\n<div class=\"info\">\n<div class=\"caption\">\n<p><span>El presidente de Ucrania, Volodymyr Zelenskiy, el primer ministro de Gran Breta\u00f1a, Keir Starmer y el presidente de Francia, Emmanuel Macron, celebran una reuni\u00f3n durante una cumbre en Lancaster House en el centro de Londres, Gran Breta\u00f1a, el 2 de marzo de 2025.<\/span> <span>(Justin Tallis\/Pool a trav\u00e9s de Reuters)<\/span><\/p>\n<\/div>\n<\/div>\n<\/div>\n<p><strong>Trump celebra &#8216;muy buena&#8217; llamada con Zelenskyy despu\u00e9s del trato con Putin<\/strong><\/p>\n<p>Macron tambi\u00e9n dijo que habl\u00f3 con el presidente ucraniano Volodymyr Zelenskyy, a quien el l\u00edder franc\u00e9s dice \u00abdemostr\u00f3 coraje\u00bb en su aceptaci\u00f3n del acuerdo de los Estados Unidos. <\/p>\n<p>\u00abAhora debemos avanzar con todos nuestros socios para presentar un plan de paz concreto. Un plan de paz que proporciona fuertes garant\u00edas de seguridad para Ucrania. Un plan de paz que garantiza la paz duradera en Ucrania y Europa. Un plan de paz que impide que Rusia ataque nuevamente\u00bb, escribi\u00f3 Macron en una publicaci\u00f3n sobre X.<\/p>\n<p>Rusia ha rechazado la idea de que las tropas de las naciones de la OTAN se encuentren en Ucrania como parte de este acuerdo, seg\u00fan la AP. <\/p>\n<p>A lo largo de la guerra, el Kremlin ha dejado en claro su postura contra Ucrania que se une a la OTAN. A principios de esta semana, el viceministro de Relaciones Exteriores de Rusia, Alexander Grushko, reiter\u00f3 esta postura con un peri\u00f3dico ruso. Reuters inform\u00f3 que Grushko dijo que el Kremlin exigi\u00f3 una garant\u00eda \u00abIronclad\u00bb de que Ucrania no estar\u00eda en la OTAN. <\/p>\n<div class=\"image-ct inline\">\n<div class=\"m\"><picture><source media=\"(max-width: 767px)\" srcset=\"https:\/\/a57.foxnews.com\/static.foxnews.com\/foxnews.com\/content\/uploads\/2025\/02\/343\/192\/putin-trump-zelenskyy.jpg?ve=1&amp;tl=1, https:\/\/a57.foxnews.com\/static.foxnews.com\/foxnews.com\/content\/uploads\/2025\/02\/686\/384\/putin-trump-zelenskyy.jpg?ve=1&amp;tl=1 2x\" height=\"192\" width=\"343\"><source media=\"(min-width: 768px) and (max-width: 1023px)\" srcset=\"https:\/\/a57.foxnews.com\/static.foxnews.com\/foxnews.com\/content\/uploads\/2025\/02\/672\/378\/putin-trump-zelenskyy.jpg?ve=1&amp;tl=1, https:\/\/a57.foxnews.com\/static.foxnews.com\/foxnews.com\/content\/uploads\/2025\/02\/1344\/756\/putin-trump-zelenskyy.jpg?ve=1&amp;tl=1 2x\" height=\"378\" width=\"672\"><source media=\"(min-width: 1024px) and (max-width: 1279px)\" srcset=\"https:\/\/a57.foxnews.com\/static.foxnews.com\/foxnews.com\/content\/uploads\/2025\/02\/931\/523\/putin-trump-zelenskyy.jpg?ve=1&amp;tl=1, https:\/\/a57.foxnews.com\/static.foxnews.com\/foxnews.com\/content\/uploads\/2025\/02\/1862\/1046\/putin-trump-zelenskyy.jpg?ve=1&amp;tl=1 2x\" height=\"523\" width=\"931\"><source media=\"(min-width: 1280px)\" srcset=\"https:\/\/a57.foxnews.com\/static.foxnews.com\/foxnews.com\/content\/uploads\/2025\/02\/720\/405\/putin-trump-zelenskyy.jpg?ve=1&amp;tl=1, https:\/\/a57.foxnews.com\/static.foxnews.com\/foxnews.com\/content\/uploads\/2025\/02\/1440\/810\/putin-trump-zelenskyy.jpg?ve=1&amp;tl=1 2x\" height=\"405\" width=\"720\"><img loading=\"lazy\" decoding=\"async\" src=\"https:\/\/a57.foxnews.com\/static.foxnews.com\/foxnews.com\/content\/uploads\/2025\/02\/1200\/675\/putin-trump-zelenskyy.jpg?ve=1&amp;tl=1\" alt=\"Putin, Trump y Zelenskyy se muestran uno al lado del otro\" width=\"1200\" height=\"675\"\/><\/source><\/source><\/source><\/source><\/picture><\/div>\n<div class=\"info\">\n<div class=\"caption\">\n<p><span>El presidente ruso Vladimir Putin, el presidente Donald Trump, el presidente ucraniano Volodymyr Zelenskyy<\/span> <span>(Sputnik \/ Alexei Danichv \/ Pool a trav\u00e9s de Reuters \/ Leah Millis \/ Alina Smutko)<\/span><\/p>\n<\/div>\n<\/div>\n<\/div>\n<p><strong><u>Haga clic aqu\u00ed para obtener la aplicaci\u00f3n Fox News<\/u><\/strong><strong> <\/strong><\/p>\n<p>Trump, quien prometi\u00f3 terminar la guerra de tres a\u00f1os, tambi\u00e9n habl\u00f3 con Zelenskyy y el presidente ruso Vladimir Putin esta semana. En una publicaci\u00f3n sobre Truth Social, Trump dijo que su llamado con Zelenskyy fue \u00abmuy bueno\u00bb, y agreg\u00f3 que los dos discutieron su llamado con Putin.<\/p>\n<p>\u00abGran parte de la discusi\u00f3n se bas\u00f3 en la llamada realizada ayer con el presidente Putin para alinear a Rusia y Ucrania en t\u00e9rminos de sus solicitudes y necesidades\u00bb, escribi\u00f3 Trump.<\/p>\n<p>La secretaria de prensa de la Casa Blanca, Karoline Leavitt, detall\u00f3 a Trump y la llamada de Putin en un comunicado. Ella dijo que los dos acordaron que la guerra \u00abnecesita terminar con una paz duradera\u00bb. Trump y Putin aparentemente tambi\u00e9n discutieron la necesidad de mejorar las relaciones entre Estados Unidos y Rusia.<\/p>\n<p> <!----> <\/p>\n<div class=\"article-meta\">\n<div class=\"author-bio\">\n<p>Rachel Wolf es una escritora de noticias de Fox News Digital y Fox Business.<\/p>\n<\/div>\n<\/div>\n<\/div>\n\n","protected":false},"excerpt":{"rendered":"<p>Una \u00abCoalici\u00f3n de Willing\u00bb dirigida por el Reino Unido, est\u00e1 reuniendo a altos oficiales militares de todo el mundo para dise\u00f1ar un plan para una fuerza de mantenimiento de la paz en Ucrania. Francia y el Reino Unido son los \u00fanicos dos pa\u00edses de la coalici\u00f3n que han dicho que estar\u00edan dispuestos a enviar tropas, &hellip;<\/p>\n","protected":false},"author":1,"featured_media":19425,"comment_status":"open","ping_status":"open","sticky":false,"template":"","format":"standard","meta":{"fifu_image_url":"https:\/\/static.foxnews.com\/foxnews.com\/content\/uploads\/2025\/03\/zelenskyy-starmer-macron.jpg","fifu_image_alt":"","footnotes":""},"categories":[13],"tags":[],"class_list":["post-19423","post","type-post","status-publish","format-standard","has-post-thumbnail","","category-mundo"],"_links":{"self":[{"href":"https:\/\/noticiasveraces.com\/index.php?rest_route=\/wp\/v2\/posts\/19423","targetHints":{"allow":["GET"]}}],"collection":[{"href":"https:\/\/noticiasveraces.com\/index.php?rest_route=\/wp\/v2\/posts"}],"about":[{"href":"https:\/\/noticiasveraces.com\/index.php?rest_route=\/wp\/v2\/types\/post"}],"author":[{"embeddable":true,"href":"https:\/\/noticiasveraces.com\/index.php?rest_route=\/wp\/v2\/users\/1"}],"replies":[{"embeddable":true,"href":"https:\/\/noticiasveraces.com\/index.php?rest_route=%2Fwp%2Fv2%2Fcomments&post=19423"}],"version-history":[{"count":0,"href":"https:\/\/noticiasveraces.com\/index.php?rest_route=\/wp\/v2\/posts\/19423\/revisions"}],"wp:featuredmedia":[{"embeddable":true,"href":"https:\/\/noticiasveraces.com\/index.php?rest_route=\/wp\/v2\/media\/19425"}],"wp:attachment":[{"href":"https:\/\/noticiasveraces.com\/index.php?rest_route=%2Fwp%2Fv2%2Fmedia&parent=19423"}],"wp:term":[{"taxonomy":"category","embeddable":true,"href":"https:\/\/noticiasveraces.com\/index.php?rest_route=%2Fwp%2Fv2%2Fcategories&post=19423"},{"taxonomy":"post_tag","embeddable":true,"href":"https:\/\/noticiasveraces.com\/index.php?rest_route=%2Fwp%2Fv2%2Ftags&post=19423"}],"curies":[{"name":"wp","href":"https:\/\/api.w.org\/{rel}","templated":true}]}}