{"id":19411,"date":"2025-03-20T05:29:01","date_gmt":"2025-03-20T09:29:01","guid":{"rendered":"https:\/\/noticiasveraces.com\/?p=19411"},"modified":"2025-03-20T05:29:01","modified_gmt":"2025-03-20T09:29:01","slug":"liberado-uno-de-tres-franceses-rehenes-de-iran-dw-20-03-2025","status":"publish","type":"post","link":"https:\/\/noticiasveraces.com\/?p=19411","title":{"rendered":"Liberado uno de tres franceses \u00abrehenes\u00bb de Ir\u00e1n \u2013 DW \u2013 20\/03\/2025"},"content":{"rendered":"<p> \n<\/p>\n<div>\n<p>En un mensaje en su cuenta de X, Emmanuel Macron, el presidente franc\u00e9s,\u00a0explic\u00f3 que \u00abOlivier Grondeau est\u00e1 libre, en Francia, entre los suyos. Compartimos la inmensa felicidad y el alivio de su familia. Agradezco su acci\u00f3n decisiva a todos los servicios del Estado, a nuestro embajador en Ir\u00e1n y al Centro de Crisis y de Apoyo del Ministerio de Exteriores\u00bb.<\/p>\n<p>El jefe del Estado avanz\u00f3 que esa movilizaci\u00f3n \u00abno se debilitar\u00e1\u00bb para conseguir la liberaci\u00f3n de la pareja formada por C\u00e9cile Kohler y Jacques Paris, los otros dos franceses que siguen encarcelados en Ir\u00e1n, seg\u00fan las autoridades francesas de forma injusta por la posici\u00f3n de Francia en su pol\u00edtica exterior hacia ese pa\u00eds.<\/p>\n<blockquote class=\"tweet embed\" data-id=\"1902600857050394655\"\/>\n<p>Seg\u00fan la emisora <em>Europa 1<\/em>Grondeau lleva en Francia desde el pasado lunes (17.03.2025) por la tarde.<\/p>\n<p>Este hombre de 35 a\u00f1os fue detenido en Chiraz, al suroeste de Ir\u00e1n el 12 de octubre de 2022, cuando estaba haciendo turismo y daba la vuelta al mundo. Fue condenado a cinco a\u00f1os de c\u00e1rcel en febrero de 2024 por espionaje pero \u00e9l afirmaba que su arresto fue resultado de \u00abun malentendido\u00bb.<\/p>\n<p>En cuanto a C\u00e9cile Kohler y Jacques Paris est\u00e1n encarcelados en la prisi\u00f3n de Evin, en Teher\u00e1n, acusados tambi\u00e9n de espionaje. Estos dos profesores (ella de letras en un liceo de la regi\u00f3n de Par\u00eds, \u00e9l de matem\u00e1ticas, ya jubilado) fueron detenidos en mayo de 2022, cuando estaban de vacaciones en Ir\u00e1n.<\/p>\n<p>RML (EFE, AFP)<\/p>\n<\/div>\n\n","protected":false},"excerpt":{"rendered":"<p>En un mensaje en su cuenta de X, Emmanuel Macron, el presidente franc\u00e9s,\u00a0explic\u00f3 que \u00abOlivier Grondeau est\u00e1 libre, en Francia, entre los suyos. Compartimos la inmensa felicidad y el alivio de su familia. Agradezco su acci\u00f3n decisiva a todos los servicios del Estado, a nuestro embajador en Ir\u00e1n y al Centro de Crisis y de &hellip;<\/p>\n","protected":false},"author":1,"featured_media":19412,"comment_status":"open","ping_status":"open","sticky":false,"template":"","format":"standard","meta":{"fifu_image_url":"https:\/\/static.dw.com\/image\/71981100_6.jpg","fifu_image_alt":"","footnotes":""},"categories":[13],"tags":[],"class_list":["post-19411","post","type-post","status-publish","format-standard","has-post-thumbnail","","category-mundo"],"_links":{"self":[{"href":"https:\/\/noticiasveraces.com\/index.php?rest_route=\/wp\/v2\/posts\/19411","targetHints":{"allow":["GET"]}}],"collection":[{"href":"https:\/\/noticiasveraces.com\/index.php?rest_route=\/wp\/v2\/posts"}],"about":[{"href":"https:\/\/noticiasveraces.com\/index.php?rest_route=\/wp\/v2\/types\/post"}],"author":[{"embeddable":true,"href":"https:\/\/noticiasveraces.com\/index.php?rest_route=\/wp\/v2\/users\/1"}],"replies":[{"embeddable":true,"href":"https:\/\/noticiasveraces.com\/index.php?rest_route=%2Fwp%2Fv2%2Fcomments&post=19411"}],"version-history":[{"count":0,"href":"https:\/\/noticiasveraces.com\/index.php?rest_route=\/wp\/v2\/posts\/19411\/revisions"}],"wp:featuredmedia":[{"embeddable":true,"href":"https:\/\/noticiasveraces.com\/index.php?rest_route=\/wp\/v2\/media\/19412"}],"wp:attachment":[{"href":"https:\/\/noticiasveraces.com\/index.php?rest_route=%2Fwp%2Fv2%2Fmedia&parent=19411"}],"wp:term":[{"taxonomy":"category","embeddable":true,"href":"https:\/\/noticiasveraces.com\/index.php?rest_route=%2Fwp%2Fv2%2Fcategories&post=19411"},{"taxonomy":"post_tag","embeddable":true,"href":"https:\/\/noticiasveraces.com\/index.php?rest_route=%2Fwp%2Fv2%2Ftags&post=19411"}],"curies":[{"name":"wp","href":"https:\/\/api.w.org\/{rel}","templated":true}]}}