{"id":19408,"date":"2025-03-20T05:24:50","date_gmt":"2025-03-20T09:24:50","guid":{"rendered":"https:\/\/noticiasveraces.com\/?p=19408"},"modified":"2025-03-20T05:24:50","modified_gmt":"2025-03-20T09:24:50","slug":"el-cta-senala-a-mateu-lahoz-y-asegura-que-intenta-generar-odio-y-desprestigiar-al-colectivo-arbitral","status":"publish","type":"post","link":"https:\/\/noticiasveraces.com\/?p=19408","title":{"rendered":"El CTA se\u00f1ala a Mateu Lahoz y asegura que \u00abintenta generar odio y desprestigiar\u00bb al colectivo arbitral"},"content":{"rendered":"<p> \n<\/p>\n<div id=\"intext\">\n<p>El <b>Comit\u00e9 T\u00e9cnico de \u00c1rbitros<\/b> emiti\u00f3 este mi\u00e9rcoles un comunicado mostrando su \u00abm\u00e1s absoluta repulsa\u00bb y disconformidad con unas declaraciones de Antonio Mateu Lahoz, ex\u00e1rbitro de primera divisi\u00f3n, tras <b>el partido de LaLiga<\/b> entre el Atl\u00e9tico de Madrid y el Barcelona. En concreto, el excolegiado valenciano elogi\u00f3 el arbitraje de De Burgos Bengoetxea en el Metropolitano, pero lament\u00f3 que no hubiera sido \u00abcliente de Javier Enr\u00edquez Romero (el hijo de Jos\u00e9 Mar\u00eda Enr\u00edquez Negreira), porque aquellos que fueron clientes suyos hoy en UEFA les va mucho mejor\u00bb<\/p>\n<p>\u00abEl equipo arbitral ha dado una lecci\u00f3n de manejo. Es una l\u00e1stima para \u00e9l (De Burgos Bengoetxea) no haber sido cliente de Javier Enr\u00edquez Romero, porque aquellos que fueron clientes suyos hoy en UEFA les va mucho mejor. A d\u00eda de hoy, desde la llegada de Velasco Carballo, les ha ido mejor en UEFA. \u00c9l tiene voz y voto, y son cosas que nos llaman la atenci\u00f3n\u00bb, asegur\u00f3 Mateu Lahoz.<\/p>\n<p>Unas palabras que ya tienen respuesta por parte del CTA, organismo que acusa al excolegiado de <b>tratar de \u00abgenerar odio y desprestigiar al que fue su colectivo\u00bb<\/b>.<\/p>\n<p>\u00abLos \u00e1rbitros de Primera Divisi\u00f3n y el Comit\u00e9 T\u00e9cnico de \u00c1rbitros desean mostrar su m\u00e1s absoluta repulsa ante esas palabras del ex\u00e1rbitro Antonio Miguel Mateu Lahoz, en las que vincula los logros deportivos de nuestros \u00e1rbitros a aspectos extradeportivos y que se encuentran judicializados en este momento\u00bb, apunta el comunicado del CTA.<\/p>\n<p>\u00abCabe recordar que <b>dicho excolegiado ejerci\u00f3 toda su carrera en la \u00e9poca a la que hace referencia, obteniendo unos resultados de sobra por todos conocidos<\/b>. Por ese motivo, le invitamos a que, si sabe algo que nosotros desconozcamos, acuda a la mayor brevedad posible a la Justicia para trasladar toda esa informaci\u00f3n y aclarar cuanto antes las dudas que vierte sobre nuestro colectivo en lugar de alimentarlas a trav\u00e9s de sus intervenciones p\u00fablicas deshonestas y maliciosas\u00bb, a\u00f1ade el comunicado del CTA.<\/p>\n<p>Por \u00faltimo, el Comit\u00e9 T\u00e9cnico de \u00c1rbitros cree que es \u00abuna l\u00e1stima\u00bb que Mateu Lahoz intente \u00abgenerar odio y desprestigiar al que fue su colectivo\u00bb<\/p>\n<h2 class=\"title-h2\">Comunicado \u00edntegro del CTA<\/h2>\n<p><i>En relaci\u00f3n a las declaraciones realizadas por Antonio Miguel Mateu Lahoz el d\u00eda 16 de marzo en las que se vierten falsas acusaciones sobre \u00e1rbitros, Comit\u00e9 T\u00e9cnico de \u00c1rbitros de la RFEF y UEFA:<\/i><\/p>\n<p><i>Los \u00e1rbitros de Primera Divisi\u00f3n y el Comit\u00e9 T\u00e9cnico de \u00c1rbitros desean mostrar su m\u00e1s absoluta repulsa ante esas palabras del ex\u00e1rbitro Antonio Miguel Mateu Lahoz, en las que vincula los logros deportivos de nuestros \u00e1rbitros a aspectos extradeportivos y que se encuentran judicializados en este momento.<\/i><\/p>\n<p><i>Cabe recordar que dicho excolegiado ejerci\u00f3 toda su carrera en la \u00e9poca a la que hace referencia, obteniendo unos resultados de sobra por todos conocidos. Por ese motivo, le invitamos a que, si sabe algo que nosotros desconozcamos, acuda a la mayor brevedad posible a la Justicia para trasladar toda esa informaci\u00f3n y aclarar cuanto antes las dudas que vierte sobre nuestro colectivo en lugar de alimentarlas a trav\u00e9s de sus intervenciones p\u00fablicas deshonestas y maliciosas.<\/i><\/p>\n<p><i>Es una l\u00e1stima ver c\u00f3mo alguien con quien compartimos vestuario durante tantos a\u00f1os intenta generar odio y desprestigiar al que fue su colectivo.<\/i><\/p>\n<p><i>S\u00edguenos en nuestro canal de WhatsApp y no te pierdas la \u00faltima hora y toda la actualidad de antena3noticias.com<\/i><\/p>\n<div class=\"recirculation-video\" data-mod=\"a3mod_recirculation_video\">\n<div class=\"recirculation-video-wrapper\">\n<div>\n<div class=\"video-wrapper\">\n  <picture class=\"video-main-picture\"><source media=\"(min-width: 481px)\" srcset=\"https:\/\/fotografias.antena3.com\/clipping\/cmsimages02\/2025\/03\/17\/166A941C-4765-4E05-BF41-2E7A7ECA51BE\/equipo-espanol-prueba-angeles-sailgp_94.jpg?crop=1200,675,x0,y60&amp;width=800&amp;height=450&amp;optimize=medium&amp;format=webply\" width=\"800\" height=\"450\"><source media=\"(min-width: 391px) and (max-width: 480px)\" srcset=\"https:\/\/fotografias.antena3.com\/clipping\/cmsimages02\/2025\/03\/17\/166A941C-4765-4E05-BF41-2E7A7ECA51BE\/equipo-espanol-prueba-angeles-sailgp_70.jpg?crop=1200,675,x0,y60&amp;width=480&amp;height=270&amp;optimize=high&amp;format=webply\" width=\"480\" height=\"270\"><source media=\"(min-width: 321px) and (max-width: 390px)\" srcset=\"https:\/\/fotografias.antena3.com\/clipping\/cmsimages02\/2025\/03\/17\/166A941C-4765-4E05-BF41-2E7A7ECA51BE\/equipo-espanol-prueba-angeles-sailgp_92.jpg?crop=1200,674,x0,y60&amp;width=390&amp;height=219&amp;optimize=high&amp;format=webply\" width=\"390\" height=\"219\"><source media=\"(max-width: 320px)\" srcset=\"https:\/\/fotografias.antena3.com\/clipping\/cmsimages02\/2025\/03\/17\/166A941C-4765-4E05-BF41-2E7A7ECA51BE\/equipo-espanol-prueba-angeles-sailgp_52.jpg?crop=1200,675,x0,y60&amp;width=320&amp;height=180&amp;optimize=high&amp;format=webply\" width=\"320\" height=\"180\"><img decoding=\"async\" title=\"El equipo espa\u00f1ol durante la prueba de Los Angeles de la SailGP\" alt=\"El equipo espa\u00f1ol durante la prueba de Los Angeles de la SailGP\" width=\"480\" height=\"270\" src=\"https:\/\/fotografias.antena3.com\/clipping\/cmsimages02\/2025\/03\/17\/166A941C-4765-4E05-BF41-2E7A7ECA51BE\/equipo-espanol-prueba-angeles-sailgp_70.jpg?crop=1200,675,x0,y60&amp;width=480&amp;height=270&amp;optimize=high&amp;format=webply\" loading=\"lazy\" class=\"lazy\"\/><br \/>\n  <\/source><\/source><\/source><\/source><\/picture>\n <\/div>\n<\/div><\/div>\n<\/p><\/div>\n<\/div>\n\n","protected":false},"excerpt":{"rendered":"<p>El Comit\u00e9 T\u00e9cnico de \u00c1rbitros emiti\u00f3 este mi\u00e9rcoles un comunicado mostrando su \u00abm\u00e1s absoluta repulsa\u00bb y disconformidad con unas declaraciones de Antonio Mateu Lahoz, ex\u00e1rbitro de primera divisi\u00f3n, tras el partido de LaLiga entre el Atl\u00e9tico de Madrid y el Barcelona. En concreto, el excolegiado valenciano elogi\u00f3 el arbitraje de De Burgos Bengoetxea en el &hellip;<\/p>\n","protected":false},"author":1,"featured_media":19410,"comment_status":"open","ping_status":"open","sticky":false,"template":"","format":"standard","meta":{"fifu_image_url":"https:\/\/fotografias.antena3.com\/clipping\/cmsimages02\/2025\/03\/20\/8918988A-E842-419A-9D72-B4F295E57783\/mateu-lahoz-partido-francia-grecia-2023_69.jpg?crop=4000,2250,x0,y0&width=1280&height=720&optimize=low&format=jpg","fifu_image_alt":"","footnotes":""},"categories":[6],"tags":[],"class_list":["post-19408","post","type-post","status-publish","format-standard","has-post-thumbnail","","category-deportes"],"_links":{"self":[{"href":"https:\/\/noticiasveraces.com\/index.php?rest_route=\/wp\/v2\/posts\/19408","targetHints":{"allow":["GET"]}}],"collection":[{"href":"https:\/\/noticiasveraces.com\/index.php?rest_route=\/wp\/v2\/posts"}],"about":[{"href":"https:\/\/noticiasveraces.com\/index.php?rest_route=\/wp\/v2\/types\/post"}],"author":[{"embeddable":true,"href":"https:\/\/noticiasveraces.com\/index.php?rest_route=\/wp\/v2\/users\/1"}],"replies":[{"embeddable":true,"href":"https:\/\/noticiasveraces.com\/index.php?rest_route=%2Fwp%2Fv2%2Fcomments&post=19408"}],"version-history":[{"count":0,"href":"https:\/\/noticiasveraces.com\/index.php?rest_route=\/wp\/v2\/posts\/19408\/revisions"}],"wp:featuredmedia":[{"embeddable":true,"href":"https:\/\/noticiasveraces.com\/index.php?rest_route=\/wp\/v2\/media\/19410"}],"wp:attachment":[{"href":"https:\/\/noticiasveraces.com\/index.php?rest_route=%2Fwp%2Fv2%2Fmedia&parent=19408"}],"wp:term":[{"taxonomy":"category","embeddable":true,"href":"https:\/\/noticiasveraces.com\/index.php?rest_route=%2Fwp%2Fv2%2Fcategories&post=19408"},{"taxonomy":"post_tag","embeddable":true,"href":"https:\/\/noticiasveraces.com\/index.php?rest_route=%2Fwp%2Fv2%2Ftags&post=19408"}],"curies":[{"name":"wp","href":"https:\/\/api.w.org\/{rel}","templated":true}]}}