{"id":19364,"date":"2025-03-19T20:11:03","date_gmt":"2025-03-20T00:11:03","guid":{"rendered":"https:\/\/noticiasveraces.com\/?p=19364"},"modified":"2025-03-19T20:11:03","modified_gmt":"2025-03-20T00:11:03","slug":"el-papa-francisco-deja-de-usar-mascara-de-oxigeno-dw-19-03-2025","status":"publish","type":"post","link":"https:\/\/noticiasveraces.com\/?p=19364","title":{"rendered":"El papa Francisco deja de usar m\u00e1scara de ox\u00edgeno \u2013 DW \u2013 19\/03\/2025"},"content":{"rendered":"<p> \n<\/p>\n<div>\n<p>El papa Francisco dej\u00f3 de utilizar una m\u00e1scara de ox\u00edgeno, anunci\u00f3 el Vaticano este mi\u00e9rcoles (19.03.2025), agregando que las condiciones cl\u00ednicas del pont\u00edfice, de 88 a\u00f1os, est\u00e1n \u00abmejorando\u00bb tras m\u00e1s de un mes hospitalizado.<\/p>\n<p>El jesuita argentino lleva ingresado en el hospital Gemelli de Roma desde el 14 de febrero por una neumon\u00eda en ambos pulmones, pero la Santa Sede inform\u00f3 de recientes progresos despu\u00e9s de un periodo cr\u00edtico marcado por crisis respiratorias que hicieron temer por su vida.<\/p>\n<p>\u00abSe confirma que las condiciones cl\u00ednicas del santo padre est\u00e1n mejorando\u00bb, escribi\u00f3 el Vaticano en un bolet\u00edn m\u00e9dico, que ahora publica espor\u00e1dicamente en lugar de a diario dada su mejor\u00eda.<\/p>\n<p>Se ha \u00absuspendido la ventilaci\u00f3n mec\u00e1nica no invasiva y tambi\u00e9n se redujo la necesidad de oxigenoterapia de alto flujo\u00bb, indic\u00f3, a\u00f1adiendo que hay progresos en la fisioterapia motora y respiratoria del papa.<\/p>\n<p><strong>Neumon\u00eda persiste pero est\u00e1 bajo control<\/strong><\/p>\n<p>La neumon\u00eda de Francisco no ha sido \u00abeliminada\u00bb, pero est\u00e1 \u00abbajo control\u00bb, seg\u00fan la oficina de prensa del Vaticano. Tras la serie de crisis respiratorias, la respiraci\u00f3n del pont\u00edfice mejor\u00f3 en la \u00faltima semana y el Vaticano declar\u00f3 el lunes que estaba pasando \u00abbreves momentos\u00bb sin aporte de ox\u00edgeno.<\/p>\n<p>Durante el d\u00eda utiliza una c\u00e1nula nasal para recibir ox\u00edgeno a alto flujo, que los m\u00e9dicos est\u00e1n reduciendo. Hasta esta semana, Francisco hab\u00eda llevado una m\u00e1scara de ox\u00edgeno, pero el martes el Vaticano dijo que se las hab\u00eda arreglado sin ella por primera vez.<\/p>\n<p>El delicado estado de salud del papa suscit\u00f3 dudas sobre qui\u00e9n podr\u00eda dirigir el intenso programa de actos religiosos previos a la Pascua, el per\u00edodo m\u00e1s sagrado del calendario cristiano. El Vaticano declar\u00f3 el mi\u00e9rcoles que a\u00fan no se tom\u00f3 ninguna decisi\u00f3n definitiva.<\/p>\n<p>Francisco es propenso a las enfermedades respiratorias y de joven le extirparon parte de un pulm\u00f3n. A pesar de su reciente mejor\u00eda, la Santa Sede a\u00fan no ha comunicado cu\u00e1ndo podr\u00eda salir del hospital. El fin de semana dijo que el jesuita sigue necesitando que se le administren terapias desde el centro.<\/p>\n<p>CT (AFP, Efe)<\/p>\n<\/p>\n<\/div>\n\n","protected":false},"excerpt":{"rendered":"<p>El papa Francisco dej\u00f3 de utilizar una m\u00e1scara de ox\u00edgeno, anunci\u00f3 el Vaticano este mi\u00e9rcoles (19.03.2025), agregando que las condiciones cl\u00ednicas del pont\u00edfice, de 88 a\u00f1os, est\u00e1n \u00abmejorando\u00bb tras m\u00e1s de un mes hospitalizado. El jesuita argentino lleva ingresado en el hospital Gemelli de Roma desde el 14 de febrero por una neumon\u00eda en ambos &hellip;<\/p>\n","protected":false},"author":1,"featured_media":19365,"comment_status":"open","ping_status":"open","sticky":false,"template":"","format":"standard","meta":{"fifu_image_url":"https:\/\/static.dw.com\/image\/71978450_6.jpg","fifu_image_alt":"","footnotes":""},"categories":[13],"tags":[],"class_list":["post-19364","post","type-post","status-publish","format-standard","has-post-thumbnail","","category-mundo"],"_links":{"self":[{"href":"https:\/\/noticiasveraces.com\/index.php?rest_route=\/wp\/v2\/posts\/19364","targetHints":{"allow":["GET"]}}],"collection":[{"href":"https:\/\/noticiasveraces.com\/index.php?rest_route=\/wp\/v2\/posts"}],"about":[{"href":"https:\/\/noticiasveraces.com\/index.php?rest_route=\/wp\/v2\/types\/post"}],"author":[{"embeddable":true,"href":"https:\/\/noticiasveraces.com\/index.php?rest_route=\/wp\/v2\/users\/1"}],"replies":[{"embeddable":true,"href":"https:\/\/noticiasveraces.com\/index.php?rest_route=%2Fwp%2Fv2%2Fcomments&post=19364"}],"version-history":[{"count":0,"href":"https:\/\/noticiasveraces.com\/index.php?rest_route=\/wp\/v2\/posts\/19364\/revisions"}],"wp:featuredmedia":[{"embeddable":true,"href":"https:\/\/noticiasveraces.com\/index.php?rest_route=\/wp\/v2\/media\/19365"}],"wp:attachment":[{"href":"https:\/\/noticiasveraces.com\/index.php?rest_route=%2Fwp%2Fv2%2Fmedia&parent=19364"}],"wp:term":[{"taxonomy":"category","embeddable":true,"href":"https:\/\/noticiasveraces.com\/index.php?rest_route=%2Fwp%2Fv2%2Fcategories&post=19364"},{"taxonomy":"post_tag","embeddable":true,"href":"https:\/\/noticiasveraces.com\/index.php?rest_route=%2Fwp%2Fv2%2Ftags&post=19364"}],"curies":[{"name":"wp","href":"https:\/\/api.w.org\/{rel}","templated":true}]}}