{"id":19334,"date":"2025-03-19T17:22:02","date_gmt":"2025-03-19T21:22:02","guid":{"rendered":"https:\/\/noticiasveraces.com\/?p=19334"},"modified":"2025-03-19T17:22:02","modified_gmt":"2025-03-19T21:22:02","slug":"sera-un-futbolista-de-leyenda-que-marcara-una-epoca","status":"publish","type":"post","link":"https:\/\/noticiasveraces.com\/?p=19334","title":{"rendered":"\u00abSer\u00e1 un futbolista de leyenda que marcar\u00e1 una \u00e9poca\u00bb"},"content":{"rendered":"<p> \n<\/p>\n<div id=\"intext\">\n<p>Luis de la Fuente, seleccionador de la selecci\u00f3n espa\u00f1ola, se mostr\u00f3 profundamente impresionado con el talento de Lamine Yamal, quien con apenas 17 a\u00f1os ya es considerado una de las mayores promesas del f\u00fatbol mundial. Durante una rueda de prensa celebrada en el estadio De Kuyp de R\u00f3terdam, De la Fuente dedic\u00f3 unas palabras llenas de elogios para el joven extremo, destacando que, si bien a\u00fan est\u00e1 en proceso de formaci\u00f3n, tiene todas las condiciones necesarias para llegar a ser \u00abun futbolista de leyenda que marcar\u00e1 una \u00e9poca\u00bb.<\/p>\n<h2 class=\"title-h2\">Lamine Yamal, el futuro ya presente<\/h2>\n<p>En su intervenci\u00f3n, De la Fuente resalt\u00f3 las cualidades excepcionales que Lamine Yamal ha mostrado desde su debut con la selecci\u00f3n. \u201cMessi es leyenda del f\u00fatbol y Lamine tiene condiciones para ser un grand\u00edsimo futbolista. Es diferente, hay muy pocos con ese toque tan j\u00f3venes, con esa calidad, talento, desparpajo, valent\u00eda\u2026 es una suerte poder contar con \u00e9l\u201d, declar\u00f3 el seleccionador espa\u00f1ol. Estas palabras dan cuenta no solo del talento de Yamal, sino tambi\u00e9n de la madurez que demuestra a tan temprana edad, algo que ha sorprendido tanto a su cuerpo t\u00e9cnico como a los aficionados.<\/p>\n<p>Sin embargo, De la Fuente fue realista al reconocer que el camino de Yamal no ser\u00e1 sencillo. A pesar de su gran potencial, el joven futbolista deber\u00e1 atravesar momentos dif\u00edciles a lo largo de su carrera, y ser\u00e1 en esos momentos cuando necesitar\u00e1 todo el apoyo posible de su entorno.<\/p>\n<p>\u00abTiene 17 a\u00f1os, no nos olvidemos de que est\u00e1 en proceso de formaci\u00f3n y le queda mucho por recorrer. Pasar\u00e1 momentos dif\u00edciles, y es cuando hay que ayudarle\u00bb, agreg\u00f3 De la Fuente, quien tambi\u00e9n expres\u00f3 su certeza de que, si Yamal se mantiene alejado de las lesiones, su futuro ser\u00e1 brillante. \u00abDisfrutaremos de un futbolista de leyenda. Si no hay lesiones, marcar\u00e1 una \u00e9poca\u00bb, opin\u00f3 el seleccionador.<\/p>\n<h2 class=\"title-h2\">Espa\u00f1a, siempre al ataque<\/h2>\n<p>Con la mirada puesta en el crucial enfrentamiento de cuartos de final contra Pa\u00edses Bajos, De la Fuente subray\u00f3 la dificultad del rival. Seg\u00fan el seleccionador, el duelo tiene todas las caracter\u00edsticas de una gran final, dada la calidad de los jugadores de la selecci\u00f3n neerlandesa. \u00abEs un partido dificil\u00edsimo, dur\u00edsimo, ante grandes jugadores que est\u00e1n jugando a m\u00e1ximo nivel en Europa. Podr\u00eda ser una final de Eurocopa\u00bb, coment\u00f3 De la Fuente.<\/p>\n<p>No obstante, el t\u00e9cnico tambi\u00e9n dej\u00f3 claro que la selecci\u00f3n espa\u00f1ola mantendr\u00e1 su estilo ofensivo sin importar la presi\u00f3n del momento. \u00abNuestro perfil es ofensivo, nos gusta disfrutar con el bal\u00f3n y atacar mucho. No lo hacemos porque sea una f\u00f3rmula de \u00e9xito, sino porque los futbolistas demandan ese estilo, fruto de sus condiciones\u00bb, explic\u00f3 el riojano, quien tambi\u00e9n se mostr\u00f3 seguro de que su equipo no especular\u00e1 y saldr\u00e1 a por la victoria desde el primer minuto.<\/p>\n<p>En cuanto a las eliminatorias, que se juegan a dos partidos, De la Fuente record\u00f3 que la clave ser\u00e1 mantener la concentraci\u00f3n en cada momento, sin perder de vista el objetivo de ganar en cada encuentro. \u00abSabemos que las eliminatorias duran m\u00e1s de 90 minutos, pueden haber pr\u00f3rrogas y penaltis, pero nuestra mentalidad es ganar siempre\u00bb, afirm\u00f3.<\/p>\n<h2 class=\"title-h2\">Lamine Yamal y el Ramad\u00e1n<\/h2>\n<p>Uno de los aspectos que ha generado inter\u00e9s en torno a Lamine Yamal es su pr\u00e1ctica del Ramad\u00e1n, ya que es la primera vez que el jugador tiene que compaginar esta observancia religiosa con su carrera profesional. En este sentido, De la Fuente aclar\u00f3 que el joven futbolista est\u00e1 llevando a cabo su rutina con total normalidad, sin que esto afecte a su rendimiento en los entrenamientos o partidos.<\/p>\n<p>\u00abLo vivo con total normalidad, \u00e9l sigue sus normas, las mismas que en su club\u00bb, coment\u00f3 el seleccionador, quien tambi\u00e9n destac\u00f3 el apoyo recibido por parte de los servicios m\u00e9dicos y nutricionistas de la selecci\u00f3n para asegurar que Yamal pueda seguir su dieta y cuidados adecuados durante el Ramad\u00e1n.<\/p>\n<p>\u00abLos servicios m\u00e9dicos y la nutricionista le marcan las pautas cuando tiene que ingerir alimentos y beber. Tenemos m\u00e1ximo respeto a las creencias de todos, y est\u00e1 en perfectas condiciones para jugar\u00bb, asegur\u00f3 De la Fuente. Este enfoque demuestra el compromiso de la selecci\u00f3n espa\u00f1ola con el bienestar y respeto hacia los jugadores, adapt\u00e1ndose a sus necesidades personales sin afectar su preparaci\u00f3n para los partidos.<\/p>\n<h2 class=\"title-h2\">Pedri y Dean Huijsen, otras joyas<\/h2>\n<p>Adem\u00e1s de Lamine Yamal, De la Fuente no dud\u00f3 en elogiar tambi\u00e9n a Pedri, quien atraviesa el mejor momento de su carrera. \u00abEs un jugador muy querido por todos, le hemos acompa\u00f1ado en los momentos m\u00e1s dif\u00edciles de lesiones y superaci\u00f3n que ha vivido. Ahora mismo est\u00e1 en el mejor momento de su carrera\u00bb, afirm\u00f3 el seleccionador, reconociendo que Pedri ha trabajado incansablemente para alcanzar este nivel.<\/p>\n<p>De la Fuente tambi\u00e9n mostr\u00f3 su satisfacci\u00f3n por la decisi\u00f3n de Dean Huijsen de representar a la selecci\u00f3n espa\u00f1ola, destacando sus enormes condiciones pese a su juventud. \u00abEs un futbolista muy joven con condiciones excepcionales que ya muestra en su juventud compitiendo en la Premier. Es una suerte que haya elegido jugar con Espa\u00f1a\u00bb, dijo, subrayando el compromiso de Huijsen y su potencial para convertirse en un jugador clave para el futuro de la selecci\u00f3n.<\/p>\n<p><i>S\u00edguenos en nuestro canal de WhatsApp y no te pierdas la \u00faltima hora y toda la actualidad de antena3noticias.com<\/i><\/p>\n<div class=\"recirculation-video\" data-mod=\"a3mod_recirculation_video\">\n<div class=\"recirculation-video-wrapper\">\n<div>\n<div class=\"video-wrapper\">\n  <picture class=\"video-main-picture\"><source media=\"(min-width: 481px)\" srcset=\"https:\/\/fotografias.antena3.com\/clipping\/cmsimages01\/2025\/03\/17\/9048A0E3-B753-4542-B748-435FCEA89568\/leo-messi-celebra-gol-atlanta-united_94.jpg?crop=2292,1289,x0,y0&amp;width=800&amp;height=450&amp;optimize=medium&amp;format=webply\" width=\"800\" height=\"450\"><source media=\"(min-width: 391px) and (max-width: 480px)\" srcset=\"https:\/\/fotografias.antena3.com\/clipping\/cmsimages01\/2025\/03\/17\/9048A0E3-B753-4542-B748-435FCEA89568\/leo-messi-celebra-gol-atlanta-united_70.jpg?crop=2292,1289,x0,y0&amp;width=480&amp;height=270&amp;optimize=high&amp;format=webply\" width=\"480\" height=\"270\"><source media=\"(min-width: 321px) and (max-width: 390px)\" srcset=\"https:\/\/fotografias.antena3.com\/clipping\/cmsimages01\/2025\/03\/17\/9048A0E3-B753-4542-B748-435FCEA89568\/leo-messi-celebra-gol-atlanta-united_92.jpg?crop=2292,1287,x0,y0&amp;width=390&amp;height=219&amp;optimize=high&amp;format=webply\" width=\"390\" height=\"219\"><source media=\"(max-width: 320px)\" srcset=\"https:\/\/fotografias.antena3.com\/clipping\/cmsimages01\/2025\/03\/17\/9048A0E3-B753-4542-B748-435FCEA89568\/leo-messi-celebra-gol-atlanta-united_52.jpg?crop=2292,1289,x0,y0&amp;width=320&amp;height=180&amp;optimize=high&amp;format=webply\" width=\"320\" height=\"180\"><img decoding=\"async\" title=\"Leo Messi celebra su gol ante Atlanta United\" alt=\"Leo Messi celebra su gol ante Atlanta United\" width=\"480\" height=\"270\" src=\"https:\/\/fotografias.antena3.com\/clipping\/cmsimages01\/2025\/03\/17\/9048A0E3-B753-4542-B748-435FCEA89568\/leo-messi-celebra-gol-atlanta-united_70.jpg?crop=2292,1289,x0,y0&amp;width=480&amp;height=270&amp;optimize=high&amp;format=webply\" loading=\"lazy\" class=\"lazy\"\/><br \/>\n  <\/source><\/source><\/source><\/source><\/picture>\n <\/div>\n<\/div><\/div>\n<\/p><\/div>\n<\/div>\n\n","protected":false},"excerpt":{"rendered":"<p>Luis de la Fuente, seleccionador de la selecci\u00f3n espa\u00f1ola, se mostr\u00f3 profundamente impresionado con el talento de Lamine Yamal, quien con apenas 17 a\u00f1os ya es considerado una de las mayores promesas del f\u00fatbol mundial. Durante una rueda de prensa celebrada en el estadio De Kuyp de R\u00f3terdam, De la Fuente dedic\u00f3 unas palabras llenas &hellip;<\/p>\n","protected":false},"author":1,"featured_media":19336,"comment_status":"open","ping_status":"open","sticky":false,"template":"","format":"standard","meta":{"fifu_image_url":"https:\/\/fotografias.antena3.com\/clipping\/cmsimages01\/2025\/03\/19\/09661CCF-894E-43DA-93CE-903031C79262\/luis-fuente-entrenamiento-espana_69.jpg?crop=1920,1080,x0,y0&width=1280&height=720&optimize=low&format=jpg","fifu_image_alt":"","footnotes":""},"categories":[6],"tags":[],"class_list":["post-19334","post","type-post","status-publish","format-standard","has-post-thumbnail","","category-deportes"],"_links":{"self":[{"href":"https:\/\/noticiasveraces.com\/index.php?rest_route=\/wp\/v2\/posts\/19334","targetHints":{"allow":["GET"]}}],"collection":[{"href":"https:\/\/noticiasveraces.com\/index.php?rest_route=\/wp\/v2\/posts"}],"about":[{"href":"https:\/\/noticiasveraces.com\/index.php?rest_route=\/wp\/v2\/types\/post"}],"author":[{"embeddable":true,"href":"https:\/\/noticiasveraces.com\/index.php?rest_route=\/wp\/v2\/users\/1"}],"replies":[{"embeddable":true,"href":"https:\/\/noticiasveraces.com\/index.php?rest_route=%2Fwp%2Fv2%2Fcomments&post=19334"}],"version-history":[{"count":0,"href":"https:\/\/noticiasveraces.com\/index.php?rest_route=\/wp\/v2\/posts\/19334\/revisions"}],"wp:featuredmedia":[{"embeddable":true,"href":"https:\/\/noticiasveraces.com\/index.php?rest_route=\/wp\/v2\/media\/19336"}],"wp:attachment":[{"href":"https:\/\/noticiasveraces.com\/index.php?rest_route=%2Fwp%2Fv2%2Fmedia&parent=19334"}],"wp:term":[{"taxonomy":"category","embeddable":true,"href":"https:\/\/noticiasveraces.com\/index.php?rest_route=%2Fwp%2Fv2%2Fcategories&post=19334"},{"taxonomy":"post_tag","embeddable":true,"href":"https:\/\/noticiasveraces.com\/index.php?rest_route=%2Fwp%2Fv2%2Ftags&post=19334"}],"curies":[{"name":"wp","href":"https:\/\/api.w.org\/{rel}","templated":true}]}}