{"id":19325,"date":"2025-03-19T15:01:59","date_gmt":"2025-03-19T19:01:59","guid":{"rendered":"https:\/\/noticiasveraces.com\/?p=19325"},"modified":"2025-03-19T15:01:59","modified_gmt":"2025-03-19T19:01:59","slug":"la-condicion-del-papa-mejora-ya-no-depende-de-la-ventilacion-mecanica-vaticano","status":"publish","type":"post","link":"https:\/\/noticiasveraces.com\/?p=19325","title":{"rendered":"La condici\u00f3n del Papa mejora, ya no depende de la ventilaci\u00f3n mec\u00e1nica: Vaticano"},"content":{"rendered":"<p> \n<\/p>\n<div>\n<p class=\"speakable\">La condici\u00f3n del Papa Francisco continu\u00f3 mejorando el mi\u00e9rcoles y no ha necesitado usar la ventilaci\u00f3n mec\u00e1nica no invasiva para ayudarlo a respirar por la noche, dijo el Vaticano.<\/p>\n<p class=\"speakable\">El pont\u00edfice de 88 a\u00f1os tambi\u00e9n est\u00e1 reduciendo su dependencia del ox\u00edgeno suplementario de alto flujo durante el d\u00eda, dijo el Vaticano en un bolet\u00edn m\u00e9dico. Su doble infecci\u00f3n por neumon\u00eda, aunque no est\u00e1 completamente eliminada, est\u00e1 bajo control, dijo la oficina de prensa de Santa Sede.<\/p>\n<p>Francis celebr\u00f3 la misa el mi\u00e9rcoles, que es un importante d\u00eda de la fiesta para la Iglesia Cat\u00f3lica y es el aniversario de su instalaci\u00f3n como Papa hace 12 a\u00f1os.<\/p>\n<p><strong>Rey Carlos III para conocer al Papa Francisco durante la visita al Vaticano el pr\u00f3ximo mes<\/strong><\/p>\n<p>Francis ha estado en el Hospital Gemelli de Roma desde el 14 de febrero para una infecci\u00f3n pulmonar compleja que se convirti\u00f3 en neumon\u00eda en ambos pulmones.<\/p>\n<div class=\"image-ct inline\">\n<div class=\"m\"><picture><source media=\"(max-width: 767px)\" srcset=\"https:\/\/a57.foxnews.com\/static.foxnews.com\/foxnews.com\/content\/uploads\/2025\/03\/343\/192\/0a216755-pope-francis.jpg?ve=1&amp;tl=1, https:\/\/a57.foxnews.com\/static.foxnews.com\/foxnews.com\/content\/uploads\/2025\/03\/686\/384\/0a216755-pope-francis.jpg?ve=1&amp;tl=1 2x\" height=\"192\" width=\"343\"><source media=\"(min-width: 768px) and (max-width: 1023px)\" srcset=\"https:\/\/a57.foxnews.com\/static.foxnews.com\/foxnews.com\/content\/uploads\/2025\/03\/672\/378\/0a216755-pope-francis.jpg?ve=1&amp;tl=1, https:\/\/a57.foxnews.com\/static.foxnews.com\/foxnews.com\/content\/uploads\/2025\/03\/1344\/756\/0a216755-pope-francis.jpg?ve=1&amp;tl=1 2x\" height=\"378\" width=\"672\"><source media=\"(min-width: 1024px) and (max-width: 1279px)\" srcset=\"https:\/\/a57.foxnews.com\/static.foxnews.com\/foxnews.com\/content\/uploads\/2025\/03\/931\/523\/0a216755-pope-francis.jpg?ve=1&amp;tl=1, https:\/\/a57.foxnews.com\/static.foxnews.com\/foxnews.com\/content\/uploads\/2025\/03\/1862\/1046\/0a216755-pope-francis.jpg?ve=1&amp;tl=1 2x\" height=\"523\" width=\"931\"><source media=\"(min-width: 1280px)\" srcset=\"https:\/\/a57.foxnews.com\/static.foxnews.com\/foxnews.com\/content\/uploads\/2025\/03\/720\/405\/0a216755-pope-francis.jpg?ve=1&amp;tl=1, https:\/\/a57.foxnews.com\/static.foxnews.com\/foxnews.com\/content\/uploads\/2025\/03\/1440\/810\/0a216755-pope-francis.jpg?ve=1&amp;tl=1 2x\" height=\"405\" width=\"720\"><img loading=\"lazy\" decoding=\"async\" src=\"https:\/\/a57.foxnews.com\/static.foxnews.com\/foxnews.com\/content\/uploads\/2025\/03\/1200\/675\/0a216755-pope-francis.jpg?ve=1&amp;tl=1\" alt=\"Velas del Papa Francisco\" width=\"1200\" height=\"675\"\/><\/source><\/source><\/source><\/source><\/picture><\/div>\n<div class=\"info\">\n<div class=\"caption\">\n<p><span>Las velas y flores para el Papa Francisco se colocan frente al Policl\u00ednico de Agostino Gemelli, en Roma, mi\u00e9rcoles 19 de marzo de 2025, donde el pont\u00edfice est\u00e1 hospitalizado desde el viernes 14 de febrero.<\/span> <span>(AP Photo\/Andrew Medichini)<\/span><\/p>\n<\/div>\n<\/div>\n<\/div>\n<p>Durante dos noches seguidas, no ha necesitado usar la m\u00e1scara de ventilaci\u00f3n mec\u00e1nica, y los m\u00e9dicos dijeron que su uso hab\u00eda sido \u00absuspendido\u00bb.<\/p>\n<p><strong>Haga clic aqu\u00ed para obtener la aplicaci\u00f3n Fox News<\/strong><\/p>\n<p>El Vaticano tambi\u00e9n est\u00e1 reduciendo nuevamente sus actualizaciones m\u00e9dicas a medida que Francis contin\u00faa lentamente su recuperaci\u00f3n, y el siguiente no se espera antes del lunes.<\/p>\n<p> <!----> <!----><\/div>\n\n","protected":false},"excerpt":{"rendered":"<p>La condici\u00f3n del Papa Francisco continu\u00f3 mejorando el mi\u00e9rcoles y no ha necesitado usar la ventilaci\u00f3n mec\u00e1nica no invasiva para ayudarlo a respirar por la noche, dijo el Vaticano. El pont\u00edfice de 88 a\u00f1os tambi\u00e9n est\u00e1 reduciendo su dependencia del ox\u00edgeno suplementario de alto flujo durante el d\u00eda, dijo el Vaticano en un bolet\u00edn m\u00e9dico. &hellip;<\/p>\n","protected":false},"author":1,"featured_media":19327,"comment_status":"open","ping_status":"open","sticky":false,"template":"","format":"standard","meta":{"fifu_image_url":"https:\/\/static.foxnews.com\/foxnews.com\/content\/uploads\/2025\/03\/0a216755-pope-francis.jpg","fifu_image_alt":"","footnotes":""},"categories":[13],"tags":[],"class_list":["post-19325","post","type-post","status-publish","format-standard","has-post-thumbnail","","category-mundo"],"_links":{"self":[{"href":"https:\/\/noticiasveraces.com\/index.php?rest_route=\/wp\/v2\/posts\/19325","targetHints":{"allow":["GET"]}}],"collection":[{"href":"https:\/\/noticiasveraces.com\/index.php?rest_route=\/wp\/v2\/posts"}],"about":[{"href":"https:\/\/noticiasveraces.com\/index.php?rest_route=\/wp\/v2\/types\/post"}],"author":[{"embeddable":true,"href":"https:\/\/noticiasveraces.com\/index.php?rest_route=\/wp\/v2\/users\/1"}],"replies":[{"embeddable":true,"href":"https:\/\/noticiasveraces.com\/index.php?rest_route=%2Fwp%2Fv2%2Fcomments&post=19325"}],"version-history":[{"count":0,"href":"https:\/\/noticiasveraces.com\/index.php?rest_route=\/wp\/v2\/posts\/19325\/revisions"}],"wp:featuredmedia":[{"embeddable":true,"href":"https:\/\/noticiasveraces.com\/index.php?rest_route=\/wp\/v2\/media\/19327"}],"wp:attachment":[{"href":"https:\/\/noticiasveraces.com\/index.php?rest_route=%2Fwp%2Fv2%2Fmedia&parent=19325"}],"wp:term":[{"taxonomy":"category","embeddable":true,"href":"https:\/\/noticiasveraces.com\/index.php?rest_route=%2Fwp%2Fv2%2Fcategories&post=19325"},{"taxonomy":"post_tag","embeddable":true,"href":"https:\/\/noticiasveraces.com\/index.php?rest_route=%2Fwp%2Fv2%2Ftags&post=19325"}],"curies":[{"name":"wp","href":"https:\/\/api.w.org\/{rel}","templated":true}]}}