{"id":19319,"date":"2025-03-19T13:00:03","date_gmt":"2025-03-19T17:00:03","guid":{"rendered":"https:\/\/noticiasveraces.com\/?p=19319"},"modified":"2025-03-19T13:00:03","modified_gmt":"2025-03-19T17:00:03","slug":"israel-despliega-tropas-al-corredor-netzarim-en-gaza","status":"publish","type":"post","link":"https:\/\/noticiasveraces.com\/?p=19319","title":{"rendered":"Israel despliega tropas al corredor Netzarim en Gaza"},"content":{"rendered":"<p> \n<\/p>\n<div>\n<p class=\"speakable\">Las Fuerzas de Defensa Israel\u00ed (FDI) desplegaron tropas en Gaza por primera vez desde el colapso del acuerdo de alto el fuego de Israel con Hamas el mi\u00e9rcoles.<\/p>\n<p class=\"speakable\">Las tropas de las FDI se despliegan en el corredor Netzarim, una secci\u00f3n clave de Gaza que esencialmente corta la tira por la mitad. El primer ministro israel\u00ed, Benjamin Netanyahu, ha seguido prometiendo que Israel mantendr\u00e1 operaciones militares de IS hasta que cada reh\u00e9n ha sido devuelto de la custodia de Hamas.<\/p>\n<p>Las FDI describieron la implementaci\u00f3n del mi\u00e9rcoles como una \u00aboperaci\u00f3n de tierra limitada\u00bb, pero no ha dicho si seguir\u00e1 limitado al corredor Netzarim.<\/p>\n<p>La medida sigue a una ola de ataques a\u00e9reos israel\u00edes de varios d\u00edas en Gaza que mat\u00f3 a m\u00e1s de 400 palestinos, seg\u00fan el Ministerio de Salud de Gaza, dirigido por Hamas.<\/p>\n<p><strong><u>Israel derriba misil bal\u00edstico hut\u00ed despu\u00e9s de que el alto el fuego se derrumba<\/u><\/strong><\/p>\n<div class=\"image-ct inline\">\n<div class=\"m\"><picture><source media=\"(max-width: 767px)\" srcset=\"https:\/\/a57.foxnews.com\/static.foxnews.com\/foxnews.com\/content\/uploads\/2025\/03\/343\/192\/israel.jpg?ve=1&amp;tl=1, https:\/\/a57.foxnews.com\/static.foxnews.com\/foxnews.com\/content\/uploads\/2025\/03\/686\/384\/israel.jpg?ve=1&amp;tl=1 2x\" height=\"192\" width=\"343\"><source media=\"(min-width: 768px) and (max-width: 1023px)\" srcset=\"https:\/\/a57.foxnews.com\/static.foxnews.com\/foxnews.com\/content\/uploads\/2025\/03\/672\/378\/israel.jpg?ve=1&amp;tl=1, https:\/\/a57.foxnews.com\/static.foxnews.com\/foxnews.com\/content\/uploads\/2025\/03\/1344\/756\/israel.jpg?ve=1&amp;tl=1 2x\" height=\"378\" width=\"672\"><source media=\"(min-width: 1024px) and (max-width: 1279px)\" srcset=\"https:\/\/a57.foxnews.com\/static.foxnews.com\/foxnews.com\/content\/uploads\/2025\/03\/931\/523\/israel.jpg?ve=1&amp;tl=1, https:\/\/a57.foxnews.com\/static.foxnews.com\/foxnews.com\/content\/uploads\/2025\/03\/1862\/1046\/israel.jpg?ve=1&amp;tl=1 2x\" height=\"523\" width=\"931\"><source media=\"(min-width: 1280px)\" srcset=\"https:\/\/a57.foxnews.com\/static.foxnews.com\/foxnews.com\/content\/uploads\/2025\/03\/720\/405\/israel.jpg?ve=1&amp;tl=1, https:\/\/a57.foxnews.com\/static.foxnews.com\/foxnews.com\/content\/uploads\/2025\/03\/1440\/810\/israel.jpg?ve=1&amp;tl=1 2x\" height=\"405\" width=\"720\"><img loading=\"lazy\" decoding=\"async\" src=\"https:\/\/a57.foxnews.com\/static.foxnews.com\/foxnews.com\/content\/uploads\/2025\/03\/1200\/675\/israel.jpg?ve=1&amp;tl=1\" alt=\"Tropas israel\u00edes \" width=\"1200\" height=\"675\"\/><\/source><\/source><\/source><\/source><\/picture><\/div>\n<div class=\"info\">\n<div class=\"caption\">\n<p><span>Las tropas israel\u00edes se desplegaron en Gaza el martes.<\/span> <span>(IDF)<\/span><\/p>\n<\/div>\n<\/div>\n<\/div>\n<p>La FDI dice que sus ataques el lunes y el martes eliminaron varios funcionarios de Hamas de nivel medio y alto. Entre ellos estaba Essam al-Da&#8217;alis, jefe del gobierno de Hamas y \u00abla figura de autoridad m\u00e1s importante en la franja de Gaza\u00bb.<\/p>\n<p><strong><u>Restos de Shiri Bibas, madre de dos dos muertos, supuestamente regresaron a Israel despu\u00e9s de la rota promesa de Hamas<\/u><\/strong><\/p>\n<p>Las FDI e ISA tambi\u00e9n determinaron con \u00abalta probabilidad\u00bb de que los ataques israel\u00ed eliminaran a Mahmoud Marzouk Ahmed Abu-Watfa, el Ministro de Asuntos Internos a cargo de las fuerzas de seguridad internas de Hamas; Bahajat Hassan Mohammed Abu-Sultan, quien se desempe\u00f1\u00f3 como jefe de las fuerzas de seguridad internas de Hamas; y Ahmed Amar Abdullah Alhata, quien se desempe\u00f1\u00f3 como Ministro de Justicia de Hamas.<\/p>\n<div class=\"image-ct inline\">\n<div class=\"m\"><picture><source media=\"(max-width: 767px)\" srcset=\"https:\/\/a57.foxnews.com\/static.foxnews.com\/foxnews.com\/content\/uploads\/2025\/03\/343\/192\/israel1.jpg?ve=1&amp;tl=1, https:\/\/a57.foxnews.com\/static.foxnews.com\/foxnews.com\/content\/uploads\/2025\/03\/686\/384\/israel1.jpg?ve=1&amp;tl=1 2x\" height=\"192\" width=\"343\"><source media=\"(min-width: 768px) and (max-width: 1023px)\" srcset=\"https:\/\/a57.foxnews.com\/static.foxnews.com\/foxnews.com\/content\/uploads\/2025\/03\/672\/378\/israel1.jpg?ve=1&amp;tl=1, https:\/\/a57.foxnews.com\/static.foxnews.com\/foxnews.com\/content\/uploads\/2025\/03\/1344\/756\/israel1.jpg?ve=1&amp;tl=1 2x\" height=\"378\" width=\"672\"><source media=\"(min-width: 1024px) and (max-width: 1279px)\" srcset=\"https:\/\/a57.foxnews.com\/static.foxnews.com\/foxnews.com\/content\/uploads\/2025\/03\/931\/523\/israel1.jpg?ve=1&amp;tl=1, https:\/\/a57.foxnews.com\/static.foxnews.com\/foxnews.com\/content\/uploads\/2025\/03\/1862\/1046\/israel1.jpg?ve=1&amp;tl=1 2x\" height=\"523\" width=\"931\"><source media=\"(min-width: 1280px)\" srcset=\"https:\/\/a57.foxnews.com\/static.foxnews.com\/foxnews.com\/content\/uploads\/2025\/03\/720\/405\/israel1.jpg?ve=1&amp;tl=1, https:\/\/a57.foxnews.com\/static.foxnews.com\/foxnews.com\/content\/uploads\/2025\/03\/1440\/810\/israel1.jpg?ve=1&amp;tl=1 2x\" height=\"405\" width=\"720\"><img loading=\"lazy\" decoding=\"async\" src=\"https:\/\/a57.foxnews.com\/static.foxnews.com\/foxnews.com\/content\/uploads\/2025\/03\/1200\/675\/israel1.jpg?ve=1&amp;tl=1\" alt=\"Las tropas israel\u00edes se desplegaron en Gaza.\" width=\"1200\" height=\"675\"\/><\/source><\/source><\/source><\/source><\/picture><\/div>\n<div class=\"info\">\n<div class=\"caption\">\n<p><span>Las tropas israel\u00edes se desplegaron en Gaza.<\/span> <span>(IDF)<\/span><\/p>\n<\/div>\n<\/div>\n<\/div>\n<p>Israel tambi\u00e9n dijo que elimin\u00f3 a Yasser Muhammad Harb Musa, quien fue responsable de los asuntos de seguridad en la Oficina Pol\u00edtica de Hamas, adem\u00e1s de Muhammad al-Jamasi, jefe del Comit\u00e9 de Emergencia de Hamas.<\/p>\n<p>La administraci\u00f3n del presidente Donald Trump respald\u00f3 la medida de Israel para poner fin al alto el fuego en un comunicado el lunes.<\/p>\n<p><strong><u>C\u00f3mo la guerra de Israel contra los terroristas de Hamas ser\u00e1 diferente bajo Trump<\/u><\/strong><\/p>\n<p>\u00abHamas podr\u00eda haber publicado rehenes para extender el alto el fuego, pero en su lugar eligi\u00f3 la negativa y la guerra\u00bb, dijo a Fox News, el portavoz del Consejo de Seguridad Nacional (NSC), Brian Hughes.<\/p>\n<p>La Casa Blanca no ha respondido al despliegue de tropas en Gaza el mi\u00e9rcoles.<\/p>\n<div class=\"image-ct inline\">\n<div class=\"m\"><picture><source media=\"(max-width: 767px)\" srcset=\"https:\/\/a57.foxnews.com\/static.foxnews.com\/foxnews.com\/content\/uploads\/2025\/03\/343\/192\/israeli-tank-gaza.jpg?ve=1&amp;tl=1, https:\/\/a57.foxnews.com\/static.foxnews.com\/foxnews.com\/content\/uploads\/2025\/03\/686\/384\/israeli-tank-gaza.jpg?ve=1&amp;tl=1 2x\" height=\"192\" width=\"343\"><source media=\"(min-width: 768px) and (max-width: 1023px)\" srcset=\"https:\/\/a57.foxnews.com\/static.foxnews.com\/foxnews.com\/content\/uploads\/2025\/03\/672\/378\/israeli-tank-gaza.jpg?ve=1&amp;tl=1, https:\/\/a57.foxnews.com\/static.foxnews.com\/foxnews.com\/content\/uploads\/2025\/03\/1344\/756\/israeli-tank-gaza.jpg?ve=1&amp;tl=1 2x\" height=\"378\" width=\"672\"><source media=\"(min-width: 1024px) and (max-width: 1279px)\" srcset=\"https:\/\/a57.foxnews.com\/static.foxnews.com\/foxnews.com\/content\/uploads\/2025\/03\/931\/523\/israeli-tank-gaza.jpg?ve=1&amp;tl=1, https:\/\/a57.foxnews.com\/static.foxnews.com\/foxnews.com\/content\/uploads\/2025\/03\/1862\/1046\/israeli-tank-gaza.jpg?ve=1&amp;tl=1 2x\" height=\"523\" width=\"931\"><source media=\"(min-width: 1280px)\" srcset=\"https:\/\/a57.foxnews.com\/static.foxnews.com\/foxnews.com\/content\/uploads\/2025\/03\/720\/405\/israeli-tank-gaza.jpg?ve=1&amp;tl=1, https:\/\/a57.foxnews.com\/static.foxnews.com\/foxnews.com\/content\/uploads\/2025\/03\/1440\/810\/israeli-tank-gaza.jpg?ve=1&amp;tl=1 2x\" height=\"405\" width=\"720\"><img loading=\"lazy\" decoding=\"async\" src=\"https:\/\/a57.foxnews.com\/static.foxnews.com\/foxnews.com\/content\/uploads\/2025\/03\/1200\/675\/israeli-tank-gaza.jpg?ve=1&amp;tl=1\" alt=\"Tanque israel\u00ed cerca de la frontera con Gaza\" width=\"1200\" height=\"675\"\/><\/source><\/source><\/source><\/source><\/picture><\/div>\n<div class=\"info\">\n<div class=\"caption\">\n<p><span>Un tanque militar israel\u00ed ocupa una posici\u00f3n a lo largo de la frontera sur de Israel con la Franja del Norte de Gaza el 19 de marzo de 2025.<\/span> <span>(Jack Guez\/AFP a trav\u00e9s de Getty Images)<\/span><\/p>\n<\/div>\n<\/div>\n<\/div>\n<p>Israel intensificar\u00e1 sus acciones militares <u>contra Hamas<\/u> En el futuro, dijeron las autoridades.<\/p>\n<p><strong><u>Haga clic aqu\u00ed para obtener la aplicaci\u00f3n Fox News<\/u><\/strong><\/p>\n<p>\u00abBajo la direcci\u00f3n del escal\u00f3n pol\u00edtico, las FDI y la apuesta de Shin est\u00e1n atacando ampliamente objetivos terroristas de la Organizaci\u00f3n Terrorista Hamas en toda la Franja de Gaza, m\u00e1s detalles a continuaci\u00f3n\u00bb, dijeron las FDI e ISA. <\/p>\n<p><i>Esta es una historia en desarrollo. Vuelve pronto para obtener actualizaciones.<\/i><\/p>\n<p> <!----> <\/p>\n<div class=\"article-meta\">\n<div class=\"author-bio\">\n<p>Anders Hagstrom es un reportero de Fox News Digital que cubre la pol\u00edtica nacional y los principales eventos de noticias de \u00faltima hora. Env\u00ede consejos a Anders.hagstrom@fox.com, o en Twitter: @hagstrom_anders.<\/p>\n<\/div>\n<\/div>\n<\/div>\n\n","protected":false},"excerpt":{"rendered":"<p>Las Fuerzas de Defensa Israel\u00ed (FDI) desplegaron tropas en Gaza por primera vez desde el colapso del acuerdo de alto el fuego de Israel con Hamas el mi\u00e9rcoles. Las tropas de las FDI se despliegan en el corredor Netzarim, una secci\u00f3n clave de Gaza que esencialmente corta la tira por la mitad. El primer ministro &hellip;<\/p>\n","protected":false},"author":1,"featured_media":19321,"comment_status":"open","ping_status":"open","sticky":false,"template":"","format":"standard","meta":{"fifu_image_url":"https:\/\/static.foxnews.com\/foxnews.com\/content\/uploads\/2025\/03\/israel.jpg","fifu_image_alt":"","footnotes":""},"categories":[13],"tags":[],"class_list":["post-19319","post","type-post","status-publish","format-standard","has-post-thumbnail","","category-mundo"],"_links":{"self":[{"href":"https:\/\/noticiasveraces.com\/index.php?rest_route=\/wp\/v2\/posts\/19319","targetHints":{"allow":["GET"]}}],"collection":[{"href":"https:\/\/noticiasveraces.com\/index.php?rest_route=\/wp\/v2\/posts"}],"about":[{"href":"https:\/\/noticiasveraces.com\/index.php?rest_route=\/wp\/v2\/types\/post"}],"author":[{"embeddable":true,"href":"https:\/\/noticiasveraces.com\/index.php?rest_route=\/wp\/v2\/users\/1"}],"replies":[{"embeddable":true,"href":"https:\/\/noticiasveraces.com\/index.php?rest_route=%2Fwp%2Fv2%2Fcomments&post=19319"}],"version-history":[{"count":0,"href":"https:\/\/noticiasveraces.com\/index.php?rest_route=\/wp\/v2\/posts\/19319\/revisions"}],"wp:featuredmedia":[{"embeddable":true,"href":"https:\/\/noticiasveraces.com\/index.php?rest_route=\/wp\/v2\/media\/19321"}],"wp:attachment":[{"href":"https:\/\/noticiasveraces.com\/index.php?rest_route=%2Fwp%2Fv2%2Fmedia&parent=19319"}],"wp:term":[{"taxonomy":"category","embeddable":true,"href":"https:\/\/noticiasveraces.com\/index.php?rest_route=%2Fwp%2Fv2%2Fcategories&post=19319"},{"taxonomy":"post_tag","embeddable":true,"href":"https:\/\/noticiasveraces.com\/index.php?rest_route=%2Fwp%2Fv2%2Ftags&post=19319"}],"curies":[{"name":"wp","href":"https:\/\/api.w.org\/{rel}","templated":true}]}}