{"id":19279,"date":"2025-03-19T08:52:46","date_gmt":"2025-03-19T12:52:46","guid":{"rendered":"https:\/\/noticiasveraces.com\/?p=19279"},"modified":"2025-03-19T08:52:46","modified_gmt":"2025-03-19T12:52:46","slug":"conversaciones-oficiales-israelies-reanudando-la-guerra-en-gaza-gracias-trump-por-el-apoyo","status":"publish","type":"post","link":"https:\/\/noticiasveraces.com\/?p=19279","title":{"rendered":"Conversaciones oficiales israel\u00edes reanudando la guerra en Gaza, gracias Trump por el apoyo"},"content":{"rendered":"<p> \n<\/p>\n<div>\n<p class=\"speakable\">El alto el fuego de Israel-Hamas termin\u00f3 el lunes cuando Israel anunci\u00f3 que reanudaba ataques a\u00e9reos en Gaza. Las Fuerzas de Defensa de Israel (FDI) escribieron en su cuenta X que estaba \u00abrealizando extensas huelgas sobre objetivos terroristas pertenecientes a la Organizaci\u00f3n Terrorista Hamas en la Franja de Gaza\u00bb. Israel se\u00f1al\u00f3 la repetida negativa de Hamas a aceptar una liberaci\u00f3n de rehenes y una extensi\u00f3n de alto el fuego como la raz\u00f3n del regreso a la guerra.<\/p>\n<p class=\"speakable\">\u00abIsrael dijo: &#8216;S\u00ed, estamos dispuestos a extender el alto el fuego y a que se liberen m\u00e1s rehenes&#8217;, pero Hamas dijo &#8216;no&#8217;. Muy claramente, Twice Hamas dijo &#8216;no&#8217; a la opci\u00f3n de liberar m\u00e1s rehenes y extender el alto el fuego.<\/p>\n<p>A partir de ahora, seg\u00fan Marmorstein, los \u00abobjetivos de guerra\u00bb de Israel incluyen asegurar la liberaci\u00f3n de los rehenes, destruir la infraestructura de Hamas y garantizar que \u00abno hay m\u00e1s amenaza de otro 7 de octubre\u00bb.<\/p>\n<div class=\"image-ct inline\">\n<div class=\"m\"><picture><source media=\"(max-width: 767px)\" srcset=\"https:\/\/a57.foxnews.com\/static.foxnews.com\/foxnews.com\/content\/uploads\/2025\/03\/343\/192\/israeli-tank-gaza.jpg?ve=1&amp;tl=1, https:\/\/a57.foxnews.com\/static.foxnews.com\/foxnews.com\/content\/uploads\/2025\/03\/686\/384\/israeli-tank-gaza.jpg?ve=1&amp;tl=1 2x\" height=\"192\" width=\"343\"><source media=\"(min-width: 768px) and (max-width: 1023px)\" srcset=\"https:\/\/a57.foxnews.com\/static.foxnews.com\/foxnews.com\/content\/uploads\/2025\/03\/672\/378\/israeli-tank-gaza.jpg?ve=1&amp;tl=1, https:\/\/a57.foxnews.com\/static.foxnews.com\/foxnews.com\/content\/uploads\/2025\/03\/1344\/756\/israeli-tank-gaza.jpg?ve=1&amp;tl=1 2x\" height=\"378\" width=\"672\"><source media=\"(min-width: 1024px) and (max-width: 1279px)\" srcset=\"https:\/\/a57.foxnews.com\/static.foxnews.com\/foxnews.com\/content\/uploads\/2025\/03\/931\/523\/israeli-tank-gaza.jpg?ve=1&amp;tl=1, https:\/\/a57.foxnews.com\/static.foxnews.com\/foxnews.com\/content\/uploads\/2025\/03\/1862\/1046\/israeli-tank-gaza.jpg?ve=1&amp;tl=1 2x\" height=\"523\" width=\"931\"><source media=\"(min-width: 1280px)\" srcset=\"https:\/\/a57.foxnews.com\/static.foxnews.com\/foxnews.com\/content\/uploads\/2025\/03\/720\/405\/israeli-tank-gaza.jpg?ve=1&amp;tl=1, https:\/\/a57.foxnews.com\/static.foxnews.com\/foxnews.com\/content\/uploads\/2025\/03\/1440\/810\/israeli-tank-gaza.jpg?ve=1&amp;tl=1 2x\" height=\"405\" width=\"720\"><img loading=\"lazy\" decoding=\"async\" src=\"https:\/\/a57.foxnews.com\/static.foxnews.com\/foxnews.com\/content\/uploads\/2025\/03\/1200\/675\/israeli-tank-gaza.jpg?ve=1&amp;tl=1\" alt=\"Tanque israel\u00ed cerca de la frontera con Gaza\" width=\"1200\" height=\"675\"\/><\/source><\/source><\/source><\/source><\/picture><\/div>\n<div class=\"info\">\n<div class=\"caption\">\n<p><span>Un tanque militar israel\u00ed ocupa una posici\u00f3n a lo largo de la frontera sur de Israel con la Franja del Norte de Gaza el 19 de marzo de 2025. El 18 de marzo, Israel, lanz\u00f3 sus huelgas m\u00e1s intensas en la Franja de Gaza desde un alto el fuego del 19 de enero con el grupo militante palestino Hamas termin\u00f3 m\u00e1s de 15 meses de guerra.<\/span> <span>(Jack Guez\/AFP a trav\u00e9s de Getty Images)<\/span><\/p>\n<\/div>\n<\/div>\n<\/div>\n<p><strong>Israel derriba misil bal\u00edstico hut\u00ed despu\u00e9s de que el alto el fuego se derrumba<\/strong><\/p>\n<p>Marmorstein reconoci\u00f3 que los palestinos estaban sufriendo, pero culp\u00f3 a Hamas por usar a los civiles de Gaza como \u00abescudos humanos\u00bb. Israel a menudo ha se\u00f1alado el uso de la infraestructura civil de Hamas, como los hospitales, en sus operaciones terroristas.<\/p>\n<p>Antes de los ataques a\u00e9reos, el portavoz de las FDI de los medios de comunicaci\u00f3n \u00e1rabes, el coronel Avichay Adraee emiti\u00f3 una advertencia a los Gazanes en \u00e1rabe. En el pasado, Israel tambi\u00e9n ha utilizado folletos \u00e1rabes y otros m\u00e9todos para advertir a los palestinos antes de sus operaciones.<\/p>\n<p>La traducci\u00f3n de las FDI de parte del mensaje de Adraee dice: \u00abPara su propia seguridad, mudarse a los refugios conocidos en la ciudad del oeste de Gaza y en la ciudad de Khan Yunis. Estarse en el \u00e1rea marcada en rojo puede poner en peligro a usted y a su familia\u00bb.<\/p>\n<p>Cuando se le pregunt\u00f3 sobre la declaraci\u00f3n de los rehenes y la falta de Families Forum pidiendo un regreso inmediato al alto el fuego, Marmorstein insisti\u00f3 en que reanudar las operaciones de guerra asegurar\u00eda la liberaci\u00f3n de los rehenes.<\/p>\n<p>\u00abSi desea que la liberaci\u00f3n de los rehenes, deb\u00eda entrar en esta operaci\u00f3n porque Hamas fue muy inflexible en su decisi\u00f3n de no aceptar ninguna oferta, cualquier oferta para extender el alto el fuego\u00bb, dijo Marmorstein.<\/p>\n<div class=\"image-ct inline\">\n<div class=\"m\"><picture><source media=\"(max-width: 767px)\" srcset=\"https:\/\/a57.foxnews.com\/static.foxnews.com\/foxnews.com\/content\/uploads\/2025\/03\/343\/192\/gaza-after-airstrike.jpg?ve=1&amp;tl=1, https:\/\/a57.foxnews.com\/static.foxnews.com\/foxnews.com\/content\/uploads\/2025\/03\/686\/384\/gaza-after-airstrike.jpg?ve=1&amp;tl=1 2x\" height=\"192\" width=\"343\"><source media=\"(min-width: 768px) and (max-width: 1023px)\" srcset=\"https:\/\/a57.foxnews.com\/static.foxnews.com\/foxnews.com\/content\/uploads\/2025\/03\/672\/378\/gaza-after-airstrike.jpg?ve=1&amp;tl=1, https:\/\/a57.foxnews.com\/static.foxnews.com\/foxnews.com\/content\/uploads\/2025\/03\/1344\/756\/gaza-after-airstrike.jpg?ve=1&amp;tl=1 2x\" height=\"378\" width=\"672\"><source media=\"(min-width: 1024px) and (max-width: 1279px)\" srcset=\"https:\/\/a57.foxnews.com\/static.foxnews.com\/foxnews.com\/content\/uploads\/2025\/03\/931\/523\/gaza-after-airstrike.jpg?ve=1&amp;tl=1, https:\/\/a57.foxnews.com\/static.foxnews.com\/foxnews.com\/content\/uploads\/2025\/03\/1862\/1046\/gaza-after-airstrike.jpg?ve=1&amp;tl=1 2x\" height=\"523\" width=\"931\"><source media=\"(min-width: 1280px)\" srcset=\"https:\/\/a57.foxnews.com\/static.foxnews.com\/foxnews.com\/content\/uploads\/2025\/03\/720\/405\/gaza-after-airstrike.jpg?ve=1&amp;tl=1, https:\/\/a57.foxnews.com\/static.foxnews.com\/foxnews.com\/content\/uploads\/2025\/03\/1440\/810\/gaza-after-airstrike.jpg?ve=1&amp;tl=1 2x\" height=\"405\" width=\"720\"><img loading=\"lazy\" decoding=\"async\" src=\"https:\/\/a57.foxnews.com\/static.foxnews.com\/foxnews.com\/content\/uploads\/2025\/03\/1200\/675\/gaza-after-airstrike.jpg?ve=1&amp;tl=1\" alt=\"Posterior del ataque a\u00e9reo israel\u00ed en Gaza\" width=\"1200\" height=\"675\"\/><\/source><\/source><\/source><\/source><\/picture><\/div>\n<div class=\"info\">\n<div class=\"caption\">\n<p><span>Los palestinos inspeccionan el sitio de una huelga israel\u00ed en un edificio residencial en la ciudad de Gaza, el 19 de marzo de 2025.<\/span> <span>(Reuters\/Dawoud ambos antojos)<\/span><\/p>\n<\/div>\n<\/div>\n<\/div>\n<p><strong>C\u00f3mo la guerra de Israel contra los terroristas de Hamas ser\u00e1 diferente bajo Trump<\/strong><\/p>\n<p>El enviado especial de Trump al Medio Oriente, Steve Witkoff, estaba tratando de hacer un \u00abcorredor\u00bb entre las fases una y dos del plan de alto el fuego, que habr\u00eda visto la liberaci\u00f3n de m\u00e1s rehenes, seg\u00fan Marmorstein. El funcionario israel\u00ed dijo que el estado jud\u00edo acept\u00f3 m\u00e1s de una propuesta de los Estados Unidos, mientras que Hamas las rechaz\u00f3.<\/p>\n<p>Marmorstein tambi\u00e9n dijo que Hamas \u00abret\u00f3rica\u00bb \u200b\u200ben la guerra \u00abno tiene nada que ver con la realidad\u00bb, y agreg\u00f3 que las declaraciones de los EE. UU. Indican una \u00abcomprensi\u00f3n clara de que Hamas\u00bb tiene la culpa. Adem\u00e1s, Marmorstein le dijo a Fox News Digital que Israel consult\u00f3 con los estadounidenses, algo que la secretaria de prensa de la Casa Blanca, Karoline Leavitt, dijo a \u00abHannity\u00bb a principios de esta semana.<\/p>\n<p>\u00abLa administraci\u00f3n Trump y la Casa Blanca fueron consultados por los israel\u00edes sobre sus ataques en Gaza esta noche\u00bb, dijo Leavitt a \u00abHannity\u00bb el lunes por la noche.<\/p>\n<div class=\"image-ct inline\">\n<div class=\"m\"><picture><source media=\"(max-width: 767px)\" srcset=\"https:\/\/a57.foxnews.com\/static.foxnews.com\/foxnews.com\/content\/uploads\/2025\/02\/343\/192\/ap25048397350092.jpg?ve=1&amp;tl=1, https:\/\/a57.foxnews.com\/static.foxnews.com\/foxnews.com\/content\/uploads\/2025\/02\/686\/384\/ap25048397350092.jpg?ve=1&amp;tl=1 2x\" height=\"192\" width=\"343\"><source media=\"(min-width: 768px) and (max-width: 1023px)\" srcset=\"https:\/\/a57.foxnews.com\/static.foxnews.com\/foxnews.com\/content\/uploads\/2025\/02\/672\/378\/ap25048397350092.jpg?ve=1&amp;tl=1, https:\/\/a57.foxnews.com\/static.foxnews.com\/foxnews.com\/content\/uploads\/2025\/02\/1344\/756\/ap25048397350092.jpg?ve=1&amp;tl=1 2x\" height=\"378\" width=\"672\"><source media=\"(min-width: 1024px) and (max-width: 1279px)\" srcset=\"https:\/\/a57.foxnews.com\/static.foxnews.com\/foxnews.com\/content\/uploads\/2025\/02\/931\/523\/ap25048397350092.jpg?ve=1&amp;tl=1, https:\/\/a57.foxnews.com\/static.foxnews.com\/foxnews.com\/content\/uploads\/2025\/02\/1862\/1046\/ap25048397350092.jpg?ve=1&amp;tl=1 2x\" height=\"523\" width=\"931\"><source media=\"(min-width: 1280px)\" srcset=\"https:\/\/a57.foxnews.com\/static.foxnews.com\/foxnews.com\/content\/uploads\/2025\/02\/720\/405\/ap25048397350092.jpg?ve=1&amp;tl=1, https:\/\/a57.foxnews.com\/static.foxnews.com\/foxnews.com\/content\/uploads\/2025\/02\/1440\/810\/ap25048397350092.jpg?ve=1&amp;tl=1 2x\" height=\"405\" width=\"720\"><img loading=\"lazy\" decoding=\"async\" src=\"https:\/\/a57.foxnews.com\/static.foxnews.com\/foxnews.com\/content\/uploads\/2025\/02\/1200\/675\/ap25048397350092.jpg?ve=1&amp;tl=1\" alt=\"Donald Trump organiza un prensador con Netanyahu\" width=\"1200\" height=\"675\"\/><\/source><\/source><\/source><\/source><\/picture><\/div>\n<div class=\"info\">\n<div class=\"caption\">\n<p><span>El presidente Donald Trump y el primer ministro israel\u00ed Benjamin Netanyahu hablan durante una conferencia de prensa en la sala este de la Casa Blanca, el martes 4 de febrero de 2025 en Washington, DC.<\/span> <span>(Alex Brandon\/AP)<\/span><\/p>\n<\/div>\n<\/div>\n<\/div>\n<p><strong><u>Haga clic para obtener la aplicaci\u00f3n Fox News<\/u><\/strong><\/p>\n<p>Cuando habl\u00f3 con Fox News Digital, Marmorstein ofreci\u00f3 grandes elogios a la administraci\u00f3n Trump, diciendo que Israel \u00abno puede esperar a un mejor amigo en los Estados Unidos\u00bb, dijo Marmorstein a Fox News Digital que la relaci\u00f3n entre Estados Unidos e Israel alcanz\u00f3 \u00abnuevos picos\u00bb con el presidente Donald Trump. Tambi\u00e9n dijo que Israel estaba \u00abagradecido\u00bb por el apoyo de Estados Unidos y Trump durante la guerra.<\/p>\n<p>Marmorstein expres\u00f3 su confianza en la capacidad de Israel para derrotar a Hamas y se hizo eco del mensaje del ex primer ministro israel\u00ed Golda Meir, quien dijo que el \u00abarma secreta\u00bb de Israel era que los jud\u00edos no ten\u00edan otro lugar a donde ir.<\/p>\n<p>\u00abEsta es la pelea que nos vimos obligados a pelear y lo ganaremos. Y puedo decirte, s\u00e9 que la ganaremos por una raz\u00f3n simple, ganaremos esta lucha contra Hamas y contra Houthis y contra cualquier otra organizaci\u00f3n terrorista, porque no tenemos otra opci\u00f3n\u00bb, dijo Marmorstein a Fox News Digital.<\/p>\n<p> <!----> <\/p>\n<div class=\"article-meta\">\n<div class=\"author-bio\">\n<p>Rachel Wolf es una escritora de noticias de Fox News Digital y Fox Business.<\/p>\n<\/div>\n<\/div>\n<\/div>\n\n","protected":false},"excerpt":{"rendered":"<p>El alto el fuego de Israel-Hamas termin\u00f3 el lunes cuando Israel anunci\u00f3 que reanudaba ataques a\u00e9reos en Gaza. Las Fuerzas de Defensa de Israel (FDI) escribieron en su cuenta X que estaba \u00abrealizando extensas huelgas sobre objetivos terroristas pertenecientes a la Organizaci\u00f3n Terrorista Hamas en la Franja de Gaza\u00bb. Israel se\u00f1al\u00f3 la repetida negativa de &hellip;<\/p>\n","protected":false},"author":1,"featured_media":19281,"comment_status":"open","ping_status":"open","sticky":false,"template":"","format":"standard","meta":{"fifu_image_url":"https:\/\/static.foxnews.com\/foxnews.com\/content\/uploads\/2025\/03\/israeli-tank-gaza.jpg","fifu_image_alt":"","footnotes":""},"categories":[13],"tags":[],"class_list":["post-19279","post","type-post","status-publish","format-standard","has-post-thumbnail","","category-mundo"],"_links":{"self":[{"href":"https:\/\/noticiasveraces.com\/index.php?rest_route=\/wp\/v2\/posts\/19279","targetHints":{"allow":["GET"]}}],"collection":[{"href":"https:\/\/noticiasveraces.com\/index.php?rest_route=\/wp\/v2\/posts"}],"about":[{"href":"https:\/\/noticiasveraces.com\/index.php?rest_route=\/wp\/v2\/types\/post"}],"author":[{"embeddable":true,"href":"https:\/\/noticiasveraces.com\/index.php?rest_route=\/wp\/v2\/users\/1"}],"replies":[{"embeddable":true,"href":"https:\/\/noticiasveraces.com\/index.php?rest_route=%2Fwp%2Fv2%2Fcomments&post=19279"}],"version-history":[{"count":0,"href":"https:\/\/noticiasveraces.com\/index.php?rest_route=\/wp\/v2\/posts\/19279\/revisions"}],"wp:featuredmedia":[{"embeddable":true,"href":"https:\/\/noticiasveraces.com\/index.php?rest_route=\/wp\/v2\/media\/19281"}],"wp:attachment":[{"href":"https:\/\/noticiasveraces.com\/index.php?rest_route=%2Fwp%2Fv2%2Fmedia&parent=19279"}],"wp:term":[{"taxonomy":"category","embeddable":true,"href":"https:\/\/noticiasveraces.com\/index.php?rest_route=%2Fwp%2Fv2%2Fcategories&post=19279"},{"taxonomy":"post_tag","embeddable":true,"href":"https:\/\/noticiasveraces.com\/index.php?rest_route=%2Fwp%2Fv2%2Ftags&post=19279"}],"curies":[{"name":"wp","href":"https:\/\/api.w.org\/{rel}","templated":true}]}}