{"id":19265,"date":"2025-03-19T05:21:13","date_gmt":"2025-03-19T09:21:13","guid":{"rendered":"https:\/\/noticiasveraces.com\/?p=19265"},"modified":"2025-03-19T05:21:13","modified_gmt":"2025-03-19T09:21:13","slug":"miles-salen-a-las-calles-despues-de-que-hungria-apruebe-la-nueva-ley-anti-lgbtq-que-prohibe-los-eventos-de-orgullo","status":"publish","type":"post","link":"https:\/\/noticiasveraces.com\/?p=19265","title":{"rendered":"Miles salen a las calles despu\u00e9s de que Hungr\u00eda apruebe la nueva ley anti-LGBTQ+ que proh\u00edbe los eventos de orgullo"},"content":{"rendered":"<p> \n<br \/><img decoding=\"async\" src=\"https:\/\/media-cldnry.s-nbcnews.com\/image\/upload\/t_fit_1500w\/rockcms\/2025-03\/250319-hungary-protest-mb-0852-a2648a.jpg\" \/><\/p>\n<div>\n<p class=\"body-graf\">En una declaraci\u00f3n el lunes despu\u00e9s de que los legisladores presentaron el proyecto de ley, los organizadores del orgullo de Budapest dijeron que el objetivo de la ley era \u00abchivo expiatorio\u00bb de la comunidad LGBTQ+ para silenciar las voces cr\u00edticas del gobierno de Orb\u00e1n.<\/p>\n<p class=\"body-graf\">\u00abEsto no es protecci\u00f3n infantil, esto es fascismo\u00bb, escribi\u00f3 los organizadores del evento, que atrae a miles cada a\u00f1o y celebra la historia del movimiento LGBTQ+ al tiempo que afirma los igualdad de derechos de la comunidad gay, lesbiana, bisexual y transg\u00e9nero.<\/p>\n<p class=\"body-graf\">Tras el pasaje de la ley el martes, el portavoz de Budapest Pride, Joj\u00f3 Majercsik, le dijo a Associated Press que, a pesar del esfuerzo de Orb\u00e1n para estigmatizar a las personas LGBTQ+, la organizaci\u00f3n hab\u00eda recibido una gran cantidad de apoyo desde que el l\u00edder h\u00fangaro insinu\u00f3 en febrero que su gobierno tomar\u00eda medidas para prohibir el evento.<\/p>\n<p class=\"body-graf\">\u00abMuchas, muchas personas han sido movilizadas\u00bb, dijo Majercsik. \u00abEs algo nuevo, en comparaci\u00f3n con los ataques de los \u00faltimos a\u00f1os, que hemos recibido muchos mensajes y comentarios de personas que dicen: &#8216;Hasta ahora no me he enorgullecido, no me import\u00f3, pero este a\u00f1o estar\u00e9 all\u00ed y traer\u00e9 a mi familia'\u00bb.<\/p>\n<h2 class=\"body-heading\">Represi\u00f3n del gobierno<\/h2>\n<p class=\"body-graf\">La nueva legislaci\u00f3n es el \u00faltimo paso contra las personas LGBTQ+ tomadas por Orb\u00e1n, cuyo gobierno ha aprobado otras leyes de que los grupos de derechos y otros pol\u00edticos europeos han denunciado como represivos contra las minor\u00edas sexuales.<\/p>\n<p class=\"body-graf\">En 2022, la Comisi\u00f3n Ejecutiva de la Uni\u00f3n Europea present\u00f3 un caso ante el tribunal m\u00e1s alto de la UE contra la ley de protecci\u00f3n infantil de 2021 de Hungr\u00eda. La Comisi\u00f3n Europea argument\u00f3 que la ley \u00abdiscrimina a las personas sobre la base de su orientaci\u00f3n sexual e identidad de g\u00e9nero\u00bb.<\/p>\n<p class=\"body-graf\">La ley de \u00abprotecci\u00f3n infantil\u00bb de Hungr\u00eda, adem\u00e1s de prohibir la \u00abrepresentaci\u00f3n o promoci\u00f3n\u00bb de la homosexualidad en el contenido disponible para los menores, incluso en televisi\u00f3n, pel\u00edculas, anuncios y literatura, tambi\u00e9n proh\u00edbe la menci\u00f3n de los problemas LGBTQ+ en los programas de educaci\u00f3n escolar, y proh\u00edbe la representaci\u00f3n p\u00fablica de \u00abg\u00e9nero desviado del sexo al nacer\u00bb.<\/p>\n<\/div>\n\n","protected":false},"excerpt":{"rendered":"<p>En una declaraci\u00f3n el lunes despu\u00e9s de que los legisladores presentaron el proyecto de ley, los organizadores del orgullo de Budapest dijeron que el objetivo de la ley era \u00abchivo expiatorio\u00bb de la comunidad LGBTQ+ para silenciar las voces cr\u00edticas del gobierno de Orb\u00e1n. \u00abEsto no es protecci\u00f3n infantil, esto es fascismo\u00bb, escribi\u00f3 los organizadores &hellip;<\/p>\n","protected":false},"author":1,"featured_media":19267,"comment_status":"open","ping_status":"open","sticky":false,"template":"","format":"standard","meta":{"fifu_image_url":"https:\/\/media-cldnry.s-nbcnews.com\/image\/upload\/t_nbcnews-fp-1200-630,f_auto,q_auto:best\/rockcms\/2025-03\/250319-hungary-protest-mb-0851-c19658.jpg","fifu_image_alt":"","footnotes":""},"categories":[4],"tags":[],"class_list":["post-19265","post","type-post","status-publish","format-standard","has-post-thumbnail","","category-historias-destacadas"],"_links":{"self":[{"href":"https:\/\/noticiasveraces.com\/index.php?rest_route=\/wp\/v2\/posts\/19265","targetHints":{"allow":["GET"]}}],"collection":[{"href":"https:\/\/noticiasveraces.com\/index.php?rest_route=\/wp\/v2\/posts"}],"about":[{"href":"https:\/\/noticiasveraces.com\/index.php?rest_route=\/wp\/v2\/types\/post"}],"author":[{"embeddable":true,"href":"https:\/\/noticiasveraces.com\/index.php?rest_route=\/wp\/v2\/users\/1"}],"replies":[{"embeddable":true,"href":"https:\/\/noticiasveraces.com\/index.php?rest_route=%2Fwp%2Fv2%2Fcomments&post=19265"}],"version-history":[{"count":0,"href":"https:\/\/noticiasveraces.com\/index.php?rest_route=\/wp\/v2\/posts\/19265\/revisions"}],"wp:featuredmedia":[{"embeddable":true,"href":"https:\/\/noticiasveraces.com\/index.php?rest_route=\/wp\/v2\/media\/19267"}],"wp:attachment":[{"href":"https:\/\/noticiasveraces.com\/index.php?rest_route=%2Fwp%2Fv2%2Fmedia&parent=19265"}],"wp:term":[{"taxonomy":"category","embeddable":true,"href":"https:\/\/noticiasveraces.com\/index.php?rest_route=%2Fwp%2Fv2%2Fcategories&post=19265"},{"taxonomy":"post_tag","embeddable":true,"href":"https:\/\/noticiasveraces.com\/index.php?rest_route=%2Fwp%2Fv2%2Ftags&post=19265"}],"curies":[{"name":"wp","href":"https:\/\/api.w.org\/{rel}","templated":true}]}}