{"id":19262,"date":"2025-03-19T05:12:28","date_gmt":"2025-03-19T09:12:28","guid":{"rendered":"https:\/\/noticiasveraces.com\/?p=19262"},"modified":"2025-03-19T05:12:28","modified_gmt":"2025-03-19T09:12:28","slug":"maradona-estaba-a-punto-de-explotar-yacia-en-un-somier-comun-y-no-tenia-desfibrilador","status":"publish","type":"post","link":"https:\/\/noticiasveraces.com\/?p=19262","title":{"rendered":"Maradona \u00abestaba a punto de explotar\u00bb, yac\u00eda en \u00abun somier com\u00fan\u00bb y \u00abno ten\u00eda desfibrilador\u00bb"},"content":{"rendered":"<p> \n<\/p>\n<div id=\"intext\">\n<p>El juicio por la muerte de <b>Diego Armando Maradona <\/b>el 25 de noviembre de 2020 contin\u00faa en Buenos Aires, donde <b>siete personas est\u00e1n acusadas<\/b> de un posible delito de homicidio simple con dolo eventual por las condiciones en las que falleci\u00f3 &#8216;El Pelusa&#8217;. En la jornada del mi\u00e9rcoles 18 de noviembre se escuch\u00f3 el testimonio de los cuatro polic\u00edas que el 25 de noviembre de 2020 constataron el fallecimiento de Maradona en el domicilio donde recib\u00eda cuidados m\u00e9dicos.<\/p>\n<p>Los agentes han confirmado que el astro argentino estaba \u00aba punto de explotar\u00bb por la hinchaz\u00f3n, yac\u00eda en \u00abun somier com\u00fan\u00bb y \u00abno ten\u00eda desfibrilador\u00bb. Unos duros testimonios que se suman a los de la familia del exjugador argentino, que hace unos d\u00edas explicaron que \u00ab<b>la casa era una pocilga, una mugre pocas veces vista<\/b>\u00ab.<\/p>\n<p>El oficial de polic\u00eda <b>Lucas Far\u00edas<\/b> y los comisarios <b>Lucas Rodrigo Borge, Carlos Carranza y Leonardo Mendoza<\/b> ofrecieron su testimonio ante los jueces del Tribunal Oral en lo Criminal N\u00b03 de San Isidro, en las afueras de Buenos Aires, durante la tercera audiencia de un medi\u00e1tico juicio y que acapara much\u00edsima atenci\u00f3n en Argentina.<\/p>\n<p>\u00abLo \u00fanico que recuerdo era que ten\u00eda la panza muy hinchada, una remera negra puesta y un short de Gimnasia y Esgrima de La Plata\u00bb, ha indicado Borge. El comisario cont\u00f3 que alrededor de las 13:00 horas del 25 de noviembre de 2020, el dia que muri\u00f3 Maradona, se le avis\u00f3 a trav\u00e9s de una llamada telef\u00f3nica que Diego se encontraba descompensado. En consecuencia, Borge dio aviso al oficial de polic\u00eda Far\u00edas para que se movilizara hasta la casa, quien minutos m\u00e1s tarde volvi\u00f3 a comunicarse con \u00e9l para dar cuenta del fallecimiento del astro argentino.<\/p>\n<p>\u00abCuando yo llegu\u00e9, cerca de las 14, ya no hab\u00eda nadie adentro de la casa\u00bb, se\u00f1al\u00f3 Borge y aclar\u00f3 que, en ese momento, Far\u00edas ya se hab\u00eda ocupado de conducir a familiares, m\u00e9dico personal y de limpieza hacia el jard\u00edn para preservar la habitaci\u00f3n donde muri\u00f3 Maradona.<\/p>\n<p>Borge record\u00f3 haber visto a Claudia Villafa\u00f1e, exesposa de Maradona, y dos de las imputadas, la psiquiatra Agustina Cosachov y la enfermera Gisela Dahiana Madrid, quien ser\u00e1 juzgada en un pr\u00f3ximo juicio. Ante la consulta del abogado querrellante, Fernando Burlando, el testigo dijo que donde yac\u00eda Maradona \u00abno era una cama hospitalaria, era un somier com\u00fan y corriente\u00bb y que \u00abno hab\u00eda desfibrilador\u00bb.<\/p>\n<h2 class=\"title-h2\">\u00abNo pens\u00e9 nunca encontrarme con esa imagen\u00bb<\/h2>\n<p>El <b>comisario Mendoza<\/b> explic\u00f3 haber participado del operativo desde afuera de la casa y, tras su declaraci\u00f3n, lleg\u00f3 el turno de Far\u00edas, el primer agente en entrar a la residencia donde muri\u00f3 Maradona.<\/p>\n<p>\u00abMe llam\u00f3 la atenci\u00f3n la posici\u00f3n cadav\u00e9rica, el abdomen muy inflado a punto de explotar, me sorprendi\u00f3 verlo as\u00ed a Maradona. No pens\u00e9 nunca encontrarme con esa imagen\u00bb, admiti\u00f3 Far\u00edas. El testimonio fue acompa\u00f1ado por una grabaci\u00f3n de 18 minutos realizada por el Ministerio P\u00fablico Fiscal, cuyas im\u00e1genes reflejaban lo descripto por Far\u00edas.<\/p>\n<p><b>Carlos Hugo Carranza<\/b>el \u00faltimo testigo de la jornada, tambi\u00e9n hizo hincapi\u00e9 en el estado que presentaba Maradona en el momento de su muerte.<\/p>\n<p>\u00abMe llam\u00f3 la atenci\u00f3n el abdomen del se\u00f1or Maradona, muy inflamado&#8230; Llamaba la atenci\u00f3n el volumen del abdomen\u201d, apunt\u00f3 Carranza. A su vez, describi\u00f3 el ba\u00f1o que estaba conectado a la habitaci\u00f3n de Maradona por un pasillo:\u00bbEra chico. Por lo que yo vi era el \u00fanico ba\u00f1o\u00bb.<\/p>\n<p>El juicio continuar\u00e1 el pr\u00f3ximo jueves con las declaraciones de Juan Carlos Pinto, m\u00e9dico de la empresa especializada en emergencias m\u00e9dicas; Vida, que realiz\u00f3 el certificado de defunci\u00f3n, y Collin Campbell, un m\u00e9dico, vecino del barrio cerrado San Andr\u00e9s, a qui\u00e9n le solicit\u00f3 asistencia ante la descompensaci\u00f3n de Maradona que desemboc\u00f3 en su muerte. Los Maximiliano Savarino, Ver\u00f3nica Di Tommaso y Julieta Makintach deber\u00e1n determinar si siete de los ocho acusados \u200b\u200bson culpables del delito de homicidio simple con dolo eventual, que tiene una pena m\u00e1xima de 25 a\u00f1os de prisi\u00f3n.<\/p>\n<p>Los siete acusados en el juicio por la muerte de Diego Armando Maradona son el neurocirujano Leopoldo Luque, la psiquiatra Agustina Cosachov, el psicoanalista Carlos D\u00edaz, la doctora y coordinadora de la empresa Swiss Medical, Nancy Forlini, el m\u00e9dico Pedro Di Spagna, el coordinador de enfermeros Mariano Perroni y el enfermero Ricardo Almir\u00f3n.<\/p>\n<p><i>S\u00edguenos en nuestro canal de WhatsApp y no te pierdas la \u00faltima hora y toda la actualidad de antena3noticias.com<\/i><\/p>\n<div class=\"recirculation-video\" data-mod=\"a3mod_recirculation_video\">\n<div class=\"recirculation-video-wrapper\">\n<div>\n<div class=\"video-wrapper\">\n  <picture class=\"video-main-picture\"><source media=\"(min-width: 481px)\" srcset=\"https:\/\/fotografias.antena3.com\/clipping\/cmsimages01\/2025\/03\/17\/9048A0E3-B753-4542-B748-435FCEA89568\/leo-messi-celebra-gol-atlanta-united_94.jpg?crop=2292,1289,x0,y0&amp;width=800&amp;height=450&amp;optimize=medium&amp;format=webply\" width=\"800\" height=\"450\"><source media=\"(min-width: 391px) and (max-width: 480px)\" srcset=\"https:\/\/fotografias.antena3.com\/clipping\/cmsimages01\/2025\/03\/17\/9048A0E3-B753-4542-B748-435FCEA89568\/leo-messi-celebra-gol-atlanta-united_70.jpg?crop=2292,1289,x0,y0&amp;width=480&amp;height=270&amp;optimize=high&amp;format=webply\" width=\"480\" height=\"270\"><source media=\"(min-width: 321px) and (max-width: 390px)\" srcset=\"https:\/\/fotografias.antena3.com\/clipping\/cmsimages01\/2025\/03\/17\/9048A0E3-B753-4542-B748-435FCEA89568\/leo-messi-celebra-gol-atlanta-united_92.jpg?crop=2292,1287,x0,y0&amp;width=390&amp;height=219&amp;optimize=high&amp;format=webply\" width=\"390\" height=\"219\"><source media=\"(max-width: 320px)\" srcset=\"https:\/\/fotografias.antena3.com\/clipping\/cmsimages01\/2025\/03\/17\/9048A0E3-B753-4542-B748-435FCEA89568\/leo-messi-celebra-gol-atlanta-united_52.jpg?crop=2292,1289,x0,y0&amp;width=320&amp;height=180&amp;optimize=high&amp;format=webply\" width=\"320\" height=\"180\"><img decoding=\"async\" title=\"Leo Messi celebra su gol ante Atlanta United\" alt=\"Leo Messi celebra su gol ante Atlanta United\" width=\"480\" height=\"270\" src=\"https:\/\/fotografias.antena3.com\/clipping\/cmsimages01\/2025\/03\/17\/9048A0E3-B753-4542-B748-435FCEA89568\/leo-messi-celebra-gol-atlanta-united_70.jpg?crop=2292,1289,x0,y0&amp;width=480&amp;height=270&amp;optimize=high&amp;format=webply\" loading=\"lazy\" class=\"lazy\"\/><br \/>\n  <\/source><\/source><\/source><\/source><\/picture>\n <\/div>\n<\/div><\/div>\n<\/p><\/div>\n<\/div>\n\n","protected":false},"excerpt":{"rendered":"<p>El juicio por la muerte de Diego Armando Maradona el 25 de noviembre de 2020 contin\u00faa en Buenos Aires, donde siete personas est\u00e1n acusadas de un posible delito de homicidio simple con dolo eventual por las condiciones en las que falleci\u00f3 &#8216;El Pelusa&#8217;. En la jornada del mi\u00e9rcoles 18 de noviembre se escuch\u00f3 el testimonio &hellip;<\/p>\n","protected":false},"author":1,"featured_media":19264,"comment_status":"open","ping_status":"open","sticky":false,"template":"","format":"standard","meta":{"fifu_image_url":"https:\/\/fotografias.antena3.com\/clipping\/cmsimages01\/2025\/03\/19\/C68B97C9-A700-4EA6-B130-B7D00AD23DBB\/fiscal-general-adjunto-tribunal-san-isidro-patricio-ferrari-muestra-imagen-cuerpo-maradona_69.jpg?crop=1920,1080,x0,y0&width=1280&height=720&optimize=low&format=jpg","fifu_image_alt":"","footnotes":""},"categories":[6],"tags":[],"class_list":["post-19262","post","type-post","status-publish","format-standard","has-post-thumbnail","","category-deportes"],"_links":{"self":[{"href":"https:\/\/noticiasveraces.com\/index.php?rest_route=\/wp\/v2\/posts\/19262","targetHints":{"allow":["GET"]}}],"collection":[{"href":"https:\/\/noticiasveraces.com\/index.php?rest_route=\/wp\/v2\/posts"}],"about":[{"href":"https:\/\/noticiasveraces.com\/index.php?rest_route=\/wp\/v2\/types\/post"}],"author":[{"embeddable":true,"href":"https:\/\/noticiasveraces.com\/index.php?rest_route=\/wp\/v2\/users\/1"}],"replies":[{"embeddable":true,"href":"https:\/\/noticiasveraces.com\/index.php?rest_route=%2Fwp%2Fv2%2Fcomments&post=19262"}],"version-history":[{"count":0,"href":"https:\/\/noticiasveraces.com\/index.php?rest_route=\/wp\/v2\/posts\/19262\/revisions"}],"wp:featuredmedia":[{"embeddable":true,"href":"https:\/\/noticiasveraces.com\/index.php?rest_route=\/wp\/v2\/media\/19264"}],"wp:attachment":[{"href":"https:\/\/noticiasveraces.com\/index.php?rest_route=%2Fwp%2Fv2%2Fmedia&parent=19262"}],"wp:term":[{"taxonomy":"category","embeddable":true,"href":"https:\/\/noticiasveraces.com\/index.php?rest_route=%2Fwp%2Fv2%2Fcategories&post=19262"},{"taxonomy":"post_tag","embeddable":true,"href":"https:\/\/noticiasveraces.com\/index.php?rest_route=%2Fwp%2Fv2%2Ftags&post=19262"}],"curies":[{"name":"wp","href":"https:\/\/api.w.org\/{rel}","templated":true}]}}