{"id":19257,"date":"2025-03-19T03:45:40","date_gmt":"2025-03-19T07:45:40","guid":{"rendered":"https:\/\/noticiasveraces.com\/?p=19257"},"modified":"2025-03-19T03:45:40","modified_gmt":"2025-03-19T07:45:40","slug":"policia-de-turquia-allana-casa-del-alcalde-de-estambul-dw-19-03-2025","status":"publish","type":"post","link":"https:\/\/noticiasveraces.com\/?p=19257","title":{"rendered":"Polic\u00eda de Turqu\u00eda allana casa del alcalde de Estambul \u2013 DW \u2013 19\/03\/2025"},"content":{"rendered":"<p> \n<\/p>\n<div>\n<p>La Polic\u00eda de Turqu\u00eda lanz\u00f3 este mi\u00e9rcoles (19.03.2025) una amplia redada en la que registr\u00f3 la casa del alcalde de Estambul, Ekrem Imamoglu, y detuvo a varios de sus colaboradores.<\/p>\n<p>Imamoglu es el probable rival del presidente de Turqu\u00eda, Recep Tayyip Erdogan, en las pr\u00f3ximas elecciones presidenciales y es investigado por su supuesta \u00abvinculaci\u00f3n a grupos terroristas\u201d.<\/p>\n<p>Un gran n\u00famero de agentes se desplegaron en la casa de Imamoglu y, seg\u00fan la cadena NTV, se emiti\u00f3 una orden de arresto en su contra.<\/p>\n<p>Seg\u00fan los medios locales, las autoridades habr\u00edan emitido la orden de arresto contra Imamoglu en el marco de una investigaci\u00f3n por supuesta \u00abvinculaci\u00f3n a grupos terroristas\u00bb.<\/p>\n<p>La Fiscal\u00eda de Estambul abri\u00f3 en los \u00faltimos meses varias investigaciones contra el alcalde de la ciudad.<\/p>\n<p>Imamoglu es el \u00fanico candidato designado del partido socialdem\u00f3crata CHP, el mayor de la oposici\u00f3n, en las pr\u00f3ximas elecciones presidenciales, previstas para 2028, aunque podr\u00edan adelantarse.<\/p>\n<p>MG (Efe, Reuters)<\/p>\n<\/p>\n<\/div>\n\n","protected":false},"excerpt":{"rendered":"<p>La Polic\u00eda de Turqu\u00eda lanz\u00f3 este mi\u00e9rcoles (19.03.2025) una amplia redada en la que registr\u00f3 la casa del alcalde de Estambul, Ekrem Imamoglu, y detuvo a varios de sus colaboradores. Imamoglu es el probable rival del presidente de Turqu\u00eda, Recep Tayyip Erdogan, en las pr\u00f3ximas elecciones presidenciales y es investigado por su supuesta \u00abvinculaci\u00f3n a &hellip;<\/p>\n","protected":false},"author":1,"featured_media":19258,"comment_status":"open","ping_status":"open","sticky":false,"template":"","format":"standard","meta":{"fifu_image_url":"https:\/\/static.dw.com\/image\/71421860_6.jpg","fifu_image_alt":"","footnotes":""},"categories":[13],"tags":[],"class_list":["post-19257","post","type-post","status-publish","format-standard","has-post-thumbnail","","category-mundo"],"_links":{"self":[{"href":"https:\/\/noticiasveraces.com\/index.php?rest_route=\/wp\/v2\/posts\/19257","targetHints":{"allow":["GET"]}}],"collection":[{"href":"https:\/\/noticiasveraces.com\/index.php?rest_route=\/wp\/v2\/posts"}],"about":[{"href":"https:\/\/noticiasveraces.com\/index.php?rest_route=\/wp\/v2\/types\/post"}],"author":[{"embeddable":true,"href":"https:\/\/noticiasveraces.com\/index.php?rest_route=\/wp\/v2\/users\/1"}],"replies":[{"embeddable":true,"href":"https:\/\/noticiasveraces.com\/index.php?rest_route=%2Fwp%2Fv2%2Fcomments&post=19257"}],"version-history":[{"count":0,"href":"https:\/\/noticiasveraces.com\/index.php?rest_route=\/wp\/v2\/posts\/19257\/revisions"}],"wp:featuredmedia":[{"embeddable":true,"href":"https:\/\/noticiasveraces.com\/index.php?rest_route=\/wp\/v2\/media\/19258"}],"wp:attachment":[{"href":"https:\/\/noticiasveraces.com\/index.php?rest_route=%2Fwp%2Fv2%2Fmedia&parent=19257"}],"wp:term":[{"taxonomy":"category","embeddable":true,"href":"https:\/\/noticiasveraces.com\/index.php?rest_route=%2Fwp%2Fv2%2Fcategories&post=19257"},{"taxonomy":"post_tag","embeddable":true,"href":"https:\/\/noticiasveraces.com\/index.php?rest_route=%2Fwp%2Fv2%2Ftags&post=19257"}],"curies":[{"name":"wp","href":"https:\/\/api.w.org\/{rel}","templated":true}]}}