{"id":19234,"date":"2025-03-18T23:41:17","date_gmt":"2025-03-19T03:41:17","guid":{"rendered":"https:\/\/noticiasveraces.com\/?p=19234"},"modified":"2025-03-18T23:41:17","modified_gmt":"2025-03-19T03:41:17","slug":"alemania-proponi-a-baerbock-para-presidir-la-un-dw-18-03-2025","status":"publish","type":"post","link":"https:\/\/noticiasveraces.com\/?p=19234","title":{"rendered":"Alemania proponi a Baerbock para presidir La UN &#8211; DW &#8211; 18\/03\/2025"},"content":{"rendered":"<p> \n<\/p>\n<div>\n<p>La ministra saliente de Asuntos Exteriores de Alemania, Annalena Baerbock, ser\u00e1 propuesta como aspirante a la presidencia de la Asamblea General de la ONU cuando deje de ser la jefa de la diplomacia germana, informaron este martes (18.03.2025) los medios del pa\u00eds centroeuropeo.<\/p>\n<p>Seg\u00fan inform\u00f3 el diario &#8216;S\u00fcddeutsche Zeitung&#8217;, que cit\u00f3 fuentes del Gobierno alem\u00e1n, Baerbock tiene previsto ponerse al servicio de la ONU una vez que ceda su cargo al nuevo Ejecutivo germano, cuya formaci\u00f3n negocian actualmente la Uni\u00f3n Cristianodem\u00f3crata (CDU) y la Uni\u00f3n Socialcristiana (CSU) de Baviera con el Partido Socialdem\u00f3crata de Alemania (SPD).<\/p>\n<p>\u00abLa votaci\u00f3n en Nueva York se considera una formalidad, pues Alemania ya se ha asegurado el puesto por un a\u00f1o\u00bb, se\u00f1al\u00f3 el diario, seg\u00fan el cual el Gobierno tiene previsto tomar la decisi\u00f3n sobre el futuro de Baerbock pr\u00f3ximamente.<\/p>\n<p><strong>A partir de septiembre<\/strong><\/p>\n<p>En la ONU, Baerbock abrir\u00e1 la 80\u00aa Asamblea General el pr\u00f3ximo mes de septiembre, seg\u00fan avanz\u00f3 el &#8216;S\u00fcddeutsche Zeitung&#8217;. Baerbock, de 44 a\u00f1os, hab\u00eda descartado ocupar todo cargo de responsabilidad en su partido, Los Verdes, tras los decepcionantes resultados de los ecologistas en las pasadas elecciones generales.<\/p>\n<p>En esa cita con las urnas, Los Verdes quedaron como cuarta fuerza pol\u00edtica, con un 11,6 % de los votos, un resultado peor que el 14,7 % cosechado en las anteriores elecciones generales de 2021.<\/p>\n<p>La CDU\/CSU se impuso en esas elecciones con un 28,6 % de los votos, por delante de la ultraderechista Alternativa para Alemania (AfD, 20,8 %) y el SPD (16,4 %).<\/p>\n<p>CT (EFE, NTV)<\/p>\n<\/div>\n\n","protected":false},"excerpt":{"rendered":"<p>La ministra saliente de Asuntos Exteriores de Alemania, Annalena Baerbock, ser\u00e1 propuesta como aspirante a la presidencia de la Asamblea General de la ONU cuando deje de ser la jefa de la diplomacia germana, informaron este martes (18.03.2025) los medios del pa\u00eds centroeuropeo. Seg\u00fan inform\u00f3 el diario &#8216;S\u00fcddeutsche Zeitung&#8217;, que cit\u00f3 fuentes del Gobierno alem\u00e1n, &hellip;<\/p>\n","protected":false},"author":1,"featured_media":19235,"comment_status":"open","ping_status":"open","sticky":false,"template":"","format":"standard","meta":{"fifu_image_url":"https:\/\/static.dw.com\/image\/71589499_6.jpg","fifu_image_alt":"","footnotes":""},"categories":[13],"tags":[],"class_list":["post-19234","post","type-post","status-publish","format-standard","has-post-thumbnail","","category-mundo"],"_links":{"self":[{"href":"https:\/\/noticiasveraces.com\/index.php?rest_route=\/wp\/v2\/posts\/19234","targetHints":{"allow":["GET"]}}],"collection":[{"href":"https:\/\/noticiasveraces.com\/index.php?rest_route=\/wp\/v2\/posts"}],"about":[{"href":"https:\/\/noticiasveraces.com\/index.php?rest_route=\/wp\/v2\/types\/post"}],"author":[{"embeddable":true,"href":"https:\/\/noticiasveraces.com\/index.php?rest_route=\/wp\/v2\/users\/1"}],"replies":[{"embeddable":true,"href":"https:\/\/noticiasveraces.com\/index.php?rest_route=%2Fwp%2Fv2%2Fcomments&post=19234"}],"version-history":[{"count":0,"href":"https:\/\/noticiasveraces.com\/index.php?rest_route=\/wp\/v2\/posts\/19234\/revisions"}],"wp:featuredmedia":[{"embeddable":true,"href":"https:\/\/noticiasveraces.com\/index.php?rest_route=\/wp\/v2\/media\/19235"}],"wp:attachment":[{"href":"https:\/\/noticiasveraces.com\/index.php?rest_route=%2Fwp%2Fv2%2Fmedia&parent=19234"}],"wp:term":[{"taxonomy":"category","embeddable":true,"href":"https:\/\/noticiasveraces.com\/index.php?rest_route=%2Fwp%2Fv2%2Fcategories&post=19234"},{"taxonomy":"post_tag","embeddable":true,"href":"https:\/\/noticiasveraces.com\/index.php?rest_route=%2Fwp%2Fv2%2Ftags&post=19234"}],"curies":[{"name":"wp","href":"https:\/\/api.w.org\/{rel}","templated":true}]}}