{"id":19229,"date":"2025-03-18T23:24:25","date_gmt":"2025-03-19T03:24:25","guid":{"rendered":"https:\/\/noticiasveraces.com\/?p=19229"},"modified":"2025-03-18T23:24:25","modified_gmt":"2025-03-19T03:24:25","slug":"celeste-saulo-secretaria-general-de-la-omm-los-indicadores-del-calentamiento-son-alarmantes-clima-y-medio-ambiente","status":"publish","type":"post","link":"https:\/\/noticiasveraces.com\/?p=19229","title":{"rendered":"Celeste Saulo, secretaria general de la OMM: \u201cLos indicadores del calentamiento son alarmantes\u201d | Clima y Medio Ambiente"},"content":{"rendered":"<p> \n<br \/><img decoding=\"async\" src=\"https:\/\/imagenes.elpais.com\/resizer\/v2\/XJ6DJPVFA5EFXN3OLDDPNEPKLY.jpg?auth=28fe28cc5d258ee964e7461b5a88d878d6e37c972f741705fc17940588e2e797\" \/><\/p>\n<div data-dtm-region=\"articulo_cuerpo\">\n<p class=\"\">La Organizaci\u00f3n Meteorol\u00f3gica Mundial (OMM) presenta este mi\u00e9rcoles su informe sobre el estado del clima mundial de 2024, donde repasa todos los indicadores de una crisis clim\u00e1tica que se siente en todo el planeta. Su secretaria general, Celeste Saulo (Buenos Aires, 60 a\u00f1os), repasa en esta entrevista por videoconferencia los principales resultados de este estudio, en el que se resalta que 2024 fue el a\u00f1o m\u00e1s c\u00e1lido registrado hasta ahora. Pero, adem\u00e1s, el informe repasa los impactos crecientes que el calentamiento global est\u00e1 teniendo en el planeta. En este contexto en el que se multiplican las evidencias, el populismo negacionista avanza en el mundo de la mano de personajes como Donald Trump o Javier Milei.<\/p>\n<p class=\"\"><b>Pregunta.<\/b> 2024 fue un a\u00f1o de calor r\u00e9cord, y tambi\u00e9n fue un a\u00f1o r\u00e9cord en cuanto a la concentraci\u00f3n en la atm\u00f3sfera de los gases de efecto invernadero. \u00bfEs posible desligar ambos asuntos?<\/p>\n<p class=\"\"><b>Respuesta.<\/b> La ciencia nos ha demostrado claramente que los gases de efecto invernadero son los grandes responsables del calentamiento global que estamos viendo. Y existe una documentaci\u00f3n precisa y robusta al respecto: lamentablemente, es la acci\u00f3n humana la que causa este calentamiento.<\/p>\n<p class=\"\"><b>PAG. <\/b>Sin embargo, hay voces que todav\u00eda desvinculan ambos asuntos.<\/p>\n<p class=\"\"><b>R.<\/b> S\u00ed, pero como organizaci\u00f3n de base cient\u00edfica y tecnol\u00f3gica, la OMM se basa en datos, en evidencias cient\u00edficas y en trabajos publicados en todo el mundo. El IPCC, que es el que hace las evaluaciones, fue muy contundente al respecto. Siempre puede haber voces disidentes, pero son voces aisladas. El consenso cient\u00edfico est\u00e1 claro y nosotros como organizaci\u00f3n nos colocamos del lado del consenso cient\u00edfico.<\/p>\n<p class=\"\"><b>PAG.<\/b> Es decir, no es algo pol\u00edtico, sino ciencia lo que se muestra en este informe que presentan.<\/p>\n<p class=\"\"><b>R.<\/b> S\u00ed, totalmente. La ciencia nos ha provisto de muchos instrumentos para una mejor vida, para entender mejor el planeta donde vivimos. Y en este caso particular, la ciencia nos est\u00e1 advirtiendo sobre lo que est\u00e1 pasando con el clima a partir de estos monitoreos que nosotros coordinamos a nivel global, pero que realizan los pa\u00edses. Esto es algo que hay que destacar: son datos de los pa\u00edses, son datos generados por los propios servicios meteorol\u00f3gicos e hidrol\u00f3gicos de todos los pa\u00edses los que se emplean para hacer esta evaluaci\u00f3n.<\/p>\n<p class=\"\"><b>PAG.<\/b> \u00bfEl r\u00e9cord de 2024 de calor es una excepci\u00f3n o forma parte de una tendencia?<\/p>\n<p class=\"\"><b>R.<\/b> Lamentablemente, es una tendencia. Desde los a\u00f1os sesenta a esta parte la tendencia es claramente a generar anomal\u00edas de temperatura, que est\u00e1n creciendo. En nuestro informe destacamos que en los \u00faltimos diez a\u00f1os todos fueron individualmente m\u00e1ximos relativos de temperatura.<\/p>\n<p class=\"\"><b>PAG.<\/b> Pero en el informe tambi\u00e9n se apuntan algunos factores que han podido influir en lo extraordinario de 2023 y de 2024 adem\u00e1s de los gases de efecto invernadero, que son el principal elemento de calentamiento.<\/p>\n<p class=\"\"><b>R.<\/b> Exactamente, nosotros siempre hablamos de la variabilidad clim\u00e1tica porque es una realidad y es algo sobre lo que OMM trabaja mucho tambi\u00e9n. Uno de los grandes forzadores de la variabilidad clim\u00e1tica es el fen\u00f3meno de <i>El Ni\u00f1o<\/i> y, claro, cuando <i>El Ni\u00f1o<\/i> est\u00e1 activo suelen registrarse temperaturas m\u00e1s altas, principalmente en el hemisferio norte.<\/p>\n<p class=\"\"><b>PAG.<\/b> \u00bfY este 2025 puede marcar otro r\u00e9cord sin la presencia de <i>El Ni\u00f1o<\/i>?<\/p>\n<p class=\"\"><b>R.<\/b> En principio, los expertos se\u00f1alan que no se deber\u00eda esperar un r\u00e9cord, pero el sistema est\u00e1 inmerso en una tendencia de calentamiento. En cualquier caso, los r\u00e9cords son como las llamadas de atenci\u00f3n, son como las sirenas. La tendencia es la preocupaci\u00f3n de fondo, que es importante destacar. Creo que 2024 funciona como una sirena.<\/p>\n<p class=\"\"><b>PAG.<\/b> Porque el cambio clim\u00e1tico es mucho m\u00e1s que r\u00e9cords de temperaturas medias, \u00bfno?<\/p>\n<p class=\"\"><b>R.<\/b> Por supuesto, y lo se\u00f1alamos en nuestro reporte. Hay muchos indicadores y todos ellos, absolutamente todos los indicadores, son preocupantes. Los que marcan el estado de los oc\u00e9anos, ya sea por la altura del nivel del mar como por el contenido de calor en el mar, o como la acidificaci\u00f3n del agua. O el derretimiento de los glaciares, como la superficie de los hielos en el \u00c1rtico y en el Ant\u00e1rtico. O la cantidad de eventos extremos\u2026 Estamos midiendo muchos indicadores y no es un hecho aislado, porque todos apuntan en una misma direcci\u00f3n y responden a un mismo fen\u00f3meno f\u00edsico, que es el del calentamiento, el calentamiento sostenido provocado por los gases de efecto invernadero.<\/p>\n<p class=\"\"><b>PAG.<\/b> Se mire donde se mire, el cambio clim\u00e1tico muestra su cara.<\/p>\n<p class=\"\"><b>R.<\/b> Exactamente. Tambi\u00e9n sabemos que hay indicadores que son m\u00e1s preocupantes que otros, como el caso del aumento del nivel del mar para los peque\u00f1os estados insulares. O como la acidificaci\u00f3n de los oc\u00e9anos cuando hablamos de los ecosistemas. O como las olas de calor cuando hablamos de la salud.<\/p>\n<p class=\"\"><b>PAG.<\/b> \u00bfEstamos en el momento en el que m\u00e1s claras son las se\u00f1ales del cambio clim\u00e1tico?<\/p>\n<p class=\"\"><b>R. <\/b>Totalmente. Es un poco dif\u00edcil explicarle a cualquier persona qu\u00e9 significa una anomal\u00eda de 1,55 grados de temperatura por encima de los niveles preindustriales. La mayor\u00eda va a decir: \u00bfeso qu\u00e9 es? Por eso en nuestro reporte se documentan los eventos extremos. Eso es lo que la gente siente. Eso lo experimentan los pa\u00edses menos desarrollados y los m\u00e1s desarrollados, aunque con consecuencias distintas debido a la capacidad de respuesta y de recuperaci\u00f3n. Lo que se busca en el informe es relacionar una variable un poco abstracta con hechos concretos de la realidad que afectaron absolutamente a todo el planeta. No hay un solo lugar del planeta, ning\u00fan continente, donde se puede decir aqu\u00ed no pas\u00f3 nada. Desde la Ant\u00e1rtida hasta Am\u00e9rica del Norte, hasta en los peque\u00f1os estados insulares en el Pac\u00edfico\u2026 Absolutamente todos fueron impactados por alg\u00fan evento extremo extraordinario para lo que son sus r\u00e9cords oficiales.<\/p>\n<p class=\"\"><b>PAG.<\/b> \u00bfNo le parece dif\u00edcil de entender que en este contexto se est\u00e9 dando un avance del populismo negacionista en el mundo?<\/p>\n<p class=\"\"><b>R.<\/b> S\u00ed, la realidad es que es dif\u00edcil de entender. Pero no le toca a la OMM meterse en ese terreno. Le toca mostrar las evidencias, y ese es el rol que seguiremos asumiendo y que ha asumido hist\u00f3ricamente.<\/p>\n<p class=\"\"><b>PAG. <\/b>Recalca que los datos provienen de los pa\u00edses, de los servicios meteorol\u00f3gicos nacionales. \u00bfLe preocupa que con la vuelta de Trump a la Casa Blanca pueda haber un corte de informaci\u00f3n desde las agencias federales a la OMM?<\/p>\n<p class=\"\"><b>PAG.<\/b> Espero que eso no suceda. La OMM est\u00e1 conmemorando este a\u00f1o los 75 a\u00f1os dentro del sistema de la ONU, pero ya tenemos 152 a\u00f1os como organizaci\u00f3n. \u00bfY c\u00f3mo algo ha sobrevivido 152 a\u00f1os? Por el entendimiento de los pa\u00edses de la importancia de compartir los datos meteorol\u00f3gicos. Porque el tiempo y el clima no entienden de fronteras geogr\u00e1ficas. Los fen\u00f3menos asociados a la circulaci\u00f3n de aire se mueven. Y hubo un entendimiento muy temprano, 152 a\u00f1os atr\u00e1s, en que si no se compart\u00eda la informaci\u00f3n era una desventaja para los pa\u00edses. Por ejemplo, yo vengo de Argentina, y un frente fr\u00edo que empieza afectando a Chile, en alg\u00fan momento va a afectar a Argentina, y r\u00e1pidamente a Uruguay, y va a llegar a Brasil. Y si no hay un sistema de intercambio de datos uno se queda muy expuesto y realmente sin las posibilidades de poder prevenir, proteger a la poblaci\u00f3n y tomar las acciones. La idea de intercambiar la informaci\u00f3n es muy antigua, y sobrevivi\u00f3 a todo tipo de situaciones y crisis globales.<\/p>\n<p class=\"\"><b>PAG. <\/b>El presidente Javier Milei, adem\u00e1s de mostrarse esc\u00e9ptico respecto al cambio clim\u00e1tico, retir\u00f3 a la delegaci\u00f3n de Argentina en la \u00faltima cumbre del clima. \u00bfQu\u00e9 opini\u00f3n le merece aquel paso?<\/p>\n<p class=\"\"><b>R.<\/b> Son decisiones soberanas del pa\u00eds que espero que puedan reflexionarse a la luz de lo que ocurre. Por ejemplo, Argentina sufri\u00f3 hace muy poquito unas inundaciones terribles en la ciudad de Bah\u00eda Blanca, fallecieron 16 personas. Est\u00e1 recogido en los estudios de colegas argentinos y del mundo entero que algunos sectores del centro y el este de Argentina son m\u00e1s vulnerables al cambio clim\u00e1tico. Y esto se inscribe ah\u00ed. Espero que llegue la informaci\u00f3n a los niveles que tiene que llegar para que el pa\u00eds est\u00e9 mejor preparado. Los pa\u00edses que mejor se preparen van a ser aquellos que tengan posibilidades de incluso encontrar oportunidades en un clima cambiante. Y negar la posibilidad de prepararse me parece que no ayuda.<\/p>\n<p class=\"\"><b>PAG. <\/b>En 2024 se super\u00f3 por primera vez en un a\u00f1o oficial la barrera de los 1,5 grados de calentamiento respecto al nivel preindustrial. \u00bfPodemos considerar ya que se ha incumplido el Acuerdo del Par\u00eds?<\/p>\n<p class=\"\"><b>PAG. <\/b>No, porque el Acuerdo de Par\u00eds toma como punto de referencia promedios de temperatura de 20 a\u00f1os. Un a\u00f1o no hace al promedio de 20. Pero lo que hace es encender las sirenas en una tendencia que se mueve hacia arriba irreversiblemente.<\/p>\n<p class=\"\"><b>PAG. <\/b>\u00bfCon qu\u00e9 mensajes se deber\u00eda quedar la sociedad del informe sobre el estado del clima mundial de 2024?<\/p>\n<p class=\"\"><b>R.<\/b> Creo que tenemos que quedarnos con la idea de que los indicadores son alarmantes, porque todos ellos de manera consistente marcan un agravamiento; ya sea de la emisi\u00f3n de los gases de efecto de invernadero, del derretimiento de los glaciares, del aumento de temperatura, de la cantidad de eventos extremos. Pero, adem\u00e1s, todos esos indicadores de la f\u00edsica del clima se traducen en impactos sobre las personas, sobre las sociedades. Esta traducci\u00f3n sobre los impactos tiene que ver con la salud, la seguridad alimentaria, el acceso al agua, todo tipo de problemas relacionados con el desarrollo y el bienestar. Tenemos que hacer esa conexi\u00f3n entre lo que pasa en un sistema f\u00edsico como es el clima, y lo que nos pasa a nosotros como individuos que vivimos en una sociedad globalizada.<\/p>\n<\/div>\n\n","protected":false},"excerpt":{"rendered":"<p>La Organizaci\u00f3n Meteorol\u00f3gica Mundial (OMM) presenta este mi\u00e9rcoles su informe sobre el estado del clima mundial de 2024, donde repasa todos los indicadores de una crisis clim\u00e1tica que se siente en todo el planeta. Su secretaria general, Celeste Saulo (Buenos Aires, 60 a\u00f1os), repasa en esta entrevista por videoconferencia los principales resultados de este estudio, &hellip;<\/p>\n","protected":false},"author":1,"featured_media":19231,"comment_status":"open","ping_status":"open","sticky":false,"template":"","format":"standard","meta":{"fifu_image_url":"https:\/\/imagenes.elpais.com\/resizer\/v2\/XJ6DJPVFA5EFXN3OLDDPNEPKLY.jpg?auth=28fe28cc5d258ee964e7461b5a88d878d6e37c972f741705fc17940588e2e797&width=1200","fifu_image_alt":"","footnotes":""},"categories":[11],"tags":[],"class_list":["post-19229","post","type-post","status-publish","format-standard","has-post-thumbnail","","category-viaje"],"_links":{"self":[{"href":"https:\/\/noticiasveraces.com\/index.php?rest_route=\/wp\/v2\/posts\/19229","targetHints":{"allow":["GET"]}}],"collection":[{"href":"https:\/\/noticiasveraces.com\/index.php?rest_route=\/wp\/v2\/posts"}],"about":[{"href":"https:\/\/noticiasveraces.com\/index.php?rest_route=\/wp\/v2\/types\/post"}],"author":[{"embeddable":true,"href":"https:\/\/noticiasveraces.com\/index.php?rest_route=\/wp\/v2\/users\/1"}],"replies":[{"embeddable":true,"href":"https:\/\/noticiasveraces.com\/index.php?rest_route=%2Fwp%2Fv2%2Fcomments&post=19229"}],"version-history":[{"count":0,"href":"https:\/\/noticiasveraces.com\/index.php?rest_route=\/wp\/v2\/posts\/19229\/revisions"}],"wp:featuredmedia":[{"embeddable":true,"href":"https:\/\/noticiasveraces.com\/index.php?rest_route=\/wp\/v2\/media\/19231"}],"wp:attachment":[{"href":"https:\/\/noticiasveraces.com\/index.php?rest_route=%2Fwp%2Fv2%2Fmedia&parent=19229"}],"wp:term":[{"taxonomy":"category","embeddable":true,"href":"https:\/\/noticiasveraces.com\/index.php?rest_route=%2Fwp%2Fv2%2Fcategories&post=19229"},{"taxonomy":"post_tag","embeddable":true,"href":"https:\/\/noticiasveraces.com\/index.php?rest_route=%2Fwp%2Fv2%2Ftags&post=19229"}],"curies":[{"name":"wp","href":"https:\/\/api.w.org\/{rel}","templated":true}]}}