{"id":19226,"date":"2025-03-18T23:20:21","date_gmt":"2025-03-19T03:20:21","guid":{"rendered":"https:\/\/noticiasveraces.com\/?p=19226"},"modified":"2025-03-18T23:20:21","modified_gmt":"2025-03-19T03:20:21","slug":"las-familias-de-los-venezolanos-deportados-estan-angustiados-sus-seres-queridos-fueron-enviados-a-el-salvador","status":"publish","type":"post","link":"https:\/\/noticiasveraces.com\/?p=19226","title":{"rendered":"Las familias de los venezolanos deportados est\u00e1n angustiados. Sus seres queridos fueron enviados a El Salvador"},"content":{"rendered":"<p> \n<\/p>\n<div>\n<p class=\"body-graf\">Los familiares de los inmigrantes venezolanos recientemente deportados dijeron que estaban angustiados y sorprendidos al descubrir que sus seres queridos fueron enviados a una notoria mega prisi\u00f3n en El Salvador despu\u00e9s de que los reconocieron en un video de redes sociales. <\/p>\n<p class=\"body-graf\">Las familias niegan firmemente que sus familiares est\u00e9n conectados con la pandilla venezolana conocida como Tren de Aragua, un reclamo que la administraci\u00f3n Trump ha utilizado para justificar sus deportaciones r\u00e1pidas bajo una ley raramente usada de 1798, la Ley de Enemigos Alien. Dicen que sus miembros de su familia han sido acusados \u200b\u200by atacados falsamente debido a sus tatuajes. <\/p>\n<p class=\"body-graf\">Las familias tambi\u00e9n dijeron que nunca esperaron que sus seres queridos fueran enviados a una prisi\u00f3n masiva en El Salvador en lugar de su pa\u00eds de origen, Venezuela.<\/p>\n<p class=\"body-graf\">La Casa Blanca dijo en un comunicado el martes que era \u00abconfiado en las evaluaciones de inteligencia del DHS sobre estas afiliaciones de pandillas y criminalidad\u00bb, y agreg\u00f3 que los inmigrantes venezolanos que fueron retirados de los Estados Unidos ten\u00edan \u00f3rdenes finales de deportaci\u00f3n.<\/p>\n<p class=\"body-graf\">\u00abEsta administraci\u00f3n no va a ignorar el estado de derecho\u00bb, dijo el comunicado.<\/p>\n<figure class=\"styles_inlineImage__FvnTh styles_medium__MEKii\"><picture class=\"styles_image__i32F7\" data-testid=\"picture\"><source media=\"(min-width: 1000px)\" srcset=\"https:\/\/media-cldnry.s-nbcnews.com\/image\/upload\/t_fit-560w,f_avif,q_auto:eco,dpr_2\/rockcms\/2025-03\/250318-mervin-ch-1414-bed377.jpg 2x, https:\/\/media-cldnry.s-nbcnews.com\/image\/upload\/t_fit-560w,f_auto,q_auto:best\/rockcms\/2025-03\/250318-mervin-ch-1414-bed377.jpg 1x\"\/><source media=\"(min-width: 320px)\" srcset=\"https:\/\/media-cldnry.s-nbcnews.com\/image\/upload\/t_fit-760w,f_avif,q_auto:eco,dpr_2\/rockcms\/2025-03\/250318-mervin-ch-1414-bed377.jpg 2x, https:\/\/media-cldnry.s-nbcnews.com\/image\/upload\/t_fit-760w,f_auto,q_auto:best\/rockcms\/2025-03\/250318-mervin-ch-1414-bed377.jpg 1x\"\/><img decoding=\"async\" loading=\"lazy\" src=\"https:\/\/media-cldnry.s-nbcnews.com\/image\/upload\/t_fit-760w,f_auto,q_auto:best\/rockcms\/2025-03\/250318-mervin-ch-1414-bed377.jpg\" alt=\"Mervin Yamarte\" height=\"1668\" width=\"2500\"\/><\/picture><figcaption class=\"caption styles_caption__TCewG\" data-testid=\"caption\"><span class=\"caption__container\" data-testid=\"caption__container\">Los familiares de Mervin Yamarte, de 29 a\u00f1os, dicen que disfrutaba jugando f\u00fatbol recreativo con amigos en Texas.<\/span><span class=\"caption__source\" data-testid=\"caption__source\">Cortes\u00eda de Mercedes Yamarte<\/span><\/figcaption><\/figure>\n<p class=\"body-graf\">Los familiares de Mervin Yamarte, de 29 a\u00f1os, dijeron que estaban horrorizados al verlo en un video de redes sociales que mostraban a los hombres encadenados mientras las autoridades los arrastraron de los aviones y se afeitaron la cabeza en preparaci\u00f3n para llevarlos a prisi\u00f3n. <\/p>\n<p class=\"body-graf\">Los hombres fueron enviados al Centro de Confinamiento del Terrorismo, un bloqueo conocido por las acusaciones de abusos de los derechos humanos. Organizaciones de derechos humanos como Human Rights Watch y Amnist\u00eda Internacional han documentado cuestiones que incluyen hacinamiento extrema y tortura en la prisi\u00f3n.<\/p>\n<p class=\"body-graf\">El video, publicado por el presidente salvadore\u00f1o Nayib Bukele, afirma que los hombres eran miembros de pandillas venezolanas deportados de los Estados Unidos. <\/p>\n<p class=\"body-graf\">Anayel Miquelina, pariente de Yamarte, le dijo a Telemundo que la madre y la esposa de Yamarte estaban angustiados cuando lo vieron en el video con la camisa rasgada y la cabeza afeitada.<\/p>\n<p class=\"body-graf\">\u00abSe desmayaron.<\/p>\n<p class=\"body-graf\">La administraci\u00f3n Trump anunci\u00f3 las deportaciones este fin de semana de cientos de inmigrantes que aleg\u00f3 que eran miembros de la pandilla a El Salvador bajo la Ley de Enemigos Alien, que permite al presidente deportar a los no ciudadanos durante la guerra.<\/p>\n<p class=\"body-graf\">En documentos judiciales, un funcionario con la Control de Inmigraci\u00f3n y Aduanas dijo el lunes que muchos de los que fueron retirados de los Estados Unidos bajo la Ley de Enemigos Alien \u00abno tienen antecedentes penales en los Estados Unidos\u00bb. <\/p>\n<p class=\"body-graf\">El funcionario dijo que \u00abla falta de informaci\u00f3n espec\u00edfica sobre cada individuo en realidad resalta el riesgo que plantean\u00bb y que el gobierno no tiene un \u00abperfil completo\u00bb de presuntos miembros de pandillas que fueron deportados a El Salvador.<\/p>\n<p class=\"body-graf\">La familia de Yamarte dijo que ten\u00eda un caso de asilo abierto con una audiencia establecida para julio y que no tiene antecedentes penales y que no estaba conectado con Tren de Aragua. <\/p>\n<p class=\"body-graf\">Un control de los antecedentes penales en la ciudad de Irving, el condado de Dallas y el estado de Texas, as\u00ed como los registros de la corte federal, por NBC News no encontr\u00f3 ning\u00fan cargo o condenas por Yamarte. El Departamento de Seguridad Nacional no respondi\u00f3 a una solicitud de m\u00e1s informaci\u00f3n sobre si ten\u00eda antecedentes penales. <\/p>\n<p class=\"body-graf\">\u00abNo vinimos a hacer da\u00f1o a nadie. <\/p>\n<p class=\"body-graf\">Juan Yamarte dijo que su hermano tiene el mismo tatuaje que un jugador de f\u00fatbol que admira y el n\u00famero 99, el n\u00famero que ha utilizado como miembro de un equipo de f\u00fatbol recreativo. Tambi\u00e9n tiene tatuajes de los nombres de su madre e hija, as\u00ed como la fecha en que \u00e9l y su compa\u00f1ero comenzaron a salir, dijo otro hermano a Telemundo. Ninguno de sus tatuajes est\u00e1 relacionado con pandillas, dijo la familia.<\/p>\n<p class=\"body-graf\">Juan Yamarte dijo que su hermano hab\u00eda estado en los Estados Unidos durante m\u00e1s de un a\u00f1o antes de que los funcionarios de inmigraci\u00f3n lo llevaran la semana pasada en una casa que comparti\u00f3 con varias otras personas.<\/p>\n<p class=\"body-graf\">\u00abLo agarraron.  <\/p>\n<p class=\"body-graf\">El lunes, la familia de Yamarte y otros en su ciudad natal, Maracaibo, Venezuela, mantuvieron una vigilia de protesta y una vigilia de oraci\u00f3n.<\/p>\n<p class=\"body-graf\">Varias otras familias le dijeron a NBC News que creen que vieron a sus familiares en el video lanzado por El Salvador. Afirman que sus seres queridos han sido acusados \u200b\u200bfalsamente de tener conexiones de pandillas.<\/p>\n<figure class=\"styles_inlineImage__FvnTh styles_medium__MEKii styles_portrait__NEQhG\"><picture class=\"styles_image__i32F7\" data-testid=\"picture\"><source media=\"(min-width: 1000px)\" srcset=\"https:\/\/media-cldnry.s-nbcnews.com\/image\/upload\/t_fit-560w,f_avif,q_auto:eco,dpr_2\/rockcms\/2025-03\/250318-Fritzgeralth-De-Jesus-se-505p-3bf742.jpg 2x, https:\/\/media-cldnry.s-nbcnews.com\/image\/upload\/t_fit-560w,f_auto,q_auto:best\/rockcms\/2025-03\/250318-Fritzgeralth-De-Jesus-se-505p-3bf742.jpg 1x\"\/><source media=\"(min-width: 320px)\" srcset=\"https:\/\/media-cldnry.s-nbcnews.com\/image\/upload\/t_fit-760w,f_avif,q_auto:eco,dpr_2\/rockcms\/2025-03\/250318-Fritzgeralth-De-Jesus-se-505p-3bf742.jpg 2x, https:\/\/media-cldnry.s-nbcnews.com\/image\/upload\/t_fit-760w,f_auto,q_auto:best\/rockcms\/2025-03\/250318-Fritzgeralth-De-Jesus-se-505p-3bf742.jpg 1x\"\/><img decoding=\"async\" loading=\"lazy\" src=\"https:\/\/media-cldnry.s-nbcnews.com\/image\/upload\/t_fit-760w,f_auto,q_auto:best\/rockcms\/2025-03\/250318-Fritzgeralth-De-Jesus-se-505p-3bf742.jpg\" alt=\"Fritzgeralth de Jes\u00fas\" height=\"634\" width=\"507\"\/><\/picture><figcaption class=\"caption styles_caption__TCewG\" data-testid=\"caption\"><span class=\"caption__container\" data-testid=\"caption__container\">Fritzgeralth de Jes\u00fas.<\/span><span class=\"caption__source\" data-testid=\"caption__source\">Foto familiar<\/span><\/figcaption><\/figure>\n<p class=\"body-graf\">\u00abEs un buen ni\u00f1o. \u00abEs joven, trabajador y atleta\u00bb.<\/p>\n<p class=\"body-graf\">La hermana de Jes\u00fas, que pidi\u00f3 no ser identificada por temor a la deportaci\u00f3n, dijo que recibi\u00f3 una llamada de su hermano, que hab\u00eda sido detenida por funcionarios de ICE, el s\u00e1bado \u00abpara despedirme\u00bb porque iba a ser deportado a Venezuela.<\/p>\n<p class=\"body-graf\">Ella se preocup\u00f3 cada vez m\u00e1s cuando no escuch\u00f3 de \u00e9l, y comenz\u00f3 a recorrer Internet con la esperanza de encontrar una pista de d\u00f3nde pod\u00eda estar. Ella dijo que lo vio en el video de Bukele, que se hab\u00eda vuelto viral en las redes sociales.<\/p>\n<p class=\"body-graf\">De Jes\u00fas, de 25 a\u00f1os, ingres\u00f3 a los Estados Unidos a trav\u00e9s de la aplicaci\u00f3n CBP One en junio, junto con otros tres familiares, dijo su hermana. Los tres miembros de la familia fueron liberados a los Estados Unidos de inmediato, pero De Jes\u00fas fue enviado a un centro de detenci\u00f3n de inmigraci\u00f3n en Nueva Orleans, donde permaneci\u00f3 hasta que fue deportado, dijo. No est\u00e1 claro por qu\u00e9 De Jes\u00fas fue detenido; Su familia cree que puede haber sido por sus tatuajes. <\/p>\n<p class=\"body-graf\">\u00abLo detuvieron solo porque tiene tatuajes\u00bb, dijo la hermana de Jes\u00fas. \u00abDesde el principio, preguntaron constantemente sobre sus tatuajes.<\/p>\n<p class=\"body-graf\">Ella dijo que ninguno de los tatuajes de su hermano est\u00e1 afiliado a las pandillas. Algunos de los m\u00e1s prominentes incluyen Rose Art en su cuello y brazo, un \u00e1ngel en el pecho y un tatuaje que dice \u00abmam\u00e1\u00bb en su pecho.<\/p>\n<p class=\"body-graf\">De Jes\u00fas hab\u00eda dejado Venezuela porque \u00abColectivos\u00bb, grupos paramilitares armados que apoyan al presidente Nicol\u00e1s Maduro, lo acosaron y extorsionaron, dijo su hermana. <\/p>\n<p class=\"body-graf\">Joseph Giardina, un abogado con sede en Baton Rouge, Louisiana, que representa a De Jes\u00fas en su caso de asilo, se sorprendi\u00f3 al saber que su cliente hab\u00eda sido deportado a El Salvador. La audiencia final en su caso de asilo estaba programada para el 10 de abril.<\/p>\n<p class=\"body-graf\">Cuando Giardina escuch\u00f3 que De Jes\u00fas hab\u00eda sido deportado, revis\u00f3 en l\u00ednea y vio que su audiencia de asilo a\u00fan estaba pendiente. Pens\u00f3 que deb\u00eda haber habido una confusi\u00f3n.<\/p>\n<p class=\"body-graf\">\u00abCon una aplicaci\u00f3n de asilo pendiente y una prueba, eso no tendr\u00eda absolutamente ning\u00fan sentido\u00bb, dijo Giardina. \u00abHe estado haciendo esto durante a\u00f1os.<\/p>\n<p class=\"body-graf\">\u00abHa estado en procedimientos durante meses.<\/p>\n<figure class=\"styles_inlineImage__FvnTh styles_medium__MEKii\"><picture class=\"styles_image__i32F7\" data-testid=\"picture\"><source media=\"(min-width: 1000px)\" srcset=\"https:\/\/media-cldnry.s-nbcnews.com\/image\/upload\/t_fit-560w,f_avif,q_auto:eco,dpr_2\/rockcms\/2025-03\/250317-el-salvador-deportations-mn-0910-777d7a.jpg 2x, https:\/\/media-cldnry.s-nbcnews.com\/image\/upload\/t_fit-560w,f_auto,q_auto:best\/rockcms\/2025-03\/250317-el-salvador-deportations-mn-0910-777d7a.jpg 1x\"\/><source media=\"(min-width: 320px)\" srcset=\"https:\/\/media-cldnry.s-nbcnews.com\/image\/upload\/t_fit-760w,f_avif,q_auto:eco,dpr_2\/rockcms\/2025-03\/250317-el-salvador-deportations-mn-0910-777d7a.jpg 2x, https:\/\/media-cldnry.s-nbcnews.com\/image\/upload\/t_fit-760w,f_auto,q_auto:best\/rockcms\/2025-03\/250317-el-salvador-deportations-mn-0910-777d7a.jpg 1x\"\/><img decoding=\"async\" loading=\"lazy\" src=\"https:\/\/media-cldnry.s-nbcnews.com\/image\/upload\/t_fit-760w,f_auto,q_auto:best\/rockcms\/2025-03\/250317-el-salvador-deportations-mn-0910-777d7a.jpg\" alt=\"Los presuntos miembros de la organizaci\u00f3n criminal venezolana, Tren de Aragua, deportados desde los EE. UU. Lleg\u00f3 a El Salvador\" height=\"1333\" width=\"2000\"\/><\/picture><figcaption class=\"caption styles_caption__TCewG\" data-testid=\"caption\"><span class=\"caption__container\" data-testid=\"caption__container\">Los hombres supuestamente son miembros de la organizaci\u00f3n criminal venezolana Tren de Aragua, que fueron deportados de los Estados Unidos, llegan a Tecoluca, El Salvador, en una foto publicada el domingo.<\/span><span class=\"caption__source\" data-testid=\"caption__source\">Oficina de prensa de presidencia de El Salvador a trav\u00e9s de AFP &#8211; Getty Images<\/span><\/figcaption><\/figure>\n<p class=\"body-graf\">Mirelys Casique le dijo a Telemundo que su familia reconoci\u00f3 a su hijo, Francisco Garc\u00eda Casique, en una foto publicada por el Gobierno de El Salvador. Ella dijo que mientras el hombre en la imagen miraba hacia abajo, la familia pudo identificarlo debido a sus tatuajes. <\/p>\n<p class=\"body-graf\">\u00abNo es un criminal. <\/p>\n<p class=\"body-graf\">Trump invoc\u00f3 la Ley de Enemigos Alien este fin de semana, y el s\u00e1bado, un juez federal emiti\u00f3 una orden de restricci\u00f3n que lo bloque\u00f3 de usarla para justificar las deportaciones y orden\u00f3 cualquier avi\u00f3n que ya estuviera en el aire para dar la vuelta.<\/p>\n<p class=\"body-graf\">En documentos judiciales, las autoridades dijeron que tres aviones abandonaron los Estados Unidos despu\u00e9s de que Trump emiti\u00f3 su proclamaci\u00f3n, planteando preguntas sobre el momento de los vuelos y la entrega de la custodia.<\/p>\n<p class=\"body-graf\">Un juez federal que revis\u00f3 el caso el martes solicit\u00f3 a la administraci\u00f3n m\u00e1s detalles sobre los vuelos y qu\u00e9 inmigrantes fueron deportados \u00fanicamente en funci\u00f3n de la Ley de Enemigos Alien. <\/p>\n<p class=\"body-graf\">Desde entonces, el gobierno venezolano ha condenado p\u00fablicamente la detenci\u00f3n de sus ciudadanos en El Salvador y emiti\u00f3 una advertencia de viaje a los de los Estados Unidos y a quienes planean viajar al extranjero.<\/p>\n<p class=\"endmark body-graf\">\u00abEstamos pidiendo a la comunidad internacional que se mantenga alerta contra estas pr\u00e1cticas que sirven contra la dignidad humana y los principios de los derechos internacionales\u00bb, dijo el Ministerio de Asuntos Exteriores de Venezuela en un comunicado el lunes.<\/p>\n<\/div>\n\n","protected":false},"excerpt":{"rendered":"<p>Los familiares de los inmigrantes venezolanos recientemente deportados dijeron que estaban angustiados y sorprendidos al descubrir que sus seres queridos fueron enviados a una notoria mega prisi\u00f3n en El Salvador despu\u00e9s de que los reconocieron en un video de redes sociales. Las familias niegan firmemente que sus familiares est\u00e9n conectados con la pandilla venezolana conocida &hellip;<\/p>\n","protected":false},"author":1,"featured_media":19228,"comment_status":"open","ping_status":"open","sticky":false,"template":"","format":"standard","meta":{"fifu_image_url":"https:\/\/media-cldnry.s-nbcnews.com\/image\/upload\/t_nbcnews-fp-1200-630,f_auto,q_auto:best\/rockcms\/2025-03\/250317-el-salvador-deportations-mn-0910-777d7a.jpg","fifu_image_alt":"","footnotes":""},"categories":[4],"tags":[],"class_list":["post-19226","post","type-post","status-publish","format-standard","has-post-thumbnail","","category-historias-destacadas"],"_links":{"self":[{"href":"https:\/\/noticiasveraces.com\/index.php?rest_route=\/wp\/v2\/posts\/19226","targetHints":{"allow":["GET"]}}],"collection":[{"href":"https:\/\/noticiasveraces.com\/index.php?rest_route=\/wp\/v2\/posts"}],"about":[{"href":"https:\/\/noticiasveraces.com\/index.php?rest_route=\/wp\/v2\/types\/post"}],"author":[{"embeddable":true,"href":"https:\/\/noticiasveraces.com\/index.php?rest_route=\/wp\/v2\/users\/1"}],"replies":[{"embeddable":true,"href":"https:\/\/noticiasveraces.com\/index.php?rest_route=%2Fwp%2Fv2%2Fcomments&post=19226"}],"version-history":[{"count":0,"href":"https:\/\/noticiasveraces.com\/index.php?rest_route=\/wp\/v2\/posts\/19226\/revisions"}],"wp:featuredmedia":[{"embeddable":true,"href":"https:\/\/noticiasveraces.com\/index.php?rest_route=\/wp\/v2\/media\/19228"}],"wp:attachment":[{"href":"https:\/\/noticiasveraces.com\/index.php?rest_route=%2Fwp%2Fv2%2Fmedia&parent=19226"}],"wp:term":[{"taxonomy":"category","embeddable":true,"href":"https:\/\/noticiasveraces.com\/index.php?rest_route=%2Fwp%2Fv2%2Fcategories&post=19226"},{"taxonomy":"post_tag","embeddable":true,"href":"https:\/\/noticiasveraces.com\/index.php?rest_route=%2Fwp%2Fv2%2Ftags&post=19226"}],"curies":[{"name":"wp","href":"https:\/\/api.w.org\/{rel}","templated":true}]}}