{"id":19223,"date":"2025-03-18T23:10:54","date_gmt":"2025-03-19T03:10:54","guid":{"rendered":"https:\/\/noticiasveraces.com\/?p=19223"},"modified":"2025-03-18T23:10:54","modified_gmt":"2025-03-19T03:10:54","slug":"unai-simon-defiende-a-inigo-martinez-y-critica-las-dudas-sobre-su-lesion","status":"publish","type":"post","link":"https:\/\/noticiasveraces.com\/?p=19223","title":{"rendered":"Unai Sim\u00f3n defiende a \u00cd\u00f1igo Mart\u00ednez y critica las dudas sobre su lesi\u00f3n"},"content":{"rendered":"<p> \n<\/p>\n<div id=\"intext\">\n<p>El portero del Athletic Club y de la selecci\u00f3n espa\u00f1ola, Unai Sim\u00f3n, ha salido en defensa de \u00cd\u00f1igo Mart\u00ednez tras las especulaciones generadas en torno a su ausencia por lesi\u00f3n en el partido contra Pa\u00edses Bajos. Para el guardameta, dudar de la situaci\u00f3n del central del FC Barcelona es un acto de falta de respeto tanto hacia el jugador como hacia los servicios m\u00e9dicos de su club.<\/p>\n<blockquote class=\"blockquote \">\n<p class=\"blockquote__quote\">\u00abTen\u00eda muchas ganas de venir aqu\u00ed y no ha podido por la lesi\u00f3n que tiene. Es una falta de respeto que no se merece un compa\u00f1ero\u00bb<\/p>\n<\/blockquote>\n<p>\u00abNo he hablado con \u00e9l pero me parece mal dudar de un jugador como \u00cd\u00f1igo Mart\u00ednez\u00bb, afirm\u00f3 Sim\u00f3n, mostrando su apoyo incondicional al zaguero, con quien comparti\u00f3 vestuario tanto en el Athletic como en la selecci\u00f3n.<\/p>\n<p>El portero dej\u00f3 claro que la lesi\u00f3n de Mart\u00ednez ha sido confirmada por el propio club, por lo que no deber\u00eda haber cuestionamientos al respecto. \u00abSi el club ha sacado un parte m\u00e9dico diciendo que est\u00e1 lesionado, es una falta de respeto no hacer caso al jugador y poner en evidencia al cuerpo m\u00e9dico del Barcelona. Ten\u00eda muchas ganas de venir aqu\u00ed y no ha podido por la lesi\u00f3n que tiene. Es una falta de respeto que no se merece un compa\u00f1ero\u00bb, subray\u00f3.<\/p>\n<p>Pese a la situaci\u00f3n, Sim\u00f3n considera no obstante que la pol\u00edtica de la selecci\u00f3n de revisar el estado f\u00edsico de los convocados en la Ciudad del F\u00fatbol es una pr\u00e1ctica recomendable. \u00abSiempre est\u00e1 bien que los jugadores que est\u00e9n con ciertas molestias, que muchas veces son de un d\u00eda antes, est\u00e1 bien venir a la selecci\u00f3n porque a veces se pueden solventar y se podr\u00eda jugar la vuelta en Valencia\u00bb, explic\u00f3, refiri\u00e9ndose a la posibilidad de que algunos futbolistas puedan recuperarse a tiempo para futuros encuentros.<\/p>\n<h2 class=\"title-h2\">Lo primero es la salud de los jugadores<\/h2>\n<p>No obstante, el arquero insisti\u00f3 en que lo m\u00e1s importante es la salud de los jugadores y evitar riesgos innecesarios. \u00abPero hay que priorizar la salud de los jugadores. Si hay peque\u00f1o riesgo de poder recaer, hay que quedarse en casa, recuperarse y estar preparados para ojal\u00e1 jugar la fase final de la Nations League en junio\u00bb, concluy\u00f3.<\/p>\n<p><i>S\u00edguenos en nuestro canal de WhatsApp y no te pierdas la \u00faltima hora y toda la actualidad de antena3noticias.com<\/i><\/p>\n<div class=\"recirculation-video\" data-mod=\"a3mod_recirculation_video\">\n<div class=\"recirculation-video-wrapper\">\n<div>\n<div class=\"video-wrapper\">\n  <picture class=\"video-main-picture\"><source media=\"(min-width: 481px)\" srcset=\"https:\/\/fotografias.antena3.com\/clipping\/cmsimages01\/2025\/03\/17\/9048A0E3-B753-4542-B748-435FCEA89568\/leo-messi-celebra-gol-atlanta-united_94.jpg?crop=2292,1289,x0,y0&amp;width=800&amp;height=450&amp;optimize=medium&amp;format=webply\" width=\"800\" height=\"450\"><source media=\"(min-width: 391px) and (max-width: 480px)\" srcset=\"https:\/\/fotografias.antena3.com\/clipping\/cmsimages01\/2025\/03\/17\/9048A0E3-B753-4542-B748-435FCEA89568\/leo-messi-celebra-gol-atlanta-united_70.jpg?crop=2292,1289,x0,y0&amp;width=480&amp;height=270&amp;optimize=high&amp;format=webply\" width=\"480\" height=\"270\"><source media=\"(min-width: 321px) and (max-width: 390px)\" srcset=\"https:\/\/fotografias.antena3.com\/clipping\/cmsimages01\/2025\/03\/17\/9048A0E3-B753-4542-B748-435FCEA89568\/leo-messi-celebra-gol-atlanta-united_92.jpg?crop=2292,1287,x0,y0&amp;width=390&amp;height=219&amp;optimize=high&amp;format=webply\" width=\"390\" height=\"219\"><source media=\"(max-width: 320px)\" srcset=\"https:\/\/fotografias.antena3.com\/clipping\/cmsimages01\/2025\/03\/17\/9048A0E3-B753-4542-B748-435FCEA89568\/leo-messi-celebra-gol-atlanta-united_52.jpg?crop=2292,1289,x0,y0&amp;width=320&amp;height=180&amp;optimize=high&amp;format=webply\" width=\"320\" height=\"180\"><img decoding=\"async\" title=\"Leo Messi celebra su gol ante Atlanta United\" alt=\"Leo Messi celebra su gol ante Atlanta United\" width=\"480\" height=\"270\" src=\"https:\/\/fotografias.antena3.com\/clipping\/cmsimages01\/2025\/03\/17\/9048A0E3-B753-4542-B748-435FCEA89568\/leo-messi-celebra-gol-atlanta-united_70.jpg?crop=2292,1289,x0,y0&amp;width=480&amp;height=270&amp;optimize=high&amp;format=webply\" loading=\"lazy\" class=\"lazy\"\/><br \/>\n  <\/source><\/source><\/source><\/source><\/picture>\n <\/div>\n<\/div><\/div>\n<\/p><\/div>\n<\/div>\n\n","protected":false},"excerpt":{"rendered":"<p>El portero del Athletic Club y de la selecci\u00f3n espa\u00f1ola, Unai Sim\u00f3n, ha salido en defensa de \u00cd\u00f1igo Mart\u00ednez tras las especulaciones generadas en torno a su ausencia por lesi\u00f3n en el partido contra Pa\u00edses Bajos. Para el guardameta, dudar de la situaci\u00f3n del central del FC Barcelona es un acto de falta de respeto &hellip;<\/p>\n","protected":false},"author":1,"featured_media":19225,"comment_status":"open","ping_status":"open","sticky":false,"template":"","format":"standard","meta":{"fifu_image_url":"https:\/\/fotografias.antena3.com\/clipping\/cmsimages02\/2025\/03\/18\/029B99C5-498A-4472-88CE-0CD0FD5BA293\/unai-simon-rueda-prensa_69.jpg?crop=1920,1080,x0,y61&width=1280&height=720&optimize=low&format=jpg","fifu_image_alt":"","footnotes":""},"categories":[6],"tags":[],"class_list":["post-19223","post","type-post","status-publish","format-standard","has-post-thumbnail","","category-deportes"],"_links":{"self":[{"href":"https:\/\/noticiasveraces.com\/index.php?rest_route=\/wp\/v2\/posts\/19223","targetHints":{"allow":["GET"]}}],"collection":[{"href":"https:\/\/noticiasveraces.com\/index.php?rest_route=\/wp\/v2\/posts"}],"about":[{"href":"https:\/\/noticiasveraces.com\/index.php?rest_route=\/wp\/v2\/types\/post"}],"author":[{"embeddable":true,"href":"https:\/\/noticiasveraces.com\/index.php?rest_route=\/wp\/v2\/users\/1"}],"replies":[{"embeddable":true,"href":"https:\/\/noticiasveraces.com\/index.php?rest_route=%2Fwp%2Fv2%2Fcomments&post=19223"}],"version-history":[{"count":0,"href":"https:\/\/noticiasveraces.com\/index.php?rest_route=\/wp\/v2\/posts\/19223\/revisions"}],"wp:featuredmedia":[{"embeddable":true,"href":"https:\/\/noticiasveraces.com\/index.php?rest_route=\/wp\/v2\/media\/19225"}],"wp:attachment":[{"href":"https:\/\/noticiasveraces.com\/index.php?rest_route=%2Fwp%2Fv2%2Fmedia&parent=19223"}],"wp:term":[{"taxonomy":"category","embeddable":true,"href":"https:\/\/noticiasveraces.com\/index.php?rest_route=%2Fwp%2Fv2%2Fcategories&post=19223"},{"taxonomy":"post_tag","embeddable":true,"href":"https:\/\/noticiasveraces.com\/index.php?rest_route=%2Fwp%2Fv2%2Ftags&post=19223"}],"curies":[{"name":"wp","href":"https:\/\/api.w.org\/{rel}","templated":true}]}}