{"id":19218,"date":"2025-03-18T22:40:16","date_gmt":"2025-03-19T02:40:16","guid":{"rendered":"https:\/\/noticiasveraces.com\/?p=19218"},"modified":"2025-03-18T22:40:16","modified_gmt":"2025-03-19T02:40:16","slug":"fiscal-de-ee-uu-califica-de-terrorismo-ataques-contra-tesla-dw-19-03-2025","status":"publish","type":"post","link":"https:\/\/noticiasveraces.com\/?p=19218","title":{"rendered":"Fiscal de EE.UU. califica de terrorismo ataques contra Tesla \u2013 DW \u2013 19\/03\/2025"},"content":{"rendered":"<p> \n<\/p>\n<div>\n<p>La fiscal general estadounidense, Pam Bondi, consider\u00f3 este martes (18.03.2025) que la oleada de ataques contra propiedades del fabricante de veh\u00edculos el\u00e9ctricos Tesla no son otra cosa que \u00abterrorismo nacional\u00bb.<\/p>\n<p>El comunicado del Departamento de Justicia apunt\u00f3 que varias personas ya han sido acusadas bajo esa consideraci\u00f3n en casos que implican sentencias m\u00ednimas obligatorias de cinco a\u00f1os de c\u00e1rcel.<\/p>\n<p>\u00abContinuaremos las investigaciones que impongan severas consecuencias a los implicados en estos ataques, incluidos los que operan entre bastidores para coordinar y financiar estos delitos\u00bb, subray\u00f3 Bondi.<\/p>\n<p>Los veh\u00edculos, concesionarios y propiedades de Tesla han estado en el punto de mira desde que su consejero general, Elon Musk, se puso al frente del Departamento de Eficiencia Gubernamental (DOGE), encargado de recortar gastos y burocracia en el Gobierno federal. <\/p>\n<h2>Crimen federal<\/h2>\n<p>Los ataques se han registrado en distintos puntos del pa\u00eds, como los estados de Massachusetts, Washington o Carolina del Sur.<\/p>\n<p>Los dos m\u00e1s recientes tuvieron lugar este martes en concesionarios de Tesla en Las Vegas (Nevada) y Kansas City (Misuri), donde varios veh\u00edculos fueron incendiados.<\/p>\n<p>Seg\u00fan el diario The Washington Times, el FBI en Las Vegas est\u00e1 investigando lo sucedido como un posible acto de terrorismo.<\/p>\n<p>\u00abA quienes consideren justificable o incluso admirable algo as\u00ed, queremos informarles de que se trata de un delito federal. Los perseguiremos, los encontraremos y los procesaremos con todo el peso de la ley\u00bb, advirti\u00f3 el agente especial Spencer Evans.<\/p>\n<p>MG (Efe, Reuters)<\/p>\n<\/p>\n<\/div>\n\n","protected":false},"excerpt":{"rendered":"<p>La fiscal general estadounidense, Pam Bondi, consider\u00f3 este martes (18.03.2025) que la oleada de ataques contra propiedades del fabricante de veh\u00edculos el\u00e9ctricos Tesla no son otra cosa que \u00abterrorismo nacional\u00bb. El comunicado del Departamento de Justicia apunt\u00f3 que varias personas ya han sido acusadas bajo esa consideraci\u00f3n en casos que implican sentencias m\u00ednimas obligatorias de &hellip;<\/p>\n","protected":false},"author":1,"featured_media":19219,"comment_status":"open","ping_status":"open","sticky":false,"template":"","format":"standard","meta":{"fifu_image_url":"https:\/\/static.dw.com\/image\/71922182_6.jpg","fifu_image_alt":"","footnotes":""},"categories":[13],"tags":[],"class_list":["post-19218","post","type-post","status-publish","format-standard","has-post-thumbnail","","category-mundo"],"_links":{"self":[{"href":"https:\/\/noticiasveraces.com\/index.php?rest_route=\/wp\/v2\/posts\/19218","targetHints":{"allow":["GET"]}}],"collection":[{"href":"https:\/\/noticiasveraces.com\/index.php?rest_route=\/wp\/v2\/posts"}],"about":[{"href":"https:\/\/noticiasveraces.com\/index.php?rest_route=\/wp\/v2\/types\/post"}],"author":[{"embeddable":true,"href":"https:\/\/noticiasveraces.com\/index.php?rest_route=\/wp\/v2\/users\/1"}],"replies":[{"embeddable":true,"href":"https:\/\/noticiasveraces.com\/index.php?rest_route=%2Fwp%2Fv2%2Fcomments&post=19218"}],"version-history":[{"count":0,"href":"https:\/\/noticiasveraces.com\/index.php?rest_route=\/wp\/v2\/posts\/19218\/revisions"}],"wp:featuredmedia":[{"embeddable":true,"href":"https:\/\/noticiasveraces.com\/index.php?rest_route=\/wp\/v2\/media\/19219"}],"wp:attachment":[{"href":"https:\/\/noticiasveraces.com\/index.php?rest_route=%2Fwp%2Fv2%2Fmedia&parent=19218"}],"wp:term":[{"taxonomy":"category","embeddable":true,"href":"https:\/\/noticiasveraces.com\/index.php?rest_route=%2Fwp%2Fv2%2Fcategories&post=19218"},{"taxonomy":"post_tag","embeddable":true,"href":"https:\/\/noticiasveraces.com\/index.php?rest_route=%2Fwp%2Fv2%2Ftags&post=19218"}],"curies":[{"name":"wp","href":"https:\/\/api.w.org\/{rel}","templated":true}]}}