{"id":19174,"date":"2025-03-18T13:14:01","date_gmt":"2025-03-18T17:14:01","guid":{"rendered":"https:\/\/noticiasveraces.com\/?p=19174"},"modified":"2025-03-18T13:14:01","modified_gmt":"2025-03-18T17:14:01","slug":"los-migrantes-de-paris-desalojados-del-teatro-provocando-enfrentamientos","status":"publish","type":"post","link":"https:\/\/noticiasveraces.com\/?p=19174","title":{"rendered":"Los migrantes de Par\u00eds desalojados del teatro, provocando enfrentamientos"},"content":{"rendered":"<p> \n<\/p>\n<div>\n<p class=\"speakable\">M\u00e1s de 400 migrantes fueron evacuados de un teatro en Par\u00eds donde hab\u00edan estado en cuclillas durante m\u00e1s de tres meses. <\/p>\n<p class=\"speakable\">Seg\u00fan los informes, la polic\u00eda us\u00f3 gases lacrim\u00f3genos al comienzo de la operaci\u00f3n, pero en su mayor parte, la evacuaci\u00f3n continu\u00f3 sin incidentes, inform\u00f3 Reuters.<\/p>\n<p>\u00abEn esta etapa, esto era lo que deb\u00eda hacer porque la situaci\u00f3n se estaba volviendo complicada, tensa y peligrosa por dentro\u00bb, dijo la alcaldesa de Par\u00eds, Anne Hidalgo, a Francia Inter Radio, seg\u00fan Reuters.<\/p>\n<p><strong>La polic\u00eda de Par\u00eds retira a docenas de migrantes del Ayuntamiento de Par\u00eds 100 d\u00edas antes de los Juegos Ol\u00edmpicos<\/strong><\/p>\n<p>La polic\u00eda francesa arrest\u00f3 a m\u00e1s de 46 personas en la operaci\u00f3n del martes, seg\u00fan los informes. No estaba claro si los 46 de los arrestados eran migrantes, ya que la polic\u00eda se enfrentaba con activistas que apoyaban a los ocupantes ilegales durante la operaci\u00f3n.<\/p>\n<div class=\"image-ct inline\">\n<div class=\"m\"><picture><source media=\"(max-width: 767px)\" srcset=\"https:\/\/a57.foxnews.com\/static.foxnews.com\/foxnews.com\/content\/uploads\/2025\/03\/343\/192\/migrants-evicted-paris-1.jpg?ve=1&amp;tl=1, https:\/\/a57.foxnews.com\/static.foxnews.com\/foxnews.com\/content\/uploads\/2025\/03\/686\/384\/migrants-evicted-paris-1.jpg?ve=1&amp;tl=1 2x\" height=\"192\" width=\"343\"><source media=\"(min-width: 768px) and (max-width: 1023px)\" srcset=\"https:\/\/a57.foxnews.com\/static.foxnews.com\/foxnews.com\/content\/uploads\/2025\/03\/672\/378\/migrants-evicted-paris-1.jpg?ve=1&amp;tl=1, https:\/\/a57.foxnews.com\/static.foxnews.com\/foxnews.com\/content\/uploads\/2025\/03\/1344\/756\/migrants-evicted-paris-1.jpg?ve=1&amp;tl=1 2x\" height=\"378\" width=\"672\"><source media=\"(min-width: 1024px) and (max-width: 1279px)\" srcset=\"https:\/\/a57.foxnews.com\/static.foxnews.com\/foxnews.com\/content\/uploads\/2025\/03\/931\/523\/migrants-evicted-paris-1.jpg?ve=1&amp;tl=1, https:\/\/a57.foxnews.com\/static.foxnews.com\/foxnews.com\/content\/uploads\/2025\/03\/1862\/1046\/migrants-evicted-paris-1.jpg?ve=1&amp;tl=1 2x\" height=\"523\" width=\"931\"><source media=\"(min-width: 1280px)\" srcset=\"https:\/\/a57.foxnews.com\/static.foxnews.com\/foxnews.com\/content\/uploads\/2025\/03\/720\/405\/migrants-evicted-paris-1.jpg?ve=1&amp;tl=1, https:\/\/a57.foxnews.com\/static.foxnews.com\/foxnews.com\/content\/uploads\/2025\/03\/1440\/810\/migrants-evicted-paris-1.jpg?ve=1&amp;tl=1 2x\" height=\"405\" width=\"720\"><img loading=\"lazy\" decoding=\"async\" src=\"https:\/\/a57.foxnews.com\/static.foxnews.com\/foxnews.com\/content\/uploads\/2025\/03\/1200\/675\/migrants-evicted-paris-1.jpg?ve=1&amp;tl=1\" alt=\"Polic\u00eda, manifestantes fuera del teatro de Par\u00eds donde los migrantes est\u00e1n en cuclillas\" width=\"1200\" height=\"675\"\/><\/source><\/source><\/source><\/source><\/picture><\/div>\n<div class=\"info\">\n<div class=\"caption\">\n<p><span>Las personas se re\u00fanen contra el desalojo policial de migrantes del Teatro Gaite Lyrique despu\u00e9s de m\u00e1s de tres meses de su ocupaci\u00f3n en Par\u00eds el 18 de marzo de 2025.<\/span> <span>(Reuters\/Abdul Saboor)<\/span><\/p>\n<\/div>\n<\/div>\n<\/div>\n<p><strong>Los legisladores franceses aproban un controvertido proyecto de ley de inmigraci\u00f3n con el objetivo de fortalecer las medidas de deportaci\u00f3n<\/strong><\/p>\n<p>El prefecto de la polic\u00eda de Par\u00eds, Laurent Nu\u00f1ez, dijo que algunos fueron arrestados por \u00abrebelarse\u00bb mientras se llevaba a cabo la operaci\u00f3n de evacuaci\u00f3n y que otros fueron detenidos por \u00abcontroles administrativos\u00bb, seg\u00fan Le Monde. Aparentemente, Nu\u00f1ez calific\u00f3 la ocupaci\u00f3n de los migrantes del teatro Gaite Lyrique de Par\u00eds una amenaza para \u00aborden p\u00fablico\u00bb, agreg\u00f3 la salida.<\/p>\n<div class=\"image-ct inline\">\n<div class=\"m\"><picture><source media=\"(max-width: 767px)\" srcset=\"https:\/\/a57.foxnews.com\/static.foxnews.com\/foxnews.com\/content\/uploads\/2025\/03\/343\/192\/migrants-evicted-paris-3.jpg?ve=1&amp;tl=1, https:\/\/a57.foxnews.com\/static.foxnews.com\/foxnews.com\/content\/uploads\/2025\/03\/686\/384\/migrants-evicted-paris-3.jpg?ve=1&amp;tl=1 2x\" height=\"192\" width=\"343\"><source media=\"(min-width: 768px) and (max-width: 1023px)\" srcset=\"https:\/\/a57.foxnews.com\/static.foxnews.com\/foxnews.com\/content\/uploads\/2025\/03\/672\/378\/migrants-evicted-paris-3.jpg?ve=1&amp;tl=1, https:\/\/a57.foxnews.com\/static.foxnews.com\/foxnews.com\/content\/uploads\/2025\/03\/1344\/756\/migrants-evicted-paris-3.jpg?ve=1&amp;tl=1 2x\" height=\"378\" width=\"672\"><source media=\"(min-width: 1024px) and (max-width: 1279px)\" srcset=\"https:\/\/a57.foxnews.com\/static.foxnews.com\/foxnews.com\/content\/uploads\/2025\/03\/931\/523\/migrants-evicted-paris-3.jpg?ve=1&amp;tl=1, https:\/\/a57.foxnews.com\/static.foxnews.com\/foxnews.com\/content\/uploads\/2025\/03\/1862\/1046\/migrants-evicted-paris-3.jpg?ve=1&amp;tl=1 2x\" height=\"523\" width=\"931\"><source media=\"(min-width: 1280px)\" srcset=\"https:\/\/a57.foxnews.com\/static.foxnews.com\/foxnews.com\/content\/uploads\/2025\/03\/720\/405\/migrants-evicted-paris-3.jpg?ve=1&amp;tl=1, https:\/\/a57.foxnews.com\/static.foxnews.com\/foxnews.com\/content\/uploads\/2025\/03\/1440\/810\/migrants-evicted-paris-3.jpg?ve=1&amp;tl=1 2x\" height=\"405\" width=\"720\"><img loading=\"lazy\" decoding=\"async\" src=\"https:\/\/a57.foxnews.com\/static.foxnews.com\/foxnews.com\/content\/uploads\/2025\/03\/1200\/675\/migrants-evicted-paris-3.jpg?ve=1&amp;tl=1\" alt=\"Migrantes en el teatro Gaite Lyrique de Par\u00eds\" width=\"1200\" height=\"675\"\/><\/source><\/source><\/source><\/source><\/picture><\/div>\n<div class=\"info\">\n<div class=\"caption\">\n<p><span>La gente se encuentra dentro del Teatro Gaite Lyrique durante el desalojo policial de migrantes del teatro despu\u00e9s de m\u00e1s de tres meses de su ocupaci\u00f3n en Par\u00eds el 18 de marzo de 2025.<\/span> <span>(Reuters\/Abdul Saboor)<\/span><\/p>\n<\/div>\n<\/div>\n<\/div>\n<p><strong><u>Haga clic aqu\u00ed para obtener la aplicaci\u00f3n Fox News<\/u><\/strong><\/p>\n<p>Una pancarta fuera del teatro dec\u00eda \u00ab400 vidas en peligro, 80 trabajos bajo amenaza\u00bb.<\/p>\n<div class=\"image-ct inline\">\n<div class=\"m\"><picture><source media=\"(max-width: 767px)\" srcset=\"https:\/\/a57.foxnews.com\/static.foxnews.com\/foxnews.com\/content\/uploads\/2025\/03\/343\/192\/migrants-evicted-paris-2.jpg?ve=1&amp;tl=1, https:\/\/a57.foxnews.com\/static.foxnews.com\/foxnews.com\/content\/uploads\/2025\/03\/686\/384\/migrants-evicted-paris-2.jpg?ve=1&amp;tl=1 2x\" height=\"192\" width=\"343\"><source media=\"(min-width: 768px) and (max-width: 1023px)\" srcset=\"https:\/\/a57.foxnews.com\/static.foxnews.com\/foxnews.com\/content\/uploads\/2025\/03\/672\/378\/migrants-evicted-paris-2.jpg?ve=1&amp;tl=1, https:\/\/a57.foxnews.com\/static.foxnews.com\/foxnews.com\/content\/uploads\/2025\/03\/1344\/756\/migrants-evicted-paris-2.jpg?ve=1&amp;tl=1 2x\" height=\"378\" width=\"672\"><source media=\"(min-width: 1024px) and (max-width: 1279px)\" srcset=\"https:\/\/a57.foxnews.com\/static.foxnews.com\/foxnews.com\/content\/uploads\/2025\/03\/931\/523\/migrants-evicted-paris-2.jpg?ve=1&amp;tl=1, https:\/\/a57.foxnews.com\/static.foxnews.com\/foxnews.com\/content\/uploads\/2025\/03\/1862\/1046\/migrants-evicted-paris-2.jpg?ve=1&amp;tl=1 2x\" height=\"523\" width=\"931\"><source media=\"(min-width: 1280px)\" srcset=\"https:\/\/a57.foxnews.com\/static.foxnews.com\/foxnews.com\/content\/uploads\/2025\/03\/720\/405\/migrants-evicted-paris-2.jpg?ve=1&amp;tl=1, https:\/\/a57.foxnews.com\/static.foxnews.com\/foxnews.com\/content\/uploads\/2025\/03\/1440\/810\/migrants-evicted-paris-2.jpg?ve=1&amp;tl=1 2x\" height=\"405\" width=\"720\"><img loading=\"lazy\" decoding=\"async\" src=\"https:\/\/a57.foxnews.com\/static.foxnews.com\/foxnews.com\/content\/uploads\/2025\/03\/1200\/675\/migrants-evicted-paris-2.jpg?ve=1&amp;tl=1\" alt=\"La polic\u00eda francesa evac\u00faa a los migrantes del teatro de Par\u00eds\" width=\"1200\" height=\"675\"\/><\/source><\/source><\/source><\/source><\/picture><\/div>\n<div class=\"info\">\n<div class=\"caption\">\n<p><span>Los oficiales de polic\u00eda de Riot de CRS ingresan a Gaite Lyrique, un sal\u00f3n de rendimiento parisino ocupado durante tres meses por 450 j\u00f3venes migrantes, luego de una orden policial para desocupar las instalaciones en Par\u00eds el 18 de marzo de 2025.<\/span> <span>(Alain Jocard\/AFP a trav\u00e9s de Getty Images)<\/span><\/p>\n<\/div>\n<\/div>\n<\/div>\n<p>El Teatro Gaite Lyrique en Par\u00eds se vio obligado a suspender las operaciones en diciembre, d\u00edas despu\u00e9s de que los migrantes comenzaron a hacerse cargo del lugar, exigiendo comida y refugio. Gaite Lyrique aparentemente critic\u00f3 a las autoridades por su \u00abinacci\u00f3n\u00bb en la situaci\u00f3n, indican los informes.<\/p>\n<p> <!----> <\/p>\n<div class=\"article-meta\">\n<div class=\"author-bio\">\n<p>Rachel Wolf es una escritora de noticias de Fox News Digital y Fox Business.<\/p>\n<\/div>\n<\/div>\n<\/div>\n\n","protected":false},"excerpt":{"rendered":"<p>M\u00e1s de 400 migrantes fueron evacuados de un teatro en Par\u00eds donde hab\u00edan estado en cuclillas durante m\u00e1s de tres meses. Seg\u00fan los informes, la polic\u00eda us\u00f3 gases lacrim\u00f3genos al comienzo de la operaci\u00f3n, pero en su mayor parte, la evacuaci\u00f3n continu\u00f3 sin incidentes, inform\u00f3 Reuters. \u00abEn esta etapa, esto era lo que deb\u00eda hacer &hellip;<\/p>\n","protected":false},"author":1,"featured_media":19176,"comment_status":"open","ping_status":"open","sticky":false,"template":"","format":"standard","meta":{"fifu_image_url":"https:\/\/static.foxnews.com\/foxnews.com\/content\/uploads\/2025\/03\/migrants-evicted-paris-1.jpg","fifu_image_alt":"","footnotes":""},"categories":[13],"tags":[],"class_list":["post-19174","post","type-post","status-publish","format-standard","has-post-thumbnail","","category-mundo"],"_links":{"self":[{"href":"https:\/\/noticiasveraces.com\/index.php?rest_route=\/wp\/v2\/posts\/19174","targetHints":{"allow":["GET"]}}],"collection":[{"href":"https:\/\/noticiasveraces.com\/index.php?rest_route=\/wp\/v2\/posts"}],"about":[{"href":"https:\/\/noticiasveraces.com\/index.php?rest_route=\/wp\/v2\/types\/post"}],"author":[{"embeddable":true,"href":"https:\/\/noticiasveraces.com\/index.php?rest_route=\/wp\/v2\/users\/1"}],"replies":[{"embeddable":true,"href":"https:\/\/noticiasveraces.com\/index.php?rest_route=%2Fwp%2Fv2%2Fcomments&post=19174"}],"version-history":[{"count":0,"href":"https:\/\/noticiasveraces.com\/index.php?rest_route=\/wp\/v2\/posts\/19174\/revisions"}],"wp:featuredmedia":[{"embeddable":true,"href":"https:\/\/noticiasveraces.com\/index.php?rest_route=\/wp\/v2\/media\/19176"}],"wp:attachment":[{"href":"https:\/\/noticiasveraces.com\/index.php?rest_route=%2Fwp%2Fv2%2Fmedia&parent=19174"}],"wp:term":[{"taxonomy":"category","embeddable":true,"href":"https:\/\/noticiasveraces.com\/index.php?rest_route=%2Fwp%2Fv2%2Fcategories&post=19174"},{"taxonomy":"post_tag","embeddable":true,"href":"https:\/\/noticiasveraces.com\/index.php?rest_route=%2Fwp%2Fv2%2Ftags&post=19174"}],"curies":[{"name":"wp","href":"https:\/\/api.w.org\/{rel}","templated":true}]}}