{"id":19163,"date":"2025-03-18T11:10:38","date_gmt":"2025-03-18T15:10:38","guid":{"rendered":"https:\/\/noticiasveraces.com\/?p=19163"},"modified":"2025-03-18T11:10:38","modified_gmt":"2025-03-18T15:10:38","slug":"papa-pide-desarmar-la-tierra-en-carta-desde-el-hospital-dw-18-03-2025","status":"publish","type":"post","link":"https:\/\/noticiasveraces.com\/?p=19163","title":{"rendered":"Papa pide \u00abdesarmar la Tierra\u00bb en carta desde el hospital \u2013 DW \u2013 18\/03\/2025"},"content":{"rendered":"<p> \n<\/p>\n<div>\n<p>El papa Francisco pide \u00abdesarmar las palabras, desarmar las mentes y desarmar la Tierra\u00bb, en una carta escrita en la habitaci\u00f3n en que se encuentra hospitalizado en Roma desde hace m\u00e1s de cuatro semanas por una neumon\u00eda.<\/p>\n<p>En la misiva, publicada este martes 18 de marzo de 2025 en el peri\u00f3dico italiano <em>Corriere della Sera<\/em>Francisco afirma que \u00aben este momento de enfermedad en el que, como he tenido ocasi\u00f3n de decir, la guerra parece a\u00fan m\u00e1s absurda\u00bb.<\/p>\n<h2>Llama a informadores a\u00a0\u00absentir toda la importancia de las palabras\u00bb<\/h2>\n<p>\u00abLa fragilidad humana, de hecho, tiene el poder de hacernos m\u00e1s l\u00facidos respecto a lo que dura y a lo que pasa, a lo que nos hace vivir y a lo que mata. Quiz\u00e1s por eso tendemos tan a menudo a negar l\u00edmites y a evitar a las personas fr\u00e1giles y heridas: ellas tienen el poder de cuestionar la direcci\u00f3n que hemos elegido, como individuos y como comunidades\u00bb, escribe el papa.<\/p>\n<p>Y pide a todos aquellos que dedican \u00absu trabajo e inteligencia a informar, a trav\u00e9s de las herramientas de comunicaci\u00f3n que hoy unen nuestro mundo en tiempo real: a sentir toda la importancia de las palabras\u00bb.<\/p>\n<p>\u00abNunca son s\u00f3lo palabras: son hechos que construyen entornos humanos. Pueden conectar o dividir, servir a la verdad o hacer uso de ella. Hay que desarmar las palabras, desarmar las mentes y desarmar la Tierra. Hay una gran necesidad de reflexi\u00f3n, de calma, de sentido de complejidad\u00bb, a\u00f1ade Francisco.<\/p>\n<h2>Papa pide \u00abnueva vida y credibilidad\u00bb para la diplomacia<\/h2>\n<p>Lamenta que \u00abmientras la guerra s\u00f3lo devasta las comunidades y el medio ambiente, sin ofrecer soluciones a los conflictos, la diplomacia y las organizaciones internacionales necesitan nueva vida y credibilidad\u00bb.<\/p>\n<p>Y asegura que \u00ablas religiones, adem\u00e1s, pueden aprovechar la espiritualidad de los pueblos para reavivar el deseo de fraternidad y de justicia , la esperanza de paz\u00bb y que \u00abtodo esto requiere compromiso, trabajo, silencio, palabras\u00bb.<\/p>\n<p>A pesar de su hospitalizaci\u00f3n desde hace 33 d\u00edas, el papa contin\u00faa trabajando y mostrando se\u00f1ales de atenci\u00f3n a lo que ocurre en el mundo como en esta carta.\u00a0En el hospital, Francisco ha trabajado cuando ha podido, mientras alternaba el descanso con la oraci\u00f3n.<\/p>\n<p><span data-slot-id=\"Article_InContent-1\" class=\"rich-text-ad\"\/><\/p>\n<h2>Lenta y gradual mejor\u00eda <\/h2>\n<p>Seg\u00fan las \u00faltimas informaciones, los m\u00e9dicos han constatado \u00ableves mejor\u00edas\u00bb con la fisioterapia respiratoria y motora y su situaci\u00f3n sigue siendo \u00abestable\u00bb. Despu\u00e9s de una larga fase cr\u00edtica y m\u00faltiples crisis respiratorias, el estado de salud de Francisco mejor\u00f3 y se mantiene estable, aunque permanecer\u00e1 hospitalizado por un tiempo que el Vaticano no precis\u00f3.<\/p>\n<p>No obstante, se sigue especulando con la posibilidad de que abandone el cargo debido a su fragilidad, siguiendo los pasos de su predecesor, Benedicto XVI.\u00a0El Secretario de Estado, Pietro Parolin, n\u00famero dos del Vaticano, afirm\u00f3 el lunes por la noche que en ning\u00fan momento plante\u00f3 la cuesti\u00f3n de una posible renuncia del papa a su cargo cuando lo visit\u00f3 en el hospital:\u00a0\u00a0\u00abNo, no, no, en absoluto\u00bb,\u00a0respondi\u00f3 rotundamente Paoin a esta pregunta.<\/p>\n<p>La Santa Sede public\u00f3 en la tarde del domingola primera foto del pont\u00edfice argentino en el hospital, mientras concelebraba una misa en la capilla del apartamento privado de los papas en la d\u00e9cima planta del hospital Gemelli.\u00a0Francisco, de 88 a\u00f1os, est\u00e1 ingresado desde el 14 de febrero en la cl\u00ednica\u00a0Gemelli a causa de una neumon\u00eda bilateral y, aunque ha pasado por cuatro crisis dif\u00edciles, en las \u00faltimas semanas ha experimentado una lenta y gradual mejor\u00eda, saliendo del \u00abpeligro inminente\u00bb.<\/p>\n<p>RML (EFE, AFP)<\/p>\n<\/div>\n\n","protected":false},"excerpt":{"rendered":"<p>El papa Francisco pide \u00abdesarmar las palabras, desarmar las mentes y desarmar la Tierra\u00bb, en una carta escrita en la habitaci\u00f3n en que se encuentra hospitalizado en Roma desde hace m\u00e1s de cuatro semanas por una neumon\u00eda. En la misiva, publicada este martes 18 de marzo de 2025 en el peri\u00f3dico italiano Corriere della SeraFrancisco &hellip;<\/p>\n","protected":false},"author":1,"featured_media":19165,"comment_status":"open","ping_status":"open","sticky":false,"template":"","format":"standard","meta":{"fifu_image_url":"https:\/\/static.dw.com\/image\/71882809_6.jpg","fifu_image_alt":"","footnotes":""},"categories":[13],"tags":[],"class_list":["post-19163","post","type-post","status-publish","format-standard","has-post-thumbnail","","category-mundo"],"_links":{"self":[{"href":"https:\/\/noticiasveraces.com\/index.php?rest_route=\/wp\/v2\/posts\/19163","targetHints":{"allow":["GET"]}}],"collection":[{"href":"https:\/\/noticiasveraces.com\/index.php?rest_route=\/wp\/v2\/posts"}],"about":[{"href":"https:\/\/noticiasveraces.com\/index.php?rest_route=\/wp\/v2\/types\/post"}],"author":[{"embeddable":true,"href":"https:\/\/noticiasveraces.com\/index.php?rest_route=\/wp\/v2\/users\/1"}],"replies":[{"embeddable":true,"href":"https:\/\/noticiasveraces.com\/index.php?rest_route=%2Fwp%2Fv2%2Fcomments&post=19163"}],"version-history":[{"count":0,"href":"https:\/\/noticiasveraces.com\/index.php?rest_route=\/wp\/v2\/posts\/19163\/revisions"}],"wp:featuredmedia":[{"embeddable":true,"href":"https:\/\/noticiasveraces.com\/index.php?rest_route=\/wp\/v2\/media\/19165"}],"wp:attachment":[{"href":"https:\/\/noticiasveraces.com\/index.php?rest_route=%2Fwp%2Fv2%2Fmedia&parent=19163"}],"wp:term":[{"taxonomy":"category","embeddable":true,"href":"https:\/\/noticiasveraces.com\/index.php?rest_route=%2Fwp%2Fv2%2Fcategories&post=19163"},{"taxonomy":"post_tag","embeddable":true,"href":"https:\/\/noticiasveraces.com\/index.php?rest_route=%2Fwp%2Fv2%2Ftags&post=19163"}],"curies":[{"name":"wp","href":"https:\/\/api.w.org\/{rel}","templated":true}]}}